{"id":27117,"date":"2020-04-24T13:41:07","date_gmt":"2020-04-24T16:41:07","guid":{"rendered":"https:\/\/www.paranapraia.com.br\/?p=27117"},"modified":"2020-04-24T13:41:10","modified_gmt":"2020-04-24T16:41:10","slug":"e-o-comeco-do-fim-do-mandato-de-bolsonaro-diz-lider-da-bancada-da-bala","status":"publish","type":"post","link":"https:\/\/www.paranapraia.com.br\/index.php\/2020\/04\/24\/e-o-comeco-do-fim-do-mandato-de-bolsonaro-diz-lider-da-bancada-da-bala\/","title":{"rendered":"&#8216;\u00c9 o come\u00e7o do fim do mandato de Bolsonaro&#8217;, diz l\u00edder da bancada da bala"},"content":{"rendered":"\n<p>O presidente da Frente Parlamentar da Seguran\u00e7a P\u00fablica na C\u00e2mara, deputado Capit\u00e3o Augusto (PL-SP), disse ter sido surpreendido com as denuncias feitas por Sergio Moro, ao ex-juiz anunciar sua sa\u00edda do Minist\u00e9rio da Justi\u00e7a e Seguran\u00e7a P\u00fablica, na manh\u00e3 desta sexta-feira.<\/p>\n\n\n\n<p>&#8220;Voc\u00ea v\u00ea que tudo o que foi pregado e trabalhado durante as elei\u00e7\u00f5es foi em v\u00e3o e, agora, Bolsonaro se prestar a isso \u00e9 algo decepcionante. Ele vai ter s\u00e9rios problemas dentro do Congresso. \u00c9 o come\u00e7o do fim do mandato dele, infelizmente&#8221;, disse Augusto. Para ele, deputados da bancada que fazem parte da base de Bolsonaro devem desembarcar do governo juntamente com Moro.<\/p>\n\n\n\n<p>&#8220;\u00c9 um luto total. A morte da esperan\u00e7a. Nem na \u00e9poca do PT t\u00ednhamos isso a\u00ed, n\u00e3o achava que as coisas eram t\u00e3o mais graves ainda. Estou com o sentimento do dia 1\u00ba de maio de 1994, morte do Ayrton Senna&#8221;, comentou.<\/p>\n\n\n\n<p>Augusto vai se reunir com a bancada, com 257 parlamentares, para definir quais provid\u00eancias ser\u00e3o tomadas pela frente. Para ele, as den\u00fancias de Moro s\u00e3o &#8220;grav\u00edssimas&#8221;. Uma das possibilidades seria um pedido de abertura de Comiss\u00e3o Parlamentar de Inqu\u00e9rito, por exemplo, para apurar interfer\u00eancias pol\u00edticas no funcionamento da Pol\u00edcia Federal.<\/p>\n\n\n\n<p>Ao anunciar a sa\u00edda do cargo, Moro acusou o presidente Jair Bolsonaro de tentar interferir politicamente no comando da Pol\u00edcia Federal para obter acesso a informa\u00e7\u00f5es sigilosas e relat\u00f3rios de intelig\u00eancia. &#8220;O presidente me quer fora do cargo&#8221;, disse Moro, ao deixar claro que a sa\u00edda foi motivada por decis\u00e3o de Bolsonaro.<\/p>\n\n\n\n<p>Estadao<br><\/p>\n","protected":false},"excerpt":{"rendered":"<p>O presidente da Frente Parlamentar da Seguran\u00e7a P\u00fablica na C\u00e2mara, deputado Capit\u00e3o Augusto (PL-SP), disse ter sido surpreendido com as denuncias feitas por Sergio Moro, ao ex-juiz anunciar sua sa\u00edda do Minist\u00e9rio da Justi\u00e7a e Seguran\u00e7a P\u00fablica, na manh\u00e3 desta sexta-feira. &#8220;Voc\u00ea v\u00ea que tudo o que foi pregado e trabalhado durante as elei\u00e7\u00f5es foi [&hellip;]<\/p>\n","protected":false},"author":2,"featured_media":27118,"comment_status":"open","ping_status":"open","sticky":false,"template":"","format":"standard","meta":{"advanced_seo_description":"","jetpack_seo_html_title":"","jetpack_seo_noindex":false,"_jetpack_memberships_contains_paid_content":false,"footnotes":""},"categories":[40],"tags":[],"class_list":{"0":"post-27117","1":"post","2":"type-post","3":"status-publish","4":"format-standard","5":"has-post-thumbnail","7":"category-destaques"},"jetpack_featured_media_url":"https:\/\/www.paranapraia.com.br\/wp-content\/uploads\/2020\/04\/64-1.jpg","jetpack_sharing_enabled":true,"_links":{"self":[{"href":"https:\/\/www.paranapraia.com.br\/index.php\/wp-json\/wp\/v2\/posts\/27117"}],"collection":[{"href":"https:\/\/www.paranapraia.com.br\/index.php\/wp-json\/wp\/v2\/posts"}],"about":[{"href":"https:\/\/www.paranapraia.com.br\/index.php\/wp-json\/wp\/v2\/types\/post"}],"author":[{"embeddable":true,"href":"https:\/\/www.paranapraia.com.br\/index.php\/wp-json\/wp\/v2\/users\/2"}],"replies":[{"embeddable":true,"href":"https:\/\/www.paranapraia.com.br\/index.php\/wp-json\/wp\/v2\/comments?post=27117"}],"version-history":[{"count":1,"href":"https:\/\/www.paranapraia.com.br\/index.php\/wp-json\/wp\/v2\/posts\/27117\/revisions"}],"predecessor-version":[{"id":27119,"href":"https:\/\/www.paranapraia.com.br\/index.php\/wp-json\/wp\/v2\/posts\/27117\/revisions\/27119"}],"wp:featuredmedia":[{"embeddable":true,"href":"https:\/\/www.paranapraia.com.br\/index.php\/wp-json\/wp\/v2\/media\/27118"}],"wp:attachment":[{"href":"https:\/\/www.paranapraia.com.br\/index.php\/wp-json\/wp\/v2\/media?parent=27117"}],"wp:term":[{"taxonomy":"category","embeddable":true,"href":"https:\/\/www.paranapraia.com.br\/index.php\/wp-json\/wp\/v2\/categories?post=27117"},{"taxonomy":"post_tag","embeddable":true,"href":"https:\/\/www.paranapraia.com.br\/index.php\/wp-json\/wp\/v2\/tags?post=27117"}],"curies":[{"name":"wp","href":"https:\/\/api.w.org\/{rel}","templated":true}]}}