{"id":27114,"date":"2020-04-24T13:37:06","date_gmt":"2020-04-24T16:37:06","guid":{"rendered":"https:\/\/www.paranapraia.com.br\/?p=27114"},"modified":"2020-04-24T13:37:10","modified_gmt":"2020-04-24T16:37:10","slug":"ex-juiz-sergio-moro-anuncia-demissao-do-ministerio-da-justica-e-deixa-o-governo-bolsonaro","status":"publish","type":"post","link":"https:\/\/www.paranapraia.com.br\/index.php\/2020\/04\/24\/ex-juiz-sergio-moro-anuncia-demissao-do-ministerio-da-justica-e-deixa-o-governo-bolsonaro\/","title":{"rendered":"Ex-juiz Sergio Moro anuncia demiss\u00e3o do Minist\u00e9rio da Justi\u00e7a e deixa o governo Bolsonaro"},"content":{"rendered":"\n<h4 class=\"wp-block-heading\">Ex-juiz respons\u00e1vel pelos processos da Opera\u00e7\u00e3o Lava Jato em Curitiba, ele deixou a fun\u00e7\u00e3o em novembro de 2018 para assumir como ministro da Justi\u00e7a. Ele \u00e9 o nono ministro a sair do governo.<\/h4>\n\n\n\n<p>O ministro da Justi\u00e7a e Seguran\u00e7a P\u00fablica,\u00a0Sergio Moro, anunciou a demiss\u00e3o nesta sexta-feira (24). O ex-juiz federal deixa a pasta ap\u00f3s um ano e quatro meses no primeiro escal\u00e3o do governo do presidente\u00a0Jair Bolsonaro.<\/p>\n\n\n\n<p>A demiss\u00e3o foi motivada pela decis\u00e3o de Bolsonaro de trocar o diretor-geral da\u00a0Pol\u00edcia Federal, Maur\u00edcio Valeixo, indicado para o posto pelo agora ex-ministro. A Pol\u00edcia Federal \u00e9 vinculada \u00e0 pasta da Justi\u00e7a.<\/p>\n\n\n\n<h2 class=\"wp-block-heading\">Resumo<\/h2>\n\n\n\n<p>Em resumo, Moro afirmou no pronunciamento que:<\/p>\n\n\n\n<ul class=\"wp-block-list\"><li>foi surpreendido pela publica\u00e7\u00e3o no &#8220;Di\u00e1rio Oficial&#8221; da demiss\u00e3o do diretor-geral da Pol\u00edcia Federal;<\/li><li>que o presidente Jair Bolsonaro n\u00e3o apresentou um motivo espec\u00edfico para demitir Mauricio Valeixo;<\/li><li>que a demiss\u00e3o de Valeixo n\u00e3o foi feita &#8220;a pedido&#8221;, conforme publicou o &#8220;Di\u00e1rio Oficial&#8221; e nem ele, Moro, assinou a demiss\u00e3o, embora o nome do ent\u00e3o ministro apare\u00e7a na publica\u00e7\u00e3o;<\/li><li>que Bolsonaro admitiu que a mudan\u00e7a \u00e9 uma interfer\u00eancia pol\u00edtica porque pretende ter na PF algu\u00e9m que lhe d\u00ea informa\u00e7\u00f5es sobre investiga\u00e7\u00f5es e inqu\u00e9ritos em andamento no Supremo Tribunal Federal; para Moro, isso n\u00e3o \u00e9 atribui\u00e7\u00e3o da PF;<\/li><li>que ao assumir o posto de ministro, depois de deixar 22 anos de magistratura, Bolsonaro havia prometido &#8220;carta-branca&#8221; para escolher e nomear auxiliares.<\/li><\/ul>\n\n\n\n<h2 class=\"wp-block-heading\">Sem motivo<\/h2>\n\n\n\n<p>Ao anunciar a demiss\u00e3o, em pronunciamento na manh\u00e3 desta sexta-feira no Minist\u00e9rio da Justi\u00e7a, Moro afirmou que disse para Bolsonaro que n\u00e3o se opunha \u00e0 troca de comando na PF, desde que o presidente lhe apresentasse uma raz\u00e3o para isso.<\/p>\n\n\n\n<p>&#8220;Presidente, eu n\u00e3o tenho nenhum problema em troca do diretor, mas eu preciso de uma causa, [como, por exemplo], um erro grave&#8221;, disse Moro.<\/p>\n\n\n\n<p>Moro disse ainda que o problema n\u00e3o \u00e9 a troca em si, mas o motivo pelo qual Bolsonaro tomou a atitude. Segundo o agora ex-ministro, Bolsonaro quer &#8220;colher&#8221; informa\u00e7\u00f5es dentro da PF, como relat\u00f3rios de intelig\u00eancia.<\/p>\n\n\n\n<blockquote class=\"wp-block-quote is-layout-flow wp-block-quote-is-layout-flow\"><p>&#8220;O presidente me disse mais de uma vez, expressamente, que ele queria ter uma pessoa do contato pessoal dele, que ele pudesse ligar, que ele pudesse colher informa\u00e7\u00f5es, que ele pudesse colher relat\u00f3rios de intelig\u00eancia, seja diretor, seja superintendente. E realmente n\u00e3o \u00e9 o papel da Pol\u00edcia Federal prestar esse tipo de informa\u00e7\u00e3o&#8221;, declarou.<\/p><\/blockquote>\n\n\n\n<p>Moro fez uma compara\u00e7\u00e3o da situa\u00e7\u00e3o com o per\u00edodo em que conduziu os processos da Opera\u00e7\u00e3o Lava Jato como juiz:<\/p>\n\n\n\n<blockquote class=\"wp-block-quote is-layout-flow wp-block-quote-is-layout-flow\"><p>&#8220;Imaginem se durante a pr\u00f3pria Lava Jato, ministro, diretor-geral, presidente, a ent\u00e3o presidente Dilma, o ex-presidente, ficassem ligando para o superintendente em Curitiba para colher informa\u00e7\u00f5es sobre as investiga\u00e7\u00f5es em andamento?&#8221;, questionou.<\/p><\/blockquote>\n\n\n\n<p>Segundo Sergio Moro, a autonomia da Pol\u00edcia Federal &#8220;\u00e9 um valor fundamental que temos que preservar dentro de um estado de direito\u201d.<\/p>\n\n\n\n<p>De acordo com o relato de Moro, ele disse a Bolsonaro que a troca de comando na PF seria uma interfer\u00eancia pol\u00edtica na corpora\u00e7\u00e3o. O agora ex-ministro afirmou que o presidente admitiu isso.<\/p>\n\n\n\n<blockquote class=\"wp-block-quote is-layout-flow wp-block-quote-is-layout-flow\"><p>&#8220;Falei para o presidente que seria uma interfer\u00eancia pol\u00edtica. Ele disse que seria mesmo&#8221;, revelou Moro.<\/p><\/blockquote>\n\n\n\n<p>Moro contou que Bolsonaro vem tentando trocar o comando da PF desde o ano passado.<\/p>\n\n\n\n<p>&#8220;A partir do segundo semestre [de 2019] passou a haver uma insist\u00eancia do presidente na troca do comando da PF.&#8221;<\/p>\n\n\n\n<p>Moro afirmou que sai do minist\u00e9rio para preservar a pr\u00f3pria biografia e para n\u00e3o contradizer o compromisso que assumiu com Bolsonaro: de que o governo seria firme no combate \u00e0 corrup\u00e7\u00e3o.<\/p>\n\n\n\n<p>&#8220;Tenho que preservar minha biografia, mas acima de tudo tenho que preservar o compromisso com o presidente de que ser\u00edamos firmes no combate \u00e0 corrup\u00e7\u00e3o, a autonomia da PF contra interfer\u00eancias pol\u00edticas&#8221;, declarou.<\/p>\n\n\n\n<p>G1<\/p>\n","protected":false},"excerpt":{"rendered":"<p>Ex-juiz respons\u00e1vel pelos processos da Opera\u00e7\u00e3o Lava Jato em Curitiba, ele deixou a fun\u00e7\u00e3o em novembro de 2018 para assumir como ministro da Justi\u00e7a. Ele \u00e9 o nono ministro a sair do governo. O ministro da Justi\u00e7a e Seguran\u00e7a P\u00fablica,\u00a0Sergio Moro, anunciou a demiss\u00e3o nesta sexta-feira (24). O ex-juiz federal deixa a pasta ap\u00f3s um [&hellip;]<\/p>\n","protected":false},"author":2,"featured_media":27115,"comment_status":"open","ping_status":"open","sticky":false,"template":"","format":"standard","meta":{"advanced_seo_description":"","jetpack_seo_html_title":"","jetpack_seo_noindex":false,"_jetpack_memberships_contains_paid_content":false,"footnotes":""},"categories":[40],"tags":[],"class_list":{"0":"post-27114","1":"post","2":"type-post","3":"status-publish","4":"format-standard","5":"has-post-thumbnail","7":"category-destaques"},"jetpack_featured_media_url":"https:\/\/www.paranapraia.com.br\/wp-content\/uploads\/2020\/04\/Moro-e-Bolsonaro-550x367-1.jpg","jetpack_sharing_enabled":true,"_links":{"self":[{"href":"https:\/\/www.paranapraia.com.br\/index.php\/wp-json\/wp\/v2\/posts\/27114"}],"collection":[{"href":"https:\/\/www.paranapraia.com.br\/index.php\/wp-json\/wp\/v2\/posts"}],"about":[{"href":"https:\/\/www.paranapraia.com.br\/index.php\/wp-json\/wp\/v2\/types\/post"}],"author":[{"embeddable":true,"href":"https:\/\/www.paranapraia.com.br\/index.php\/wp-json\/wp\/v2\/users\/2"}],"replies":[{"embeddable":true,"href":"https:\/\/www.paranapraia.com.br\/index.php\/wp-json\/wp\/v2\/comments?post=27114"}],"version-history":[{"count":1,"href":"https:\/\/www.paranapraia.com.br\/index.php\/wp-json\/wp\/v2\/posts\/27114\/revisions"}],"predecessor-version":[{"id":27116,"href":"https:\/\/www.paranapraia.com.br\/index.php\/wp-json\/wp\/v2\/posts\/27114\/revisions\/27116"}],"wp:featuredmedia":[{"embeddable":true,"href":"https:\/\/www.paranapraia.com.br\/index.php\/wp-json\/wp\/v2\/media\/27115"}],"wp:attachment":[{"href":"https:\/\/www.paranapraia.com.br\/index.php\/wp-json\/wp\/v2\/media?parent=27114"}],"wp:term":[{"taxonomy":"category","embeddable":true,"href":"https:\/\/www.paranapraia.com.br\/index.php\/wp-json\/wp\/v2\/categories?post=27114"},{"taxonomy":"post_tag","embeddable":true,"href":"https:\/\/www.paranapraia.com.br\/index.php\/wp-json\/wp\/v2\/tags?post=27114"}],"curies":[{"name":"wp","href":"https:\/\/api.w.org\/{rel}","templated":true}]}}