{"id":27108,"date":"2020-04-24T13:28:28","date_gmt":"2020-04-24T16:28:28","guid":{"rendered":"https:\/\/www.paranapraia.com.br\/?p=27108"},"modified":"2020-04-24T13:28:33","modified_gmt":"2020-04-24T16:28:33","slug":"parana-tem-63-funcionarios-de-hospitais-geridos-pelo-estado-afastados-por-causa-da-covid-19","status":"publish","type":"post","link":"https:\/\/www.paranapraia.com.br\/index.php\/2020\/04\/24\/parana-tem-63-funcionarios-de-hospitais-geridos-pelo-estado-afastados-por-causa-da-covid-19\/","title":{"rendered":"Paran\u00e1 tem 63 funcion\u00e1rios de hospitais geridos pelo estado afastados por causa da Covid-19"},"content":{"rendered":"\n<h4 class=\"wp-block-heading\">At\u00e9 17 de abril, dez servidores foram diagnosticados com coronav\u00edrus, segundo levantamento mais recente da Secretaria Estadual da Sa\u00fade. Outros 53 aguardavam resultado em isolamento.<\/h4>\n\n\n\n<p>O novo coronav\u00edrus fez com que 63 funcion\u00e1rios que trabalham em hospitais p\u00fablicos administrados pelo Governo do Paran\u00e1 fossem afastados das atividades, segundo levantamento da Secretaria Estadual da Sa\u00fade (Sesa) feito a pedido do\u00a0G1.<\/p>\n\n\n\n<p>Entre 12 de mar\u00e7o e 17 de abril, per\u00edodo considerado pelo levantamento mais recente, dez servidores haviam testado positivo para a Covid-19. Outros 53 trabalhadores aguardavam o resultado de exames laboratoriais em isolamento.<\/p>\n\n\n\n<p>O Paran\u00e1 contabiliza\u00a01.082 casos confirmados do novo coronav\u00edrus, segundo boletim da secretaria desta quinta-feira (23). Em todo o estado, 60 pessoas morreram por conta da Covid-19.<\/p>\n\n\n\n<p>De acordo com a Sesa, os dados refletem a realidade de 21 institui\u00e7\u00f5es, entre hospitais regionais e universit\u00e1rios.<\/p>\n\n\n\n<p>Um primeiro levantamento feito pela secretaria no dia 7 de abril apontou que, at\u00e9 ent\u00e3o, eram oito profissionais afastados, sendo dois casos confirmados e seis suspeitos.&nbsp;<strong>Veja no gr\u00e1fico abaixo.<\/strong>Profissionais afastados por causa da Covid-19At\u00e9 o dia 17 de abril, Paran\u00e1 tinha 63 funcion\u00e1rios de hospitais p\u00fablicos afastados por conta da doen\u00e7a221010665353Casos confirmadosCasos suspeitos7\/417\/40102030405060Fonte: Secretaria Estadual de Sa\u00fade (Sesa)<\/p>\n\n\n\n<p>Nesta estat\u00edstica est\u00e1 Franciele do Ros\u00e1rio Galdino, 30 anos, que trabalha no setor administrativo do Hospital Regional do Litoral, em Paranagu\u00e1, h\u00e1 10 anos.<\/p>\n\n\n\n<p>A servidora sentiu os sintomas do novo coronav\u00edrus no fim de mar\u00e7o e testou positivo. Por conta disso, outros 30 funcion\u00e1rios que tinham contato com ela precisaram ser testados. Nenhum teve o diagn\u00f3stico confirmado.<\/p>\n\n\n\n<p>Franciele conta que n\u00e3o sabe como pegou a Covid-19, pois estava seguindo as medidas de seguran\u00e7a para evitar o cont\u00e1gio. Ap\u00f3s os primeiros sintomas, ela chegou a ficar dois dias internada.<\/p>\n\n\n\n<p>&#8220;Os dois primeiros dias foram sintomas de como se fosse uma dengue. No terceiro dia come\u00e7ou a falta de ar, tosse e cansa\u00e7o&#8221;, disse.<\/p>\n\n\n\n<p>Depois de receber a alta, a servidora foi para casa onde teve que ficar isolada em um quarto sem poder ver os pais e o filho dela. A comunica\u00e7\u00e3o com a fam\u00edlia s\u00f3 era feita pela porta ou por chamadas de v\u00eddeo no celular.<\/p>\n\n\n\n<blockquote class=\"wp-block-quote is-layout-flow wp-block-quote-is-layout-flow\"><p>&#8220;Foi complicado. Na primeira semana foi mais pela parte dos sintomas, mas depois de alguns dias foi mais pela parte psicol\u00f3gica. Fiquei tentando fazer tudo para ocupar a cabe\u00e7a&#8221;, lembrou.<\/p><\/blockquote>\n\n\n\n<p>A servidora j\u00e1 \u00e9 considerada pela Sesa como recuperada da Covid-19 e p\u00f4de se reencontrar com a fam\u00edlia. No entanto, Franciele ainda aguarda o resultado de outros exames para saber quando poder\u00e1 voltar ao trabalho.<\/p>\n\n\n\n<figure class=\"wp-block-image\"><img decoding=\"async\" src=\"https:\/\/s2.glbimg.com\/PYoy4GcMu7mXucqElcDazLZHBXQ=\/0x0:540x540\/984x0\/smart\/filters:strip_icc()\/i.s3.glbimg.com\/v1\/AUTH_59edd422c0c84a879bd37670ae4f538a\/internal_photos\/bs\/2020\/A\/U\/F6vRIkSTalbbRGH7DU9w\/fran.jpg\" alt=\"Franciele e o filho, de 8 anos \u2014 Foto: Franciele Galdino\/Arquivo Pessoal\"\/><\/figure>\n\n\n\n<p>Franciele e o filho, de 8 anos \u2014 Foto: Franciele Galdino\/Arquivo Pessoal<\/p>\n\n\n\n<h2 class=\"wp-block-heading\"><strong>Protocolo<\/strong><\/h2>\n\n\n\n<p>A Sesa informou que est\u00e1 testando e afastando todos os profissionais que apresentam s\u00edndrome gripal. Os trabalhadores precisam ficar em isolamento domiciliar.<\/p>\n\n\n\n<p>Os resultados dos exames saem em at\u00e9 72 horas. Caso o diagn\u00f3stico seja descartado, uma an\u00e1lise cl\u00ednica \u00e9 feita para que o profissional possa retornar ao trabalho.<\/p>\n\n\n\n<p>Em caso de confirma\u00e7\u00e3o, o trabalhador s\u00f3 pode retornar quando for considerado recuperado e passar pela an\u00e1lise cl\u00ednica.<\/p>\n\n\n\n<p>A secretaria considera recuperado o paciente que testou positivo para a Covid-19 e est\u00e1 assintom\u00e1tico ap\u00f3s 14 dias dos primeiros sintomas da doen\u00e7a. No estado, 564 pessoas que tiveram coronav\u00edrus est\u00e3o recuperadas.<\/p>\n\n\n\n<figure class=\"wp-block-image\"><img decoding=\"async\" src=\"https:\/\/s2.glbimg.com\/n5ZEglXJsuUCdz1G4udKJYhpX-E=\/0x0:890x593\/984x0\/smart\/filters:strip_icc()\/i.s3.glbimg.com\/v1\/AUTH_59edd422c0c84a879bd37670ae4f538a\/internal_photos\/bs\/2020\/x\/G\/9TA7IFRVS877kvgbGnMQ\/detran.jpg\" alt=\"Profissionais aplaudem paciente da Covid-19 que recebeu alta ap\u00f3s dias na UTI \u2014 Foto: Detran\/AEN\"\/><\/figure>\n\n\n\n<p>Profissionais aplaudem paciente da Covid-19 que recebeu alta ap\u00f3s dias na UTI \u2014 Foto: Detran\/AEN<\/p>\n\n\n\n<h2 class=\"wp-block-heading\">Enfermeiros e t\u00e9cnicos<\/h2>\n\n\n\n<p>O Conselho Regional de Enfermagem do Paran\u00e1 (Coren-PR) tamb\u00e9m divulgou dados sobre enfermeiros e t\u00e9cnicos paranaenses afastados por causa do novo coronav\u00edrus. At\u00e9 quinta-feira (23) o \u00f3rg\u00e3o registrava:<\/p>\n\n\n\n<ul class=\"wp-block-list\"><li>19 profissionais com suspeita em quarentena<\/li><li>Um profissional internado com suspeita da Covid-19<\/li><li>Seis profissionais com casos confirmados<\/li><\/ul>\n\n\n\n<p>A presidente do Coren-PR, Simone Peruzzo, disse que o n\u00famero \u00e9 pequeno, mas que acredita que h\u00e1 subnotifica\u00e7\u00e3o de casos de profissionais de enfermagem.<\/p>\n\n\n\n<p>&#8220;Tenho tido problemas de hospitais que n\u00e3o querem passar esse relat\u00f3rio. Ent\u00e3o, dif\u00edcil. Todo o cuidado na notifica\u00e7\u00e3o dos trabalhadores de sa\u00fade \u00e9 estrat\u00e9gico. Esconder dados, isso n\u00e3o pode acontecer&#8221;, disse.<\/p>\n\n\n\n<p>Segundo a presidente, estudos apontam que parte das contamina\u00e7\u00f5es acontecem no momento em que os profissionais retiram os equipamentos de prote\u00e7\u00e3o individual. Para diminuir os riscos, o conselho prepara cursos de qualifica\u00e7\u00e3o.<\/p>\n\n\n\n<p>Desde o in\u00edcio da pandemia, o Coren-PR registrou 157 den\u00fancias de profissionais de enfermagem, que est\u00e3o sendo apuradas.<\/p>\n\n\n\n<p>De acordo com a presidente, as den\u00fancias variam desde o receio da falta de equipamentos, at\u00e9 situa\u00e7\u00f5es de ass\u00e9dio moral.<\/p>\n\n\n\n<blockquote class=\"wp-block-quote is-layout-flow wp-block-quote-is-layout-flow\"><p>&#8220;Essas defici\u00eancias n\u00e3o s\u00e3o de hoje, a pandemia s\u00f3 colocou na vitrine a defici\u00eancia que os profissionais da sa\u00fade viveram a vida inteira. Sempre houve falta de UTI, sempre faltou respirador&#8221;, afirmou.<\/p><\/blockquote>\n\n\n\n<p>Para contribuir, o Coren-PR est\u00e1 disponibilizando atendimento psicol\u00f3gico para os trabalhadores j\u00e1 que, al\u00e9m da press\u00e3o, muitos profissionais t\u00eam medo de ter a doen\u00e7a, ou de levar o v\u00edrus para as pr\u00f3prias fam\u00edlias.<\/p>\n\n\n\n<figure class=\"wp-block-image\"><img decoding=\"async\" src=\"https:\/\/s2.glbimg.com\/ncTRU9RExPrp_LzBt1eQZQekMlI=\/0x0:890x593\/984x0\/smart\/filters:strip_icc()\/i.s3.glbimg.com\/v1\/AUTH_59edd422c0c84a879bd37670ae4f538a\/internal_photos\/bs\/2020\/6\/h\/ptTODtRU6Fqh5BgM9Bkg\/aridias-aen.jpg\" alt=\"Leitos reservados para coronav\u00edrus em hospital do Paran\u00e1 \u2014 Foto: Ari Dias\/AEN\"\/><\/figure>\n\n\n\n<p>Leitos reservados para coronav\u00edrus em hospital do Paran\u00e1 \u2014 Foto: Ari Dias\/AEN<\/p>\n\n\n\n<h2 class=\"wp-block-heading\">Achatar a curva<\/h2>\n\n\n\n<p>O respons\u00e1vel pelo departamento de fiscaliza\u00e7\u00e3o do Conselho Regional de Medicina do Paran\u00e1 (CRM-PR), Carlos Naufel, acredita que a situa\u00e7\u00e3o do Paran\u00e1 em rela\u00e7\u00e3o ao coronav\u00edrus \u00e9 mais confort\u00e1vel que em outros estados.<\/p>\n\n\n\n<p>O m\u00e9dico disse que, no come\u00e7o da pandemia, o CRM se preocupou com a seguran\u00e7a dos profissionais, com a disponibilidade e uso correto dos equipamentos de prote\u00e7\u00e3o individual (EPIs).<\/p>\n\n\n\n<p>&#8220;Neste primeiro momento a gente ficou bem confort\u00e1vel quanto aos fluxos de atendimento e disponibilidade de EPIs, mas ficamos preocupados quanto ao uso racional&#8221;, disse.<\/p>\n\n\n\n<p>Naufel diz que uma das falhas no atendimento, n\u00e3o s\u00f3 no estado, mas no Brasil, encontra-se na falta de disponibilidade de testes para a Covid-19, o que gera a subnotifica\u00e7\u00e3o. Mesmo assim, o m\u00e9dico acredita que o Paran\u00e1 conseguiu achatar a curva de contamina\u00e7\u00e3o.<\/p>\n\n\n\n<blockquote class=\"wp-block-quote is-layout-flow wp-block-quote-is-layout-flow\"><p>&#8220;A subnotifica\u00e7\u00e3o n\u00e3o \u00e9 t\u00e3o importante porque existe uma rela\u00e7\u00e3o proporcional entre casos e \u00f3bitos. Como a gente tem poucos casos graves, as UTIs t\u00eam poucos pacientes. Ent\u00e3o, significa que temos poucos casos leves tamb\u00e9m, proporcionalmente&#8221;, explicou.<\/p><\/blockquote>\n\n\n\n<p>G1PR<\/p>\n","protected":false},"excerpt":{"rendered":"<p>At\u00e9 17 de abril, dez servidores foram diagnosticados com coronav\u00edrus, segundo levantamento mais recente da Secretaria Estadual da Sa\u00fade. Outros 53 aguardavam resultado em isolamento. O novo coronav\u00edrus fez com que 63 funcion\u00e1rios que trabalham em hospitais p\u00fablicos administrados pelo Governo do Paran\u00e1 fossem afastados das atividades, segundo levantamento da Secretaria Estadual da Sa\u00fade (Sesa) [&hellip;]<\/p>\n","protected":false},"author":2,"featured_media":27112,"comment_status":"open","ping_status":"open","sticky":false,"template":"","format":"standard","meta":{"advanced_seo_description":"","jetpack_seo_html_title":"","jetpack_seo_noindex":false,"_jetpack_memberships_contains_paid_content":false,"footnotes":""},"categories":[40],"tags":[],"class_list":{"0":"post-27108","1":"post","2":"type-post","3":"status-publish","4":"format-standard","5":"has-post-thumbnail","7":"category-destaques"},"jetpack_featured_media_url":"https:\/\/www.paranapraia.com.br\/wp-content\/uploads\/2020\/04\/aen-josefernandoogura.jpg","jetpack_sharing_enabled":true,"_links":{"self":[{"href":"https:\/\/www.paranapraia.com.br\/index.php\/wp-json\/wp\/v2\/posts\/27108"}],"collection":[{"href":"https:\/\/www.paranapraia.com.br\/index.php\/wp-json\/wp\/v2\/posts"}],"about":[{"href":"https:\/\/www.paranapraia.com.br\/index.php\/wp-json\/wp\/v2\/types\/post"}],"author":[{"embeddable":true,"href":"https:\/\/www.paranapraia.com.br\/index.php\/wp-json\/wp\/v2\/users\/2"}],"replies":[{"embeddable":true,"href":"https:\/\/www.paranapraia.com.br\/index.php\/wp-json\/wp\/v2\/comments?post=27108"}],"version-history":[{"count":1,"href":"https:\/\/www.paranapraia.com.br\/index.php\/wp-json\/wp\/v2\/posts\/27108\/revisions"}],"predecessor-version":[{"id":27113,"href":"https:\/\/www.paranapraia.com.br\/index.php\/wp-json\/wp\/v2\/posts\/27108\/revisions\/27113"}],"wp:featuredmedia":[{"embeddable":true,"href":"https:\/\/www.paranapraia.com.br\/index.php\/wp-json\/wp\/v2\/media\/27112"}],"wp:attachment":[{"href":"https:\/\/www.paranapraia.com.br\/index.php\/wp-json\/wp\/v2\/media?parent=27108"}],"wp:term":[{"taxonomy":"category","embeddable":true,"href":"https:\/\/www.paranapraia.com.br\/index.php\/wp-json\/wp\/v2\/categories?post=27108"},{"taxonomy":"post_tag","embeddable":true,"href":"https:\/\/www.paranapraia.com.br\/index.php\/wp-json\/wp\/v2\/tags?post=27108"}],"curies":[{"name":"wp","href":"https:\/\/api.w.org\/{rel}","templated":true}]}}