{"id":27105,"date":"2020-04-24T13:24:26","date_gmt":"2020-04-24T16:24:26","guid":{"rendered":"https:\/\/www.paranapraia.com.br\/?p=27105"},"modified":"2020-04-24T13:24:29","modified_gmt":"2020-04-24T16:24:29","slug":"ratinho-junior-lamenta-saida-de-sergio-moro-de-ministerio-da-justica-e-seguranca-publica","status":"publish","type":"post","link":"https:\/\/www.paranapraia.com.br\/index.php\/2020\/04\/24\/ratinho-junior-lamenta-saida-de-sergio-moro-de-ministerio-da-justica-e-seguranca-publica\/","title":{"rendered":"Ratinho Junior lamenta sa\u00edda de Sergio Moro de Minist\u00e9rio da Justi\u00e7a e Seguran\u00e7a P\u00fablica"},"content":{"rendered":"\n<h4 class=\"wp-block-heading\">Segundo governador, ex-juiz \u00e9 &#8216;o maior paranaense da hist\u00f3ria recente&#8217;. Moro deixou governo federal ap\u00f3s demiss\u00e3o de diretor-geral da Pol\u00edcia Federal.<\/h4>\n\n\n\n<p>O governador do Paran\u00e1, Ratinho Junior (PSD), lamentou&nbsp;<a href=\"https:\/\/g1.globo.com\/politica\/noticia\/2020\/04\/24\/moro-anuncia-demissao-do-ministerio-da-justica-e-deixa-o-governo-bolsonaro.ghtml\">a sa\u00edda do ex-juiz Sergio Moro do Minist\u00e9rio da Justi\u00e7a e Seguran\u00e7a P\u00fablica, anunciada na manh\u00e3 desta quinta-feira (24)<\/a>.<\/p>\n\n\n\n<p>Na manifesta\u00e7\u00e3o publicada nas redes sociais, Ratinho afirmou que Moro \u00e9 &#8220;o maior paranaense da hist\u00f3ria recente, orgulha o nosso Estado e o Brasil&#8221;.<\/p>\n\n\n\n<p>Sergio Moro anunciou que deixa o governo por causa da&nbsp;<a href=\"https:\/\/g1.globo.com\/politica\/noticia\/2020\/04\/24\/bolsonaro-exonera-diretor-geral-da-pf.ghtml\">decis\u00e3o do presidente Jair Bolsonaro de trocar o diretor-geral da Pol\u00edcia Federal, Maur\u00edcio Valeixo<\/a>, indicado para o posto pelo agora ex-ministro. A Pol\u00edcia Federal \u00e9 vinculada \u00e0 pasta da Justi\u00e7a.<\/p>\n\n\n\n<p>Segundo o governador, Moro &#8220;ajudou a combater a corrup\u00e7\u00e3o em nosso pa\u00eds&#8221; como ministro e como juiz.<\/p>\n\n\n\n<p>&#8220;Tenho certeza que ele vai continuar contribuindo com a na\u00e7\u00e3o em outros desafios. O Paran\u00e1 te recebe de bra\u00e7os abertos&#8221;, disse Ratinho Junior.<\/p>\n\n\n\n<h2 class=\"wp-block-heading\">Greca diz que Moro \u00e9 &#8216;reserva moral&#8217;<\/h2>\n\n\n\n<p>O prefeito de Curitiba, Rafael Greca (DEM), tamb\u00e9m se manifestou sobre a sa\u00edda de Moro.<\/p>\n\n\n\n<p>Segundo Greca, Valeixo e Moro s\u00e3o &#8220;reservas morais que o Paran\u00e1 ofereceu ao Brasil&#8221;.<\/p>\n\n\n\n<p>Na postagem que fez nas redes sociais, o prefeito afirmou que &#8220;na forma do detest\u00e1vel e antigo costume pol\u00edtico brasileiro, Moro e Valeixo fizeram o que deviam e Bras\u00edlia fez com eles o que costuma&#8221;.<\/p>\n\n\n\n<p>G1PR<br><\/p>\n","protected":false},"excerpt":{"rendered":"<p>Segundo governador, ex-juiz \u00e9 &#8216;o maior paranaense da hist\u00f3ria recente&#8217;. Moro deixou governo federal ap\u00f3s demiss\u00e3o de diretor-geral da Pol\u00edcia Federal. O governador do Paran\u00e1, Ratinho Junior (PSD), lamentou&nbsp;a sa\u00edda do ex-juiz Sergio Moro do Minist\u00e9rio da Justi\u00e7a e Seguran\u00e7a P\u00fablica, anunciada na manh\u00e3 desta quinta-feira (24). Na manifesta\u00e7\u00e3o publicada nas redes sociais, Ratinho afirmou [&hellip;]<\/p>\n","protected":false},"author":2,"featured_media":27106,"comment_status":"open","ping_status":"open","sticky":false,"template":"","format":"standard","meta":{"advanced_seo_description":"","jetpack_seo_html_title":"","jetpack_seo_noindex":false,"_jetpack_memberships_contains_paid_content":false,"footnotes":""},"categories":[40],"tags":[],"class_list":{"0":"post-27105","1":"post","2":"type-post","3":"status-publish","4":"format-standard","5":"has-post-thumbnail","7":"category-destaques"},"jetpack_featured_media_url":"https:\/\/www.paranapraia.com.br\/wp-content\/uploads\/2020\/04\/ratinho.jpg","jetpack_sharing_enabled":true,"_links":{"self":[{"href":"https:\/\/www.paranapraia.com.br\/index.php\/wp-json\/wp\/v2\/posts\/27105"}],"collection":[{"href":"https:\/\/www.paranapraia.com.br\/index.php\/wp-json\/wp\/v2\/posts"}],"about":[{"href":"https:\/\/www.paranapraia.com.br\/index.php\/wp-json\/wp\/v2\/types\/post"}],"author":[{"embeddable":true,"href":"https:\/\/www.paranapraia.com.br\/index.php\/wp-json\/wp\/v2\/users\/2"}],"replies":[{"embeddable":true,"href":"https:\/\/www.paranapraia.com.br\/index.php\/wp-json\/wp\/v2\/comments?post=27105"}],"version-history":[{"count":1,"href":"https:\/\/www.paranapraia.com.br\/index.php\/wp-json\/wp\/v2\/posts\/27105\/revisions"}],"predecessor-version":[{"id":27107,"href":"https:\/\/www.paranapraia.com.br\/index.php\/wp-json\/wp\/v2\/posts\/27105\/revisions\/27107"}],"wp:featuredmedia":[{"embeddable":true,"href":"https:\/\/www.paranapraia.com.br\/index.php\/wp-json\/wp\/v2\/media\/27106"}],"wp:attachment":[{"href":"https:\/\/www.paranapraia.com.br\/index.php\/wp-json\/wp\/v2\/media?parent=27105"}],"wp:term":[{"taxonomy":"category","embeddable":true,"href":"https:\/\/www.paranapraia.com.br\/index.php\/wp-json\/wp\/v2\/categories?post=27105"},{"taxonomy":"post_tag","embeddable":true,"href":"https:\/\/www.paranapraia.com.br\/index.php\/wp-json\/wp\/v2\/tags?post=27105"}],"curies":[{"name":"wp","href":"https:\/\/api.w.org\/{rel}","templated":true}]}}