{"id":27098,"date":"2020-04-22T17:01:29","date_gmt":"2020-04-22T20:01:29","guid":{"rendered":"https:\/\/www.paranapraia.com.br\/?p=27098"},"modified":"2020-04-22T17:01:33","modified_gmt":"2020-04-22T20:01:33","slug":"casos-de-dengue-sobem-para-1284-mil-no-parana","status":"publish","type":"post","link":"https:\/\/www.paranapraia.com.br\/index.php\/2020\/04\/22\/casos-de-dengue-sobem-para-1284-mil-no-parana\/","title":{"rendered":"Casos de dengue sobem para 128,4 mil no Paran\u00e1"},"content":{"rendered":"\n<p>A Secretaria de Estado da Sa\u00fade segue em alerta para o combate \u00e0 dengue. O boletim divulgado nesta quarta-feira (22) confirma 128.405 casos da doen\u00e7a no Paran\u00e1. Mais seis mortes foram registradas em rela\u00e7\u00e3o \u00e0 semana anterior. Desde o in\u00edcio do monitoramento, em julho de 2019, s\u00e3o 111 mortes causadas pela dengue.<\/p>\n\n\n\n<p>O secret\u00e1rio estadual da Sa\u00fade Beto Preto ressalta a necessidade da elimina\u00e7\u00e3o dos criadouros do mosquito Aedes aegypti, j\u00e1 que 90% dos focos est\u00e3o nos domic\u00edlios, em \u00e1reas internas e externas. Por isso, a participa\u00e7\u00e3o da popula\u00e7\u00e3o neste combate \u00e9 t\u00e3o importante.<\/p>\n\n\n\n<p>De acordo com ele, a dengue n\u00e3o pode ser renegada em fun\u00e7\u00e3o do coronav\u00edrus. Beto Preto destaca que o mosquito transmissor continua se proliferando, as pessoas est\u00e3o se infectando e morrendo, e tudo diante de um quadro que pode ser minimizado com a elimina\u00e7\u00e3o dos focos. \u201cJ\u00e1 comprovamos que a remo\u00e7\u00e3o mec\u00e2nica reduz a taxa de incid\u00eancia. Fizemos este tipo de a\u00e7\u00e3o em mais de 60 munic\u00edpios que apresentaram diminui\u00e7\u00e3o na curva epidemiol\u00f3gica, por isso ressaltamos a import\u00e2ncia da participa\u00e7\u00e3o da popula\u00e7\u00e3o no combate\u201d, disse.<\/p>\n\n\n\n<p><strong>\u00d3BITOS<\/strong>&nbsp;\u2013 Dos seis \u00f3bitos confirmados no boletim desta quarta, dois s\u00e3o de residentes do munic\u00edpio de Camb\u00e9. Um homem de 81 anos sem comorbidade associada, e uma mulher de 71 anos, tamb\u00e9m sem registro de doen\u00e7a cr\u00f4nica associada.<\/p>\n\n\n\n<p>Outras duas mortes foram confirmadas no Norte do Estado. Uma mulher de 63 anos, sem doen\u00e7a pr\u00e9-existente, moradora do munic\u00edpio de Primeiro de Maio, e uma mulher de 68 anos, portadora de hipertens\u00e3o, moradora de Alvorada do Sul.<\/p>\n\n\n\n<p>Outros \u00f3bitos foram de Marechal C\u00e2ndido Rondon, uma mulher de 87 anos, com hipertens\u00e3o e insufici\u00eancia card\u00edaca, e de Rondon, um homem de 57 anos que apresentava hipertens\u00e3o e insufici\u00eancia renal cr\u00f4nica.<\/p>\n\n\n\n<p><strong>DADOS<\/strong>&nbsp;\u2013 O n\u00famero de casos confirmados de dengue aumentou em 11,94% em rela\u00e7\u00e3o ao \u00faltimo boletim. Na semana anterior eram 114.711 mil e agora s\u00e3o 128.405 \u2013 uma diferen\u00e7a de 13.694.<\/p>\n\n\n\n<p>Dados comparativos de abril de 2019 apontam que nesta mesma semana do ano passado Paran\u00e1 tinha 4.308 casos confirmados. \u201cAtribu\u00edmos este grande aumento \u00e0 maior circula\u00e7\u00e3o do sorotipo 2 do v\u00edrus da doen\u00e7a, situa\u00e7\u00e3o que n\u00e3o ocorria desde 2008\u201d, explica a coordenadora de Vigil\u00e2ncia Ambiental da secretaria, Ivana Belmonte<\/p>\n\n\n\n<p>O Estado tem 203 munic\u00edpios em epidemia de dengue. Oito passaram para este patamar nesta semana: P\u00e9rola D\u00b4Oeste, C\u00e9u Azul, Espig\u00e3o Alto do Igua\u00e7u, Mambor\u00ea, Francisco Alves, Ipor\u00e3, Rancho Alegre e Carl\u00f3polis.<\/p>\n\n\n\n<p>Outros 30 munic\u00edpios est\u00e3o em situa\u00e7\u00e3o de alerta, sete deles a partir deste informe: Paranagu\u00e1, Palmital, Cruzeiros do Igua\u00e7u, Boa Vista da Aparecida, Catanduvas, Arapongas e Ortigueira.<\/p>\n\n\n\n<p><strong>CHIKUNGUNYA&nbsp;<\/strong>\u2013 O boletim semanal da secretaria de Estado da Sa\u00fade registra um novo caso de chikungunya no munic\u00edpio de Marialva, na regi\u00e3o Noroeste. Trata-se de uma mulher que esteve em janeiro na Bahia, onde contraiu a doen\u00e7a que tamb\u00e9m \u00e9 transmitida pela picada do mosquito Aedes Aegypti. A paciente est\u00e1 bem e segue com acompanhamento m\u00e9dico.<\/p>\n\n\n\n<p>Agora s\u00e3o cinco casos de chikungunya neste per\u00edodo no Paran\u00e1, todos importados, adquiridos em outros estados.<\/p>\n\n\n\n<p>A zika, outra doen\u00e7a transmitida pelo mesmo mosquito, mant\u00e9m quatro casos confirmados no Estado. Tr\u00eas s\u00e3o aut\u00f3ctones e um caso \u00e9 importado.<\/p>\n\n\n\n<p>AEN<br><\/p>\n","protected":false},"excerpt":{"rendered":"<p>A Secretaria de Estado da Sa\u00fade segue em alerta para o combate \u00e0 dengue. O boletim divulgado nesta quarta-feira (22) confirma 128.405 casos da doen\u00e7a no Paran\u00e1. Mais seis mortes foram registradas em rela\u00e7\u00e3o \u00e0 semana anterior. Desde o in\u00edcio do monitoramento, em julho de 2019, s\u00e3o 111 mortes causadas pela dengue. O secret\u00e1rio estadual [&hellip;]<\/p>\n","protected":false},"author":2,"featured_media":27099,"comment_status":"open","ping_status":"open","sticky":false,"template":"","format":"standard","meta":{"advanced_seo_description":"","jetpack_seo_html_title":"","jetpack_seo_noindex":false,"_jetpack_memberships_contains_paid_content":false,"footnotes":""},"categories":[50],"tags":[],"class_list":{"0":"post-27098","1":"post","2":"type-post","3":"status-publish","4":"format-standard","5":"has-post-thumbnail","7":"category-saude"},"jetpack_featured_media_url":"https:\/\/www.paranapraia.com.br\/wp-content\/uploads\/2020\/04\/normal_informe_dengue.jpg","jetpack_sharing_enabled":true,"_links":{"self":[{"href":"https:\/\/www.paranapraia.com.br\/index.php\/wp-json\/wp\/v2\/posts\/27098"}],"collection":[{"href":"https:\/\/www.paranapraia.com.br\/index.php\/wp-json\/wp\/v2\/posts"}],"about":[{"href":"https:\/\/www.paranapraia.com.br\/index.php\/wp-json\/wp\/v2\/types\/post"}],"author":[{"embeddable":true,"href":"https:\/\/www.paranapraia.com.br\/index.php\/wp-json\/wp\/v2\/users\/2"}],"replies":[{"embeddable":true,"href":"https:\/\/www.paranapraia.com.br\/index.php\/wp-json\/wp\/v2\/comments?post=27098"}],"version-history":[{"count":1,"href":"https:\/\/www.paranapraia.com.br\/index.php\/wp-json\/wp\/v2\/posts\/27098\/revisions"}],"predecessor-version":[{"id":27100,"href":"https:\/\/www.paranapraia.com.br\/index.php\/wp-json\/wp\/v2\/posts\/27098\/revisions\/27100"}],"wp:featuredmedia":[{"embeddable":true,"href":"https:\/\/www.paranapraia.com.br\/index.php\/wp-json\/wp\/v2\/media\/27099"}],"wp:attachment":[{"href":"https:\/\/www.paranapraia.com.br\/index.php\/wp-json\/wp\/v2\/media?parent=27098"}],"wp:term":[{"taxonomy":"category","embeddable":true,"href":"https:\/\/www.paranapraia.com.br\/index.php\/wp-json\/wp\/v2\/categories?post=27098"},{"taxonomy":"post_tag","embeddable":true,"href":"https:\/\/www.paranapraia.com.br\/index.php\/wp-json\/wp\/v2\/tags?post=27098"}],"curies":[{"name":"wp","href":"https:\/\/api.w.org\/{rel}","templated":true}]}}