{"id":27095,"date":"2020-04-22T15:14:42","date_gmt":"2020-04-22T18:14:42","guid":{"rendered":"https:\/\/www.paranapraia.com.br\/?p=27095"},"modified":"2020-04-22T15:14:44","modified_gmt":"2020-04-22T18:14:44","slug":"economia-paranaense-iniciou-2020-com-indicadores-positivos","status":"publish","type":"post","link":"https:\/\/www.paranapraia.com.br\/index.php\/2020\/04\/22\/economia-paranaense-iniciou-2020-com-indicadores-positivos\/","title":{"rendered":"Economia paranaense iniciou 2020 com indicadores positivos"},"content":{"rendered":"\n<p>Os n\u00fameros bimestrais da ind\u00fastria, do com\u00e9rcio e do setor de servi\u00e7os apontavam otimismo para o Paran\u00e1 em 2020. A supersafra do agroneg\u00f3cio com 41,2 milh\u00f5es de toneladas (2\u00aa maior da hist\u00f3ria) completaria a cadeia de produ\u00e7\u00e3o e consumo e os investimentos p\u00fablicos nos munic\u00edpios estavam assegurados na faixa de R$ 9 bilh\u00f5es.<\/p>\n\n\n\n<p>Segundo o Instituto Brasileiro de Geografia e Estat\u00edstica (IBGE), at\u00e9 fevereiro a produ\u00e7\u00e3o industrial paranaense cresceu de 3,1%, sexto maior \u00edndice do Pa\u00eds; o com\u00e9rcio varejista paranaense subiu 3,4%; e o turismo evoluiu 4,2% no comparativo com o mesmo per\u00edodo do ano passado.<\/p>\n\n\n\n<p>As varia\u00e7\u00f5es pareciam concordar com a proje\u00e7\u00e3o de crescimento de pelo menos 2,6% do Produto Interno Bruto (PIB), estimada pelo Instituto Paranaense de Desenvolvimento Econ\u00f4mico e Social (Ipardes). Essa taxa seria a maior desde 2014.<\/p>\n\n\n\n<p>Os n\u00fameros de mar\u00e7o ainda n\u00e3o foram finalizados, mas devem sinalizar o come\u00e7o da inflex\u00e3o da economia e o impacto da luta contra o novo coronav\u00edrus. Segundo o governador Carlos Massa Ratinho Junior, o Paran\u00e1 enfrentar\u00e1 um desafio que se assemelha \u00e0 geada negra de 1975. Na ocasi\u00e3o, a produ\u00e7\u00e3o de caf\u00e9 foi dizimada e a matriz econ\u00f4mica do Estado se diversificou para outras commodities e industrializa\u00e7\u00e3o mais acelerada.<\/p>\n\n\n\n<p>Diante da mudan\u00e7a de curso da economia e da necessidade de impor isolamento social, o Governo do Estado reorganizou as contas p\u00fablicas e passou a investir pesadamente em novas estruturar hospitalares e no suporte para a manuten\u00e7\u00e3o do emprego, com est\u00edmulo ao cr\u00e9dito e dila\u00e7\u00f5es de prazos para as empresas quitarem seus impostos. Em paralelo, programas de prote\u00e7\u00e3o social para fam\u00edlias mais vulner\u00e1veis v\u00e3o distribuir milh\u00f5es de reais nos pr\u00f3ximos meses para evitar empobrecimento ainda maior.<\/p>\n\n\n\n<p>\u201cA Covid-19 imp\u00f4s uma nova realidade ao Paran\u00e1 e ao mundo. Vamos sofrer, mas vamos vencer essa maratona com solidariedade e planejamento. O momento \u00e9 muito duro, mas estamos trabalhando diariamente para minimizar os danos colaterais na sa\u00fade e na economia\u201d, avalia o governador.<\/p>\n\n\n\n<p><strong>Confira os&nbsp;n\u00fameros da economia antes do coronav\u00edrus:<\/strong><\/p>\n\n\n\n<p><strong>IND\u00daSTRIA &#8211;&nbsp;<\/strong>A produ\u00e7\u00e3o industrial paranaense cresceu 3,1% no primeiro bimestre (janeiro e fevereiro) de 2020, na compara\u00e7\u00e3o com o mesmo per\u00edodo do ano passado, segundo a Pesquisa Industrial Mensal (PIM-PF).<\/p>\n\n\n\n<p>As maiores evolu\u00e7\u00f5es foram registradas na produ\u00e7\u00e3o de derivados de petr\u00f3leo e biocombust\u00edveis (20,1%), m\u00e1quinas, aparelhos e materiais el\u00e9tricos (12,4%), alimentos (8,1%) e m\u00f3veis (6,4%).<\/p>\n\n\n\n<p>O crescimento nos dois primeiros meses de 2020 esteve entre os melhores do Pa\u00eds. Nesse \u00edndice, apenas nove locais pesquisados pelo IBGE apontaram varia\u00e7\u00e3o positiva, enquanto o acumulado nacional ainda \u00e9 negativo, de -0,6%.<\/p>\n\n\n\n<p><strong>COM\u00c9RCIO &#8211;&nbsp;<\/strong>O com\u00e9rcio varejista paranaense cresceu 3,4%, mesmo \u00edndice do Pa\u00eds, no acumulado do primeiro bimestre. O resultado tamb\u00e9m \u00e9 positivo em fevereiro na compara\u00e7\u00e3o com o mesmo m\u00eas do ano anterior, de 4,2%, e em fevereiro em rela\u00e7\u00e3o a janeiro, de 1,8%. Os dados s\u00e3o do volume de vendas ampliado, que engloba as vendas de materiais de constru\u00e7\u00e3o e ve\u00edculos, da Pesquisa Mensal do Com\u00e9rcio (PMC).<\/p>\n\n\n\n<p>Somando janeiro e fevereiro, houve aumento na venda de artigos farmac\u00eauticos, m\u00e9dicos, ortop\u00e9dicos, de perfumaria e cosm\u00e9ticos (9,4%), combust\u00edveis e lubrificantes (8%), outros artigos de uso pessoal e dom\u00e9stico (6,1%), ve\u00edculos, motocicletas, partes e pe\u00e7as (4,6%) e hipermercados, supermercados, produtos aliment\u00edcios e bebidas (2,4%).<\/p>\n\n\n\n<p><strong>SERVI\u00c7OS &#8211;&nbsp;<\/strong>O setor de servi\u00e7os caiu -0,9% no acumulado do bimestre no Paran\u00e1 \u2013 14 unidades da federa\u00e7\u00e3o registraram n\u00fameros negativos no setor. Os servi\u00e7os ainda vinham sofrendo reflexo dos n\u00edveis insatisfat\u00f3rios da demanda interna, posteriormente \u00e0 crise brasileira de 2014-2016.<\/p>\n\n\n\n<p>Em rela\u00e7\u00e3o ao turismo, que \u00e9 avaliado est\u00e1 dentro da Pesquisa Mensal de Servi\u00e7os (PMS), o acumulado do bimestre apontou varia\u00e7\u00e3o positiva de 4,2% no Paran\u00e1.<\/p>\n\n\n\n<p>Em fevereiro de 2020, o \u00edndice de atividades tur\u00edsticas variou positivamente frente ao mesmo m\u00eas do ano anterior, 2,17%, e negativamente frente a janeiro, -4,9%. O turismo no Pa\u00eds cresceu 6,7% em fevereiro (m\u00eas\/m\u00eas) e 4,9% bimestralmente, e caiu -0,3% na compara\u00e7\u00e3o de fevereiro com janeiro.<\/p>\n\n\n\n<p>AEN<br><\/p>\n","protected":false},"excerpt":{"rendered":"<p>Os n\u00fameros bimestrais da ind\u00fastria, do com\u00e9rcio e do setor de servi\u00e7os apontavam otimismo para o Paran\u00e1 em 2020. A supersafra do agroneg\u00f3cio com 41,2 milh\u00f5es de toneladas (2\u00aa maior da hist\u00f3ria) completaria a cadeia de produ\u00e7\u00e3o e consumo e os investimentos p\u00fablicos nos munic\u00edpios estavam assegurados na faixa de R$ 9 bilh\u00f5es. Segundo o [&hellip;]<\/p>\n","protected":false},"author":2,"featured_media":27096,"comment_status":"open","ping_status":"open","sticky":false,"template":"","format":"standard","meta":{"advanced_seo_description":"","jetpack_seo_html_title":"","jetpack_seo_noindex":false,"_jetpack_memberships_contains_paid_content":false,"footnotes":""},"categories":[40],"tags":[],"class_list":{"0":"post-27095","1":"post","2":"type-post","3":"status-publish","4":"format-standard","5":"has-post-thumbnail","7":"category-destaques"},"jetpack_featured_media_url":"https:\/\/www.paranapraia.com.br\/wp-content\/uploads\/2020\/04\/normal_renault_0005.jpg","jetpack_sharing_enabled":true,"_links":{"self":[{"href":"https:\/\/www.paranapraia.com.br\/index.php\/wp-json\/wp\/v2\/posts\/27095"}],"collection":[{"href":"https:\/\/www.paranapraia.com.br\/index.php\/wp-json\/wp\/v2\/posts"}],"about":[{"href":"https:\/\/www.paranapraia.com.br\/index.php\/wp-json\/wp\/v2\/types\/post"}],"author":[{"embeddable":true,"href":"https:\/\/www.paranapraia.com.br\/index.php\/wp-json\/wp\/v2\/users\/2"}],"replies":[{"embeddable":true,"href":"https:\/\/www.paranapraia.com.br\/index.php\/wp-json\/wp\/v2\/comments?post=27095"}],"version-history":[{"count":1,"href":"https:\/\/www.paranapraia.com.br\/index.php\/wp-json\/wp\/v2\/posts\/27095\/revisions"}],"predecessor-version":[{"id":27097,"href":"https:\/\/www.paranapraia.com.br\/index.php\/wp-json\/wp\/v2\/posts\/27095\/revisions\/27097"}],"wp:featuredmedia":[{"embeddable":true,"href":"https:\/\/www.paranapraia.com.br\/index.php\/wp-json\/wp\/v2\/media\/27096"}],"wp:attachment":[{"href":"https:\/\/www.paranapraia.com.br\/index.php\/wp-json\/wp\/v2\/media?parent=27095"}],"wp:term":[{"taxonomy":"category","embeddable":true,"href":"https:\/\/www.paranapraia.com.br\/index.php\/wp-json\/wp\/v2\/categories?post=27095"},{"taxonomy":"post_tag","embeddable":true,"href":"https:\/\/www.paranapraia.com.br\/index.php\/wp-json\/wp\/v2\/tags?post=27095"}],"curies":[{"name":"wp","href":"https:\/\/api.w.org\/{rel}","templated":true}]}}