{"id":27086,"date":"2020-04-22T14:01:42","date_gmt":"2020-04-22T17:01:42","guid":{"rendered":"https:\/\/www.paranapraia.com.br\/?p=27086"},"modified":"2020-04-22T14:01:46","modified_gmt":"2020-04-22T17:01:46","slug":"coronavirus-tre-pr-passa-a-atender-pedidos-de-transferencia-e-novos-de-titulos-de-eleitor-pela-internet","status":"publish","type":"post","link":"https:\/\/www.paranapraia.com.br\/index.php\/2020\/04\/22\/coronavirus-tre-pr-passa-a-atender-pedidos-de-transferencia-e-novos-de-titulos-de-eleitor-pela-internet\/","title":{"rendered":"Coronav\u00edrus: TRE-PR passa a atender pedidos de transfer\u00eancia e novos de t\u00edtulos de eleitor pela internet"},"content":{"rendered":"\n<h4 class=\"wp-block-heading\">Plataforma tamb\u00e9m disponibiliza espa\u00e7o para que eleitores regularizem documentos que foram cancelados. Servi\u00e7os poder\u00e3o ser solicitados at\u00e9 o dia 6 de maio.<\/h4>\n\n\n\n<p>O Tribunal Regional Eleitoral do Paran\u00e1 (TRE-PR) come\u00e7ou a atender nesta segunda-feira (20) servi\u00e7os para eleitores, como a regulariza\u00e7\u00e3o do t\u00edtulo, pela internet. O atendimento eletr\u00f4nico ir\u00e1 funcionar at\u00e9 o dia 6 de maio.<\/p>\n\n\n\n<ul class=\"wp-block-list\"><li><a href=\"http:\/\/www.tre-pr.jus.br\/eleitor\/atendimento-remoto\" target=\"_blank\" rel=\"noreferrer noopener\">Acesse a plataforma para atendimento online aqui<\/a><\/li><\/ul>\n\n\n\n<p>De acordo com o TRE-PR, a medida foi adotada pela Justi\u00e7a Eleitoral para evitar a aglomera\u00e7\u00f5es e evitar o cont\u00e1gio da Covid-19. No Paran\u00e1 s\u00e3o mais de\u00a01 mil casos confirmados da doen\u00e7a, segundo a Secretaria Estadual de Sa\u00fade.<\/p>\n\n\n\n<p>Os servi\u00e7os disponibilizados pelo Tribunal por meio da plataforma s\u00e3o:<\/p>\n\n\n\n<ul class=\"wp-block-list\"><li>Primeiro t\u00edtulo (alistamento eleitoral);<\/li><li>Mudan\u00e7a de munic\u00edpio (transfer\u00eancia);<\/li><li>Altera\u00e7\u00e3o de dados para emiss\u00e3o de certid\u00f5es;<\/li><li>Altera\u00e7\u00e3o de local de vota\u00e7\u00e3o por necessidade de mobilidade;<\/li><li>Regulariza\u00e7\u00e3o de t\u00edtulo cancelado.<\/li><\/ul>\n\n\n\n<p>O TRE-PR informou ainda que suspendeu o cancelamento de t\u00edtulos de eleitores que n\u00e3o fizeram o recadastramento biom\u00e9trico em 2019.<\/p>\n\n\n\n<p>A situa\u00e7\u00e3o destes t\u00edtulos ficar\u00e1 regular at\u00e9 o segundo turno das elei\u00e7\u00f5es de 2020, segundo o Tribunal.<\/p>\n\n\n\n<p>Eleitores que n\u00e3o possu\u00edrem o t\u00edtulo impresso podem fazer o download do aplicativo\u00a0<a href=\"https:\/\/g1.globo.com\/politica\/eleicoes\/2018\/noticia\/2018\/10\/03\/e-titulo-saiba-como-baixar-o-titulo-digital-para-votar-nestas-eleicoes.ghtml\">E-T\u00edtulo<\/a>, para smartphones, que disponibiliza a vers\u00e3o digital do documento.<\/p>\n\n\n\n<p>G1PR<br><\/p>\n","protected":false},"excerpt":{"rendered":"<p>Plataforma tamb\u00e9m disponibiliza espa\u00e7o para que eleitores regularizem documentos que foram cancelados. Servi\u00e7os poder\u00e3o ser solicitados at\u00e9 o dia 6 de maio. O Tribunal Regional Eleitoral do Paran\u00e1 (TRE-PR) come\u00e7ou a atender nesta segunda-feira (20) servi\u00e7os para eleitores, como a regulariza\u00e7\u00e3o do t\u00edtulo, pela internet. O atendimento eletr\u00f4nico ir\u00e1 funcionar at\u00e9 o dia 6 de [&hellip;]<\/p>\n","protected":false},"author":2,"featured_media":27087,"comment_status":"open","ping_status":"open","sticky":false,"template":"","format":"standard","meta":{"advanced_seo_description":"","jetpack_seo_html_title":"","jetpack_seo_noindex":false,"_jetpack_memberships_contains_paid_content":false,"footnotes":""},"categories":[40],"tags":[],"class_list":{"0":"post-27086","1":"post","2":"type-post","3":"status-publish","4":"format-standard","5":"has-post-thumbnail","7":"category-destaques"},"jetpack_featured_media_url":"https:\/\/www.paranapraia.com.br\/wp-content\/uploads\/2020\/04\/titulo.jpeg","jetpack_sharing_enabled":true,"_links":{"self":[{"href":"https:\/\/www.paranapraia.com.br\/index.php\/wp-json\/wp\/v2\/posts\/27086"}],"collection":[{"href":"https:\/\/www.paranapraia.com.br\/index.php\/wp-json\/wp\/v2\/posts"}],"about":[{"href":"https:\/\/www.paranapraia.com.br\/index.php\/wp-json\/wp\/v2\/types\/post"}],"author":[{"embeddable":true,"href":"https:\/\/www.paranapraia.com.br\/index.php\/wp-json\/wp\/v2\/users\/2"}],"replies":[{"embeddable":true,"href":"https:\/\/www.paranapraia.com.br\/index.php\/wp-json\/wp\/v2\/comments?post=27086"}],"version-history":[{"count":1,"href":"https:\/\/www.paranapraia.com.br\/index.php\/wp-json\/wp\/v2\/posts\/27086\/revisions"}],"predecessor-version":[{"id":27088,"href":"https:\/\/www.paranapraia.com.br\/index.php\/wp-json\/wp\/v2\/posts\/27086\/revisions\/27088"}],"wp:featuredmedia":[{"embeddable":true,"href":"https:\/\/www.paranapraia.com.br\/index.php\/wp-json\/wp\/v2\/media\/27087"}],"wp:attachment":[{"href":"https:\/\/www.paranapraia.com.br\/index.php\/wp-json\/wp\/v2\/media?parent=27086"}],"wp:term":[{"taxonomy":"category","embeddable":true,"href":"https:\/\/www.paranapraia.com.br\/index.php\/wp-json\/wp\/v2\/categories?post=27086"},{"taxonomy":"post_tag","embeddable":true,"href":"https:\/\/www.paranapraia.com.br\/index.php\/wp-json\/wp\/v2\/tags?post=27086"}],"curies":[{"name":"wp","href":"https:\/\/api.w.org\/{rel}","templated":true}]}}