{"id":27082,"date":"2020-04-22T13:58:57","date_gmt":"2020-04-22T16:58:57","guid":{"rendered":"https:\/\/www.paranapraia.com.br\/?p=27082"},"modified":"2020-04-22T13:59:02","modified_gmt":"2020-04-22T16:59:02","slug":"parana-tem-tres-vezes-mais-internacoes-por-sindrome-respiratoria-desde-marco-de-2020","status":"publish","type":"post","link":"https:\/\/www.paranapraia.com.br\/index.php\/2020\/04\/22\/parana-tem-tres-vezes-mais-internacoes-por-sindrome-respiratoria-desde-marco-de-2020\/","title":{"rendered":"Paran\u00e1 tem tr\u00eas vezes mais interna\u00e7\u00f5es por s\u00edndrome respirat\u00f3ria desde mar\u00e7o de 2020"},"content":{"rendered":"\n<h4 class=\"wp-block-heading\">Especialista avalia que alta aponta para subnotifica\u00e7\u00f5es de Covid-19. Desde mar\u00e7o, 1,8 mil pessoas foram internadas por problemas respirat\u00f3rios no estado, enquanto a m\u00e9dia dos anos anteriores foi de 442.<\/h4>\n\n\n\n<p>O n\u00famero de interna\u00e7\u00f5es por S\u00edndrome Respirat\u00f3ria Aguda Grave (SRAG) no Paran\u00e1 \u00e9 cerca de tr\u00eas vezes maior desde mar\u00e7o de 2020 do que foi registrado no mesmo per\u00edodo dos anos anteriores, segundo dados do InfoGripe, da Funda\u00e7\u00e3o Oswaldo Cruz (Fiocruz).<\/p>\n\n\n\n<p>Segundo o monitoramento, mais de 1,8 mil pessoas foram internadas com s\u00edndromes respirat\u00f3rias no Paran\u00e1 entre 1\u00ba de mar\u00e7o e 11 de abril. Na m\u00e9dia dos dois anos anteriores, foram registradas 442 interna\u00e7\u00f5es por SRAG &#8211; foram 502 em 2019 e 383 em 2018.<\/p>\n\n\n\n<p><em>(CORRE\u00c7\u00c3O: O G1 errou ao informar que o n\u00famero de interna\u00e7\u00f5es era quatro vezes maior em 2020. Na verdade, s\u00e3o tr\u00eas vezes mais interna\u00e7\u00f5es desde mar\u00e7o de 2020. A informa\u00e7\u00e3o foi corrigida \u00e0s 7h25)<\/em><\/p>\n\n\n\n<p>O InfoGripe re\u00fane as informa\u00e7\u00f5es de todas as pessoas internadas com doen\u00e7as respirat\u00f3rias no pa\u00eds.<\/p>\n\n\n\n<h2 class=\"wp-block-heading\">Subnotifica\u00e7\u00f5es de Covid-19<\/h2>\n\n\n\n<p>O aumento aponta para a possibilidade de subnotifica\u00e7\u00e3o de casos de coronav\u00edrus, uma vez que o mesmo levantamento aponta que 173 internamentos foram de pessoas com diagn\u00f3stico confirmado de Covid-19.<\/p>\n\n\n\n<blockquote class=\"wp-block-quote is-layout-flow wp-block-quote-is-layout-flow\"><p>&#8220;Voc\u00ea pode inferir que essa diferen\u00e7a a partir do come\u00e7o de mar\u00e7o se refere \u00e0 Covid-19&#8221;, afirmou o presidente da Sociedade Brasileira de Infectologia (SBI), Cl\u00f3vis Arns da Cunha.<\/p><\/blockquote>\n\n\n\n<p>Interna\u00e7\u00f5es por s\u00edndrome respirat\u00f3ria grave no Paran\u00e1N\u00famero de pessoas internadas triplicou em 2020 em rela\u00e7\u00e3o a 2019 a partir de mar\u00e7o201820192020JaneiroFevereiroMar\u00e7oAbril0100200300400500Fonte: InfoGripe<\/p>\n\n\n\n<p>O perfil dos internados com s\u00edndromes respirat\u00f3rias refor\u00e7am essa possibilidade.<\/p>\n\n\n\n<p>Em 2019, os idosos representaram um em cada cinco pessoas internadas com pneumonia no Paran\u00e1. Em 2020, um a cada tr\u00eas pacientes s\u00e3o idosos, segundo o InfoGripe.<\/p>\n\n\n\n<p>&#8220;Condiz com o perfil dos pacientes com Covid-19 que evoluem para o estado grave&#8221;, afirmou o presidente da SBI.<\/p>\n\n\n\n<figure class=\"wp-block-image\"><img decoding=\"async\" src=\"https:\/\/s2.glbimg.com\/aKQ7clKoj7j3vqUEzy0T47_MrLM=\/0x0:869x447\/984x0\/smart\/filters:strip_icc()\/i.s3.glbimg.com\/v1\/AUTH_59edd422c0c84a879bd37670ae4f538a\/internal_photos\/bs\/2020\/l\/5\/Yh4c9gQQ60le4C8lVuIA\/respirador.jpg\" alt=\"Paran\u00e1 teve 1,3 mil interna\u00e7\u00f5es por s\u00edndromes respirat\u00f3rias a mais do que a m\u00e9dia desde mar\u00e7o de 2020 \u2014 Foto: Reprodu\u00e7\u00e3o\/RPC\"\/><\/figure>\n\n\n\n<p>Paran\u00e1 teve 1,3 mil interna\u00e7\u00f5es por s\u00edndromes respirat\u00f3rias a mais do que a m\u00e9dia desde mar\u00e7o de 2020 \u2014 Foto: Reprodu\u00e7\u00e3o\/RPC<\/p>\n\n\n\n<h2 class=\"wp-block-heading\">Mortes sem especifica\u00e7\u00e3o<\/h2>\n\n\n\n<p>Segundo os dados do boletim epidemiol\u00f3gico da gripe divulgado pela Sesa, de 15 de mar\u00e7o a 17 de abril, o Paran\u00e1 teve 229 mortes por &#8220;s\u00edndrome respirat\u00f3ria n\u00e3o especificada&#8221;.<\/p>\n\n\n\n<p>O n\u00famero representa 77% das mortes por s\u00edndromes respirat\u00f3rias no estado no per\u00edodo.<\/p>\n\n\n\n<p>De acordo com o boletim do coronav\u00edrus publicado pela Sesa,\u00a042 mortes tinham sido confirmadas com diagn\u00f3stico de Covid-19 at\u00e9 o mesmo dia.<\/p>\n\n\n\n<p>No acumulado do ano de 2020, o n\u00famero de mortes por s\u00edndromes n\u00e3o especificadas \u00e9 pelo menos tr\u00eas vezes maior do que nos anos anteriores, segundo os dados do boletim.<\/p>\n\n\n\n<p>Segundo a Sesa, a classifica\u00e7\u00e3o n\u00e3o especificada \u00e9 usada para todos os casos onde n\u00e3o houve coleta ou nos casos onde os v\u00edrus n\u00e3o foram identificados devido a ter um n\u00famero limitado de v\u00edrus pesquisados.<\/p>\n\n\n\n<p>&#8220;Muitas vezes tamb\u00e9m ocorre a n\u00e3o identifica\u00e7\u00e3o por outros fatores como: problemas na coleta do material, fase da coleta muito precoce ou tardia, m\u00e1 conserva\u00e7\u00e3o ou m\u00e1 qualidade, ou muta\u00e7\u00e3o do v\u00edrus. Ou outro agente que n\u00e3o seja v\u00edrus&#8221;, informou a secretaria.<\/p>\n\n\n\n<p>Segundo o presidente da SBI, Cl\u00f3vis Arns da Cunha, os testes para identifica\u00e7\u00e3o da Covid-19 podem ter at\u00e9 40% de diagn\u00f3stico &#8220;falso negativo&#8221;, o que pode explicar a diferen\u00e7a entre os casos confirmados da doen\u00e7a e os casos n\u00e3o especificados.<\/p>\n\n\n\n<p>&#8220;S\u00e3o casos prov\u00e1veis de coronav\u00edrus que dependeriam de um segundo teste para ter a comprova\u00e7\u00e3o&#8221;, afirmou.<\/p>\n\n\n\n<p>De acordo com o m\u00e9dico, com a chegada de novos testes r\u00e1pidos distribu\u00eddos pelo Minist\u00e9rio da Sa\u00fade \u00e0s secretarias estaduais, ser\u00e1 poss\u00edvel testar novamente pacientes com sintomas de Covid que os testes laboratoriais apontaram como negativo.<\/p>\n\n\n\n<p>Segundo o boletim da Sesa de segunda-feira (20), 9,5 mil testes laboratoriais foram feitos no estado e 8 mil deram resultado negativo e 447 est\u00e3o em investiga\u00e7\u00e3o.<\/p>\n\n\n\n<p>O Laborat\u00f3rio Central do Estado (Lacen) realiza\u00a0cerca de 600 testes do novo coronav\u00edrus por dia. Casos suspeitos de profissionais da sa\u00fade, pessoas internadas em estado grave e \u00f3bitos t\u00eam prefer\u00eancia.<\/p>\n\n\n\n<p>Somados os outros laborat\u00f3rios credenciados no estado, o n\u00famero de testes di\u00e1rios no estado chega a 1 mil.<\/p>\n\n\n\n<h2 class=\"wp-block-heading\">Outro estados<\/h2>\n\n\n\n<p>A mesma situa\u00e7\u00e3o tem sido registrada em outros estados do Brasil.\u00a0Em quatro semanas, o Rio de Janeiro teve mais interna\u00e7\u00f5es por s\u00edndromes respirat\u00f3rias do que em todo o ano de 2019.<\/p>\n\n\n\n<p>Em Minas Gerais,\u00a0o n\u00famero de mortes por SRAG subiu 265% desde o in\u00edcio de 2020 em compara\u00e7\u00e3o com o mesmo per\u00edodo do ano passado. Os casos de hospitaliza\u00e7\u00f5es por causa da s\u00edndrome aumentaram ainda mais, o equivalente a 388%.<\/p>\n\n\n\n<p>No Maranh\u00e3o,\u00a0foram registradas oito mortes por s\u00edndromes respirat\u00f3rias em mar\u00e7o de 2020. No mesmo per\u00edodo de 2019, foi registrada uma morte.<\/p>\n\n\n\n<p>G1PR<br><\/p>\n","protected":false},"excerpt":{"rendered":"<p>Especialista avalia que alta aponta para subnotifica\u00e7\u00f5es de Covid-19. Desde mar\u00e7o, 1,8 mil pessoas foram internadas por problemas respirat\u00f3rios no estado, enquanto a m\u00e9dia dos anos anteriores foi de 442. O n\u00famero de interna\u00e7\u00f5es por S\u00edndrome Respirat\u00f3ria Aguda Grave (SRAG) no Paran\u00e1 \u00e9 cerca de tr\u00eas vezes maior desde mar\u00e7o de 2020 do que foi [&hellip;]<\/p>\n","protected":false},"author":2,"featured_media":27084,"comment_status":"open","ping_status":"open","sticky":false,"template":"","format":"standard","meta":{"advanced_seo_description":"","jetpack_seo_html_title":"","jetpack_seo_noindex":false,"_jetpack_memberships_contains_paid_content":false,"footnotes":""},"categories":[40],"tags":[],"class_list":{"0":"post-27082","1":"post","2":"type-post","3":"status-publish","4":"format-standard","5":"has-post-thumbnail","7":"category-destaques"},"jetpack_featured_media_url":"https:\/\/www.paranapraia.com.br\/wp-content\/uploads\/2020\/04\/respirador2.jpg","jetpack_sharing_enabled":true,"_links":{"self":[{"href":"https:\/\/www.paranapraia.com.br\/index.php\/wp-json\/wp\/v2\/posts\/27082"}],"collection":[{"href":"https:\/\/www.paranapraia.com.br\/index.php\/wp-json\/wp\/v2\/posts"}],"about":[{"href":"https:\/\/www.paranapraia.com.br\/index.php\/wp-json\/wp\/v2\/types\/post"}],"author":[{"embeddable":true,"href":"https:\/\/www.paranapraia.com.br\/index.php\/wp-json\/wp\/v2\/users\/2"}],"replies":[{"embeddable":true,"href":"https:\/\/www.paranapraia.com.br\/index.php\/wp-json\/wp\/v2\/comments?post=27082"}],"version-history":[{"count":1,"href":"https:\/\/www.paranapraia.com.br\/index.php\/wp-json\/wp\/v2\/posts\/27082\/revisions"}],"predecessor-version":[{"id":27085,"href":"https:\/\/www.paranapraia.com.br\/index.php\/wp-json\/wp\/v2\/posts\/27082\/revisions\/27085"}],"wp:featuredmedia":[{"embeddable":true,"href":"https:\/\/www.paranapraia.com.br\/index.php\/wp-json\/wp\/v2\/media\/27084"}],"wp:attachment":[{"href":"https:\/\/www.paranapraia.com.br\/index.php\/wp-json\/wp\/v2\/media?parent=27082"}],"wp:term":[{"taxonomy":"category","embeddable":true,"href":"https:\/\/www.paranapraia.com.br\/index.php\/wp-json\/wp\/v2\/categories?post=27082"},{"taxonomy":"post_tag","embeddable":true,"href":"https:\/\/www.paranapraia.com.br\/index.php\/wp-json\/wp\/v2\/tags?post=27082"}],"curies":[{"name":"wp","href":"https:\/\/api.w.org\/{rel}","templated":true}]}}