{"id":27075,"date":"2020-04-09T16:22:41","date_gmt":"2020-04-09T19:22:41","guid":{"rendered":"https:\/\/www.paranapraia.com.br\/?p=27075"},"modified":"2020-04-09T16:22:46","modified_gmt":"2020-04-09T19:22:46","slug":"parana-tem-621-casos-confirmados-e-24-obitos","status":"publish","type":"post","link":"https:\/\/www.paranapraia.com.br\/index.php\/2020\/04\/09\/parana-tem-621-casos-confirmados-e-24-obitos\/","title":{"rendered":"Paran\u00e1 tem 621 casos confirmados e 24 \u00f3bitos"},"content":{"rendered":"\n<p>O boletim do coronav\u00edrus divulgado pela Secretaria de Estado da Sa\u00fade nesta quinta-feira (9) registra 71 novos casos e mais sete \u00f3bitos. O Paran\u00e1 soma atualmente 621 pacientes confirmados, com 24 \u00f3bitos.<\/p>\n\n\n\n<p>&nbsp;Uma mulher de 83 anos estava internada desde o dia 1\u00ba de abril no Hospital Regional do Litoral, em Paranagu\u00e1, e teve confirmada a Covid-19 no \u00faltimo domingo (05). Ap\u00f3s investiga\u00e7\u00e3o, a paciente foi transferida para Natal, no Rio Grande do Norte, onde residia efetivamente.&nbsp; Ainda em Paranagu\u00e1, faleceu um homem de 48 anos que tamb\u00e9m estava internado no Hospital Regional do Litoral. Ambos possu\u00edam comorbidades e vieram a falecer nesta quarta-feira (8).<\/p>\n\n\n\n<p>Tamb\u00e9m na quarta-feira, faleceram tr\u00eas homens, de 55 e&nbsp; 88 anos,&nbsp;que estavam internados em Maring\u00e1, e de 42 anos, de Campina da Lagoa.<\/p>\n\n\n\n<p>Um paciente de 72 anos, de Curitiba, estava internado desde o dia 21 de mar\u00e7o, tendo a confirma\u00e7\u00e3o da doen\u00e7a no dia 27\/03; um homem de 56 anos residente tamb\u00e9m na capital paranaense estava internado desde o dia 02 de abril, tendo a confirma\u00e7\u00e3o da doen\u00e7a no dia no domingo (05). Os dois vieram a \u00f3bito ter\u00e7a-feira (7).<\/p>\n\n\n\n<p><strong>NOVAS CONFIRMA\u00c7\u00d5ES \u2013<\/strong>&nbsp;Os 71 novos casos s\u00e3o de Almirante Tamandar\u00e9 (1), Curitiba (32), Pinhais (3), Colombo (2), Cascavel (11), Maring\u00e1 (2), Arauc\u00e1ria (1), Campo Largo (1), Campina da Lagoa (1), Guarania\u00e7u (1), Foz do Igua\u00e7u (1), S\u00e3o Jo\u00e3o do Iva\u00ed (2), Manoel Ribas (1), Campo Mour\u00e3o (1), Fazenda Rio Grande (2), S\u00e3o Jos\u00e9 dos Pinhais (2), Paranava\u00ed (1), Lapa (1), Piraquara (1), Londrina (2) e Assis Chateaubriand (2).<\/p>\n\n\n\n<p><strong>DADOS GERAIS \u2013<\/strong>&nbsp;O Paran\u00e1 registra atualmente 24 \u00f3bitos dos 621 casos confirmados. Doze pacientes n\u00e3o residem no Estado. H\u00e1 5.504 casos descartados e 346 em investiga\u00e7\u00e3o.<\/p>\n\n\n\n<p>O Paran\u00e1 em 117 pacientes internados, sendo 68 em Unidades de Terapia Intensiva (UTI) e 49 em leitos cl\u00ednicos. &nbsp;Dentre os 399 munic\u00edpios do Estado, 74 j\u00e1 confirmaram casos ou \u00f3bitos.<\/p>\n\n\n\n<p>t\u00e9 agora, 114 pacientes j\u00e1 foram liberados do tratamento, no Paran\u00e1. Esse dado n\u00e3o inclui ainda o n\u00famero do munic\u00edpio de Curitiba.<\/p>\n\n\n\n<p>AEN<br><\/p>\n","protected":false},"excerpt":{"rendered":"<p>O boletim do coronav\u00edrus divulgado pela Secretaria de Estado da Sa\u00fade nesta quinta-feira (9) registra 71 novos casos e mais sete \u00f3bitos. O Paran\u00e1 soma atualmente 621 pacientes confirmados, com 24 \u00f3bitos. &nbsp;Uma mulher de 83 anos estava internada desde o dia 1\u00ba de abril no Hospital Regional do Litoral, em Paranagu\u00e1, e teve confirmada [&hellip;]<\/p>\n","protected":false},"author":2,"featured_media":27054,"comment_status":"open","ping_status":"open","sticky":false,"template":"","format":"standard","meta":{"advanced_seo_description":"","jetpack_seo_html_title":"","jetpack_seo_noindex":false,"_jetpack_memberships_contains_paid_content":false,"footnotes":""},"categories":[1],"tags":[],"class_list":{"0":"post-27075","1":"post","2":"type-post","3":"status-publish","4":"format-standard","5":"has-post-thumbnail","7":"category-sem-categoria"},"jetpack_featured_media_url":"https:\/\/www.paranapraia.com.br\/wp-content\/uploads\/2020\/04\/110784780-gettyimages-1200706447.jpg","jetpack_sharing_enabled":true,"_links":{"self":[{"href":"https:\/\/www.paranapraia.com.br\/index.php\/wp-json\/wp\/v2\/posts\/27075"}],"collection":[{"href":"https:\/\/www.paranapraia.com.br\/index.php\/wp-json\/wp\/v2\/posts"}],"about":[{"href":"https:\/\/www.paranapraia.com.br\/index.php\/wp-json\/wp\/v2\/types\/post"}],"author":[{"embeddable":true,"href":"https:\/\/www.paranapraia.com.br\/index.php\/wp-json\/wp\/v2\/users\/2"}],"replies":[{"embeddable":true,"href":"https:\/\/www.paranapraia.com.br\/index.php\/wp-json\/wp\/v2\/comments?post=27075"}],"version-history":[{"count":1,"href":"https:\/\/www.paranapraia.com.br\/index.php\/wp-json\/wp\/v2\/posts\/27075\/revisions"}],"predecessor-version":[{"id":27077,"href":"https:\/\/www.paranapraia.com.br\/index.php\/wp-json\/wp\/v2\/posts\/27075\/revisions\/27077"}],"wp:featuredmedia":[{"embeddable":true,"href":"https:\/\/www.paranapraia.com.br\/index.php\/wp-json\/wp\/v2\/media\/27054"}],"wp:attachment":[{"href":"https:\/\/www.paranapraia.com.br\/index.php\/wp-json\/wp\/v2\/media?parent=27075"}],"wp:term":[{"taxonomy":"category","embeddable":true,"href":"https:\/\/www.paranapraia.com.br\/index.php\/wp-json\/wp\/v2\/categories?post=27075"},{"taxonomy":"post_tag","embeddable":true,"href":"https:\/\/www.paranapraia.com.br\/index.php\/wp-json\/wp\/v2\/tags?post=27075"}],"curies":[{"name":"wp","href":"https:\/\/api.w.org\/{rel}","templated":true}]}}