{"id":27068,"date":"2020-04-09T15:23:08","date_gmt":"2020-04-09T18:23:08","guid":{"rendered":"https:\/\/www.paranapraia.com.br\/?p=27068"},"modified":"2020-04-09T15:56:13","modified_gmt":"2020-04-09T18:56:13","slug":"pesquisadores-da-australia-descobrem-remedio-que-mata-novo-coronavirus-em-48-horas","status":"publish","type":"post","link":"https:\/\/www.paranapraia.com.br\/index.php\/2020\/04\/09\/pesquisadores-da-australia-descobrem-remedio-que-mata-novo-coronavirus-em-48-horas\/","title":{"rendered":"Pesquisadores da Austr\u00e1lia descobrem rem\u00e9dio que mata novo coronav\u00edrus em 48 horas"},"content":{"rendered":"\n<h4 class=\"wp-block-heading\">Testes foram feitos em laborat\u00f3rio, agora falta testar em humanos para saber se a dose permitida \u00e9 eficaz contra o Sars-CoV-2<\/h4>\n\n\n\n<p> A corrida por rem\u00e9dio ou vacina que seja capaz de combater o Sars-CoV-2 de forma eficaz \u00e9 mundial. Na Austr\u00e1lia, uma pesquisa realizada pela Universidade de Monash, em Melbourne, teve um \u00f3timo resultado: descobriu um rem\u00e9dio que mata o novo coronav\u00edrus em 48 horas. A ivermectina, por\u00e9m, foi utilizada apenas em laborat\u00f3rio, in vitro, e ainda \u00e9 necess\u00e1rio determinar se a dose permitida para o corpo humano ser\u00e1 t\u00e3o eficaz quanto a utilizada na cultura do v\u00edrus.<\/p>\n\n\n\n<h1 class=\"wp-block-heading\">Em teste, rem\u00e9dio para piolho matou novo coronav\u00edrus em 48 horas<\/h1>\n\n\n\n<p>Um medicamento comumente utilizado para combater piolhos pode ser capaz de matar o novo coronav\u00edrus causador da pandemia de Covid-19. Segundo testes realizados por cientistas da Universidade Monash, na Austr\u00e1lia, uma droga presente no antiparasit\u00e1rio foi capaz de inibir o crescimento do microrganismo em apenas 48 horas.<\/p>\n\n\n\n<p>O estudo com os resultados das an\u00e1lises foi publicado pela equipe no peri\u00f3dico Antiviral Research na \u00faltima sexta-feira (03). De acordo com a pesquisa, o medicamento, conhecido como Ivermectina, interrompeu o crescimento do v\u00edrus Sars-CoV-2 quando testado em culturas de c\u00e9lulas.<\/p>\n\n\n\n<p>\u201cDescobrimos que mesmo uma dose \u00fanica poderia remover essencialmente todo o RNA viral por 48 horas e que mesmo \u00e0s 24 horas havia uma redu\u00e7\u00e3o realmente significativa [desse material gen\u00e9tico]\u201d, afirmou Kylie Wagstaff, que liderou a pesquisa, em comunicado.<\/p>\n\n\n\n<p>Como explicou a especialista, a Ivermectina \u00e9 um medicamento antiparasit\u00e1rio que tamb\u00e9m j\u00e1 se mostrou eficaz em testes in vitro contra uma ampla gama de v\u00edrus, como os que causam o HIV, a dengue, a gripe e o Zika. \u201cA Ivermectina \u00e9 amplamente utilizada e vista como uma droga segura\u201d, disse Wagstaff. \u201cNo momento em que estamos, tendo uma pandemia global e sem um tratamento aprovado, se pudermos utilizar um composto que j\u00e1 est\u00e1 dispon\u00edvel em todo o mundo, isso ajudar\u00e1 as pessoas.\u201d<\/p>\n\n\n\n<p>Os especialistas ressaltam, entretanto, que o medicamento ainda est\u00e1 sendo testado e n\u00e3o se sabe quanto e como ele deve ser utilizado. Portanto, os profissionais da sa\u00fade pedem para que as pessoas n\u00e3o se automediquem ou comprem o produto sem necessidade. \u201cPrecisamos descobrir agora se a dosagem que pode ser usada em seres humanos ser\u00e1 eficaz [contra o novo coronav\u00edrus]\u201d, disse Wagstaff. \u201cEsse \u00e9 o pr\u00f3ximo passo.\u201d<\/p>\n\n\n\n<p><strong>Fonte:<\/strong>&nbsp;The Good News Corona Virus<br><\/p>\n\n\n\n<h2 class=\"wp-block-heading\">Galeria de Fotos<\/h2>\n\n\n\n<figure class=\"wp-block-image\"><img decoding=\"async\" src=\"https:\/\/odia.ig.com.br\/_midias\/jpg\/2020\/04\/06\/img_7250-16581400.jpg\" alt=\"\"\/><\/figure>\n\n\n\n<p>Rio, 06\/04\/2020 &#8211; COVID 19 &#8211; CORONAVIRUS &#8211; Herois da linha de frente da pandemia. Mateus Avelino Victor. Gari de varricao da zona portuaria. Santo Cristo, Centro do Rio. coronavirusrio. Foto: Ricardo Cassiano\/Agencia O DiaRICARDO CASSIANO\/AGENCIA O DIA<\/p>\n\n\n\n<figure class=\"wp-block-image\"><img decoding=\"async\" src=\"https:\/\/odia.ig.com.br\/_midias\/jpg\/2020\/04\/06\/coronavirus_06_04_20006-16581372.jpg\" alt=\"\"\/><\/figure>\n\n\n\n<p>Rio de Janeiro &#8211; RJ &#8211; 06\/04\/2020 &#8211; COVID 19 &#8211; Coronavirus na cidade do Rio &#8211; na foto, loja de chocolate Cacau Show e clientes com o catalogo da loja, em Bonsucesso, zona norte do Rio &#8211; Foto Reginaldo Pimenta \/ Agencia O DiaREGINALDO PIMENTA \/ AGENCIA O DIA<\/p>\n\n\n\n<figure class=\"wp-block-image\"><img decoding=\"async\" src=\"https:\/\/odia.ig.com.br\/_midias\/jpg\/2020\/04\/06\/coronavirus_06_04_20005-16581334.jpg\" alt=\"\"\/><\/figure>\n\n\n\n<p>Rio de Janeiro &#8211; RJ &#8211; 06\/04\/2020 &#8211; COVID 19 &#8211; Coronavirus na cidade do Rio &#8211; movimenta\u00e7ao em Bonsucesso, zona norte do Rio &#8211; na foto, senhora caminha pela Avenida Nova York &#8211; Foto Reginaldo Pimenta \/ Agencia O DiaREGINALDO PIMENTA \/ AGENCIA O DIA<\/p>\n\n\n\n<figure class=\"wp-block-image\"><img decoding=\"async\" src=\"https:\/\/odia.ig.com.br\/_midias\/jpg\/2020\/04\/06\/coronavirus_30_03_20002-16573120.jpg\" alt=\"\"\/><\/figure>\n\n\n\n<p>Rio de Janeiro &#8211; RJ &#8211; 30\/03\/2020 &#8211; COVID 19 &#8211; Coronav\u00edrus na cidade do Rio &#8211; na foto, movimenta\u00e7\u00e3o no Terminal Alvorada, Barra da Tijuca, zona oeste da cidade, na manha de hoje &#8211; Foto Reginaldo Pimenta \/ Agencia O DiaO DIA FOTO<\/p>\n\n\n\n<figure class=\"wp-block-image\"><img decoding=\"async\" src=\"https:\/\/odia.ig.com.br\/_midias\/jpg\/2020\/04\/06\/coronavirus_03_04_20025-16573074.jpg\" alt=\"\"\/><\/figure>\n\n\n\n<p>Instituto Federal do Rio de Janeiro produz e distribui \u00e1lcool em gel para comunidadesREGINALDO PIMENTA\/ AG\u00caNCIA O DIA<\/p>\n\n\n\n<figure class=\"wp-block-image\"><img decoding=\"async\" src=\"https:\/\/odia.ig.com.br\/_midias\/jpg\/2020\/04\/06\/coronavirus_03_04_20021-16573028.jpg\" alt=\"\"\/><\/figure>\n\n\n\n<p>Rio de Janeiro &#8211; RJ &#8211; 03\/04\/2020 &#8211; COVID 19 &#8211; Coronav\u00edrus na cidade do Rio &#8211; Instituto Federal do Rio de Janeiro produz e distribui \u00e1lcool em gel para comunidades &#8211; Foto Reginaldo Pimenta \/ Agencia O DiaO DIA FOTO<\/p>\n\n\n\n<figure class=\"wp-block-image\"><img decoding=\"async\" src=\"https:\/\/odia.ig.com.br\/_midias\/jpg\/2020\/04\/06\/coronavirus_01_04_20030-16572706.jpg\" alt=\"\"\/><\/figure>\n\n\n\n<p>Rio de Janeiro &#8211; RJ &#8211; 01\/04\/2020 &#8211; COVID 19 &#8211; Coronav\u00edrus na cidade do Rio &#8211; na foto, movimenta\u00e7\u00e3o em agencias bancarias, em Madureira, zona norte do Rio &#8211; Foto Reginaldo Pimenta \/ Agencia O DiaO DIA FOTO<\/p>\n\n\n\n<figure class=\"wp-block-image\"><img decoding=\"async\" src=\"https:\/\/odia.ig.com.br\/_midias\/jpg\/2020\/04\/06\/coronavirus_01_04_20024-16572660.jpg\" alt=\"\"\/><\/figure>\n\n\n\n<p>Rio de Janeiro &#8211; RJ &#8211; 01\/04\/2020 &#8211; COVID 19 &#8211; Coronav\u00edrus na cidade do Rio &#8211; na foto, vendedor de mascara, de qualidade duvidosa, em Madureira, zona norte do Rio &#8211; Foto Reginaldo Pimenta \/ Agencia O DiaO DIA FOTO<\/p>\n\n\n\n<figure class=\"wp-block-image\"><img decoding=\"async\" src=\"https:\/\/odia.ig.com.br\/_midias\/jpg\/2020\/04\/05\/dani8550-16566557.jpg\" alt=\"\"\/><\/figure>\n\n\n\n<p>Rio &#8211; 05\/04\/2020 &#8211; COVID 19 &#8211; CORONAVIRUS &#8211; Rio em quarenta, mas as pessoas continuam indo as ruas. Movimentacao na praia de Copacabana. Pessoas caminhando pelo calcadao, correndo, pedalando, nadando no mar, sentado no banco&#8230; Foto: Daniel Castelo Branco \/ Agencia O DiaDANIEL CASTELO BRANCO<\/p>\n\n\n\n<figure class=\"wp-block-image\"><img decoding=\"async\" src=\"https:\/\/odia.ig.com.br\/_midias\/jpg\/2020\/04\/05\/dani7954-16565855.jpg\" alt=\"\"\/><\/figure>\n\n\n\n<p>Rio &#8211; 05\/04\/2020 &#8211; COVID 19 &#8211; CORONAVIRUS &#8211; Rio em quarenta, mas as pessoas continuam indo as ruas. Grades foram colocadas na Praia do Leme para proibir as pessoas de irem na areia. Movimentacao nas praias do Leme e Copacabana. Pessoas caminhando pelo calcadao, correndo, pedalando, sentado no banco&#8230; Foto: Daniel Castelo Branco \/ Agencia O DiaDANIEL CASTELO BRANCO<\/p>\n\n\n\n<figure class=\"wp-block-image\"><img decoding=\"async\" src=\"https:\/\/odia.ig.com.br\/_midias\/jpg\/2020\/04\/05\/dani7725-16565579.jpg\" alt=\"\"\/><\/figure>\n\n\n\n<p>Rio &#8211; 05\/04\/2020 &#8211; COVID 19 &#8211; CORONAVIRUS &#8211; Rio em quarenta, mas as pessoas continuam indo as ruas. Grades foram colocadas na Praia do Leme para proibir as pessoas de irem na areia. Movimentacao nas praias do Leme e Copacabana. Pessoas caminhando pelo calcadao, correndo, pedalando, sentado no banco&#8230; Foto: Daniel Castelo Branco \/ Agencia O DiaDANIEL CASTELO BRANCO<\/p>\n\n\n\n<figure class=\"wp-block-image\"><img decoding=\"async\" src=\"https:\/\/odia.ig.com.br\/_midias\/jpg\/2020\/04\/05\/dani7601-16565303.jpg\" alt=\"\"\/><\/figure>\n\n\n\n<p>Rio &#8211; 05\/04\/2020 &#8211; COVID 19 &#8211; CORONAVIRUS &#8211; Rio em quarenta, mas as pessoas continuam indo as ruas. Grades foram colocadas na Praia do Leme para proibir as pessoas de irem na areia. Movimentacao nas praias do Leme e Copacabana. Pessoas caminhando pelo calcadao, correndo, pedalando, sentado no banco&#8230; Foto: Daniel Castelo Branco \/ Agencia O DiaDANIEL CASTELO BRANCO<\/p>\n\n\n\n<figure class=\"wp-block-image\"><img decoding=\"async\" src=\"https:\/\/odia.ig.com.br\/_midias\/jpg\/2020\/04\/05\/dani7435-16565027.jpg\" alt=\"\"\/><\/figure>\n\n\n\n<p>Rio &#8211; 05\/04\/2020 &#8211; COVID 19 &#8211; CORONAVIRUS &#8211; Rio em quarenta, mas as pessoas continuam indo as ruas. Grades foram colocadas na Praia do Leme para proibir as pessoas de irem na areia. Movimentacao nas praias do Leme e Copacabana. Pessoas caminhando pelo calcadao, correndo, pedalando, sentado no banco&#8230; Foto: Daniel Castelo Branco \/ Agencia O DiaDANIEL CASTELO BRANCO<\/p>\n\n\n\n<figure class=\"wp-block-image\"><img decoding=\"async\" src=\"https:\/\/odia.ig.com.br\/_midias\/jpg\/2020\/04\/05\/coronavirus_05_04_200039-16562962.jpg\" alt=\"\"\/><\/figure>\n\n\n\n<p>Rio de Janeiro &#8211; RJ &#8211; 05\/04\/2020 &#8211; COVID 19 &#8211; Coronavirus na cidade do Rio &#8211; Queda das vendas de bacalhau para a Pascoa &#8211; na foto, Dona Marcia Escafura, cliente da loja &#8211; Foto Reginaldo Pimenta \/ Agencia O DiaREGINALDO PIMENTA \/ AGENCIA O DIA<\/p>\n\n\n\n<figure class=\"wp-block-image\"><img decoding=\"async\" src=\"https:\/\/odia.ig.com.br\/_midias\/jpg\/2020\/04\/05\/coronavirus_05_04_200027-16562532.jpg\" alt=\"\"\/><\/figure>\n\n\n\n<p>Rio de Janeiro &#8211; RJ &#8211; 05\/04\/2020 &#8211; COVID 19 &#8211; Coronavirus na cidade do Rio &#8211; Fieis oram fora da igreja para evirar aglomera\u00e7ao no interior do templo &#8211; na foto, Igreja Assembleia de Deus, no Monero, na Ilha do Governador, zona norte do Rio &#8211; Foto Reginaldo Pimenta \/ Agencia O DiaREGINALDO PIMENTA \/ AGENCIA O DIA<\/p>\n\n\n\n<figure class=\"wp-block-image\"><img decoding=\"async\" src=\"https:\/\/odia.ig.com.br\/_midias\/jpg\/2020\/04\/05\/coronavirus_05_04_200025-16562440.jpg\" alt=\"\"\/><\/figure>\n\n\n\n<p>Rio de Janeiro &#8211; RJ &#8211; 05\/04\/2020 &#8211; COVID 19 &#8211; Coronavirus na cidade do Rio &#8211; Missas transmitidas pelo Facebook, para evitar aglomera\u00e7ao nas igrejas nesse Domingo de Ramos &#8211; na foto, Igreja Matriz Nossa Senhora Aparecida, Ilha do Governador, zona norte do Rio &#8211; Foto Reginaldo Pimenta \/ Agencia O DiaREGINALDO PIMENTA \/ AGENCIA O DIA<\/p>\n\n\n\n<figure class=\"wp-block-image\"><img decoding=\"async\" src=\"https:\/\/odia.ig.com.br\/_midias\/jpg\/2020\/04\/04\/dani5853-16558399.jpg\" alt=\"\"\/><\/figure>\n\n\n\n<p>Rio &#8211; 04\/04\/2020 &#8211; COVID 19 &#8211; CORONAVIRUS &#8211; Rio em quarenta, porem, muitas pessoas nas ruas. Movimentacao na praia de Copacabana, Zona Sul. Calcadao cheio, cliclovia com bastantes bikes e pessoas malhando nos aparelhos. Foto: Daniel Castelo Branco \/ Agencia O DiaDANIEL CASTELO BRANCO<\/p>\n\n\n\n<figure class=\"wp-block-image\"><img decoding=\"async\" src=\"https:\/\/odia.ig.com.br\/_midias\/jpg\/2020\/04\/04\/coronavirus_04_04_20038-16554801.jpg\" alt=\"\"\/><\/figure>\n\n\n\n<p>Reginaldo PimentaREGINALDO PIMENTA<\/p>\n\n\n\n<figure class=\"wp-block-image\"><img decoding=\"async\" src=\"https:\/\/odia.ig.com.br\/_midias\/jpg\/2020\/04\/04\/coronavirus_04_04_20033-16554567.jpg\" alt=\"\"\/><\/figure>\n\n\n\n<p>Reginaldo PimentaREGINALDO PIMENTA<\/p>\n\n\n\n<figure class=\"wp-block-image\"><img decoding=\"async\" src=\"https:\/\/odia.ig.com.br\/_midias\/jpg\/2020\/04\/03\/dani4246-16544669.jpg\" alt=\"\"\/><\/figure>\n\n\n\n<p>Rio &#8211; 01\/04\/2020 &#8211; COVID 19 &#8211; CORONAVIRUS &#8211; Herois da Pandemia &#8211; Caixa de Supermercado &#8211; Por ser um dos poucos estabelecimentos que podem ficar aberto na Quarentena do Covid-19, os supermercados tem cirulacao diaria de pessoas com isso os Caixas passam a ser grupos de risco, podendo ser contaminados com o coronavirus. Na foto a funcionaria Lucimar Benicio Pereira do Supermercado Guanabara . Foto: Daniel Castelo Branco \/ Agencia O DiaDANIEL CASTELO BRANCO<\/p>\n\n\n\n<figure class=\"wp-block-image\"><img decoding=\"async\" src=\"https:\/\/odia.ig.com.br\/_midias\/jpg\/2020\/04\/03\/dani4169-16544349.jpg\" alt=\"\"\/><\/figure>\n\n\n\n<p>Rio &#8211; 01\/04\/2020 &#8211; COVID 19 &#8211; CORONAVIRUS &#8211; Herois da Pandemia &#8211; Caixa de Supermercado &#8211; Por ser um dos poucos estabelecimentos que podem ficar aberto na Quarentena do Covid-19, os supermercados tem cirulacao diaria de pessoas com isso os Caixas passam a ser grupos de risco, podendo ser contaminados com o coronavirus. Na foto a funcionaria Lucimar Benicio Pereira do Supermercado Guanabara . Foto: Daniel Castelo Branco \/ Agencia O DiaDANIEL CASTELO BRANCO<\/p>\n\n\n\n<figure class=\"wp-block-image\"><img decoding=\"async\" src=\"https:\/\/odia.ig.com.br\/_midias\/jpg\/2020\/03\/24\/novo_coronavirus_oms_divulgacao-16358479.jpg\" alt=\"\"\/><\/figure>\n\n\n\n<p>Pesquisadores infectaram c\u00e9lulas com o Sars-CoV-2. Em 24 horas foi notada redu\u00e7\u00e3o significativa do material gen\u00e9tico do novo coronav\u00edrus. Ap\u00f3s 48 horas ele havia sido erradicado.<\/p>\n\n\n\n<p>No estudo, os pesquisadores infectaram c\u00e9lulas com o Sars-CoV-2 e testaram a efic\u00e1cia do antiparasit\u00e1rio que \u00e9 vendido em todo o mundo. Em 24 horas foi notada redu\u00e7\u00e3o significativa do material gen\u00e9tico do novo coronav\u00edrus. Ap\u00f3s 48 horas ele havia sido erradicado. Em outras pesquisas laboratoriais a ivermectina tamb\u00e9m se mostrou eficaz contra o HIV, o influenza, a dengue e o zika.<\/p>\n\n\n\n<p>Kylie Wagstaff, principal respons\u00e1vel pelo estudo realizado na Austr\u00e1lia, diz que \u00e9 importante encontrar um rem\u00e9dio ou coquetel que j\u00e1 esteja dispon\u00edvel em todo o mundo e que seja eficaz no tratamento da Covid-19. &#8220;Isso ajudar\u00e1 as pessoas mais cedo&#8221;, afirma.<\/p>\n\n\n\n<p>O uso da ivermectina no tratamento da Covid-19 depende de mais testes laboratoriais e cl\u00ednicos.<\/p>\n\n\n\n<p>IG<br><\/p>\n","protected":false},"excerpt":{"rendered":"<p>Testes foram feitos em laborat\u00f3rio, agora falta testar em humanos para saber se a dose permitida \u00e9 eficaz contra o Sars-CoV-2 A corrida por rem\u00e9dio ou vacina que seja capaz de combater o Sars-CoV-2 de forma eficaz \u00e9 mundial. Na Austr\u00e1lia, uma pesquisa realizada pela Universidade de Monash, em Melbourne, teve um \u00f3timo resultado: descobriu [&hellip;]<\/p>\n","protected":false},"author":2,"featured_media":27069,"comment_status":"open","ping_status":"open","sticky":false,"template":"","format":"standard","meta":{"advanced_seo_description":"","jetpack_seo_html_title":"","jetpack_seo_noindex":false,"_jetpack_memberships_contains_paid_content":false,"footnotes":""},"categories":[107],"tags":[],"class_list":{"0":"post-27068","1":"post","2":"type-post","3":"status-publish","4":"format-standard","5":"has-post-thumbnail","7":"category-covid-19"},"jetpack_featured_media_url":"https:\/\/www.paranapraia.com.br\/wp-content\/uploads\/2020\/04\/1_novo_coronavirus_oms_divulgacao-16358479.jpg","jetpack_sharing_enabled":true,"_links":{"self":[{"href":"https:\/\/www.paranapraia.com.br\/index.php\/wp-json\/wp\/v2\/posts\/27068"}],"collection":[{"href":"https:\/\/www.paranapraia.com.br\/index.php\/wp-json\/wp\/v2\/posts"}],"about":[{"href":"https:\/\/www.paranapraia.com.br\/index.php\/wp-json\/wp\/v2\/types\/post"}],"author":[{"embeddable":true,"href":"https:\/\/www.paranapraia.com.br\/index.php\/wp-json\/wp\/v2\/users\/2"}],"replies":[{"embeddable":true,"href":"https:\/\/www.paranapraia.com.br\/index.php\/wp-json\/wp\/v2\/comments?post=27068"}],"version-history":[{"count":2,"href":"https:\/\/www.paranapraia.com.br\/index.php\/wp-json\/wp\/v2\/posts\/27068\/revisions"}],"predecessor-version":[{"id":27074,"href":"https:\/\/www.paranapraia.com.br\/index.php\/wp-json\/wp\/v2\/posts\/27068\/revisions\/27074"}],"wp:featuredmedia":[{"embeddable":true,"href":"https:\/\/www.paranapraia.com.br\/index.php\/wp-json\/wp\/v2\/media\/27069"}],"wp:attachment":[{"href":"https:\/\/www.paranapraia.com.br\/index.php\/wp-json\/wp\/v2\/media?parent=27068"}],"wp:term":[{"taxonomy":"category","embeddable":true,"href":"https:\/\/www.paranapraia.com.br\/index.php\/wp-json\/wp\/v2\/categories?post=27068"},{"taxonomy":"post_tag","embeddable":true,"href":"https:\/\/www.paranapraia.com.br\/index.php\/wp-json\/wp\/v2\/tags?post=27068"}],"curies":[{"name":"wp","href":"https:\/\/api.w.org\/{rel}","templated":true}]}}