{"id":27065,"date":"2020-04-09T15:06:28","date_gmt":"2020-04-09T18:06:28","guid":{"rendered":"https:\/\/www.paranapraia.com.br\/?p=27065"},"modified":"2020-04-09T15:06:31","modified_gmt":"2020-04-09T18:06:31","slug":"casos-de-covid-19-sao-maioria-entre-adultos-e-alcancam-mais-cidades-2","status":"publish","type":"post","link":"https:\/\/www.paranapraia.com.br\/index.php\/2020\/04\/09\/casos-de-covid-19-sao-maioria-entre-adultos-e-alcancam-mais-cidades-2\/","title":{"rendered":"Casos de Covid-19 s\u00e3o maioria entre adultos e alcan\u00e7am mais cidades"},"content":{"rendered":"\n<p>O Paran\u00e1 tem 402 pessoas com o novo coronav\u00edrus (Covid-19) na faixa et\u00e1ria entre 21 e 60 anos. Os adultos s\u00e3o os mais impactados at\u00e9 o momento, concentrando 73% dos 550 casos diagnosticados. Os registros j\u00e1 alcan\u00e7aram 72 das 399 cidades do Estado (18%).<\/p>\n\n\n\n<p>O levantamento epidemiol\u00f3gico foi feito pela Secretaria da Sa\u00fade depois do Estado atingir pico de 500 casos. No anterior, quando o Paran\u00e1 ultrapassou 250 testes positivos, os adultos j\u00e1 despontavam entre a faixa et\u00e1ria mais atingida.<\/p>\n\n\n\n<p>Os intervalos mais cr\u00edticos s\u00e3o entre 31 e 40 anos, com 114 casos, e entre 51 e 60 anos, com 108 pessoas positivadas para a Covid-19. A faixa et\u00e1ria entre 41 e 50 anos registra 93 diagn\u00f3sticos da doen\u00e7a, e aquela entre 21 e 30 anos re\u00fane 87 casos. Tamb\u00e9m h\u00e1 16 detectados entre crian\u00e7as, adolescentes e jovens at\u00e9 20 anos.<\/p>\n\n\n\n<p>A popula\u00e7\u00e3o mais idosa (60 anos ou mais) concentra 129 casos. S\u00e3o 79 diagn\u00f3sticos entre 61 e 70 anos, 36 entre 71 e 80 anos e 14 entre aqueles com mais de 81 anos.<\/p>\n\n\n\n<p>O levantamento da Secretaria de Sa\u00fade aponta tamb\u00e9m que os homens s\u00e3o mais atingidos do que as mulheres, ainda que a diferen\u00e7a seja bem estreita: 279 x 271 casos.<\/p>\n\n\n\n<p><strong>BOLETIM&nbsp;<\/strong>\u2013 De acordo com o \u00faltimo boletim epidemiol\u00f3gico, o Estado tem 550 casos confirmados, 5.303 descartados e 333 em investiga\u00e7\u00e3o. S\u00e3o 100 pacientes internados, 59 deles em Unidade de Terapia Intensiva (UTI) e 41 em leitos cl\u00ednicos.<\/p>\n\n\n\n<p><strong>\u00d3BITOS&nbsp;<\/strong>\u2013 O Paran\u00e1 j\u00e1 registrou 17 mortes pela doen\u00e7a. O mais jovem era um homem de 37 anos, morador de Londrina; o mais idoso, tamb\u00e9m do sexo masculino, tinha 94 e era residente de Curitiba. S\u00e3o cinco \u00f3bitos entre pessoas de at\u00e9 60 anos (29,5%) e 12 entre pacientes idosos (70,5%). Dos 17 \u00f3bitos, 11 eram homens e seis mulheres.<\/p>\n\n\n\n<p><strong>PRIMEIRO RAIO-X<\/strong>&nbsp;&#8211; No primeiro raio-x da doen\u00e7a, quando o Estado ultrapassou&nbsp;<a href=\"http:\/\/www.aen.pr.gov.br\/modules\/noticias\/article.php?storyid=106445\">250 casos<\/a>, os adultos representavam cerca de 72% entre os positivados. Havia, at\u00e9 ent\u00e3o, na \u00faltima quinta-feira&nbsp; (2), quatro mortes e 50 cidades (12,5%) com registros da doen\u00e7a.<\/p>\n\n\n\n<p><strong>CASOS<\/strong><\/p>\n\n\n\n<p><strong>FAIXA ET\u00c1RIA<\/strong><\/p>\n\n\n\n<p>0 &#8211; 10 anos &#8211; 3 casos &#8211; 0,5%<\/p>\n\n\n\n<p>11 &#8211; 20 anos &#8211; 13 casos &#8211; 2,3%<\/p>\n\n\n\n<p>21 &#8211; 30 anos &#8211; 87 casos &#8211; 15,8%<\/p>\n\n\n\n<p>31 \u2013 40 anos &#8211; 114 casos &#8211; 20,7%<\/p>\n\n\n\n<p>41 \u2013 50 anos &#8211; 93 casos &#8211; 16,9%<\/p>\n\n\n\n<p>51 \u2013 60 anos &#8211; 108 casos &#8211; 19,6%<\/p>\n\n\n\n<p>61 \u2013 70 anos &#8211; 79 casos &#8211; 14,3%<\/p>\n\n\n\n<p>71 \u2013 80 anos &#8211; 36 casos &#8211; 6,5%<\/p>\n\n\n\n<p>81 \u2013 90 anos &#8211; 12 casos &#8211; 2,1%<\/p>\n\n\n\n<p>Mais de 91 anos &#8211; 2 casos &#8211; 0,3%<\/p>\n\n\n\n<p>N\u00e3o informado &#8211; 3 casos &#8211; 0,5%<\/p>\n\n\n\n<p>Total: 550 casos<\/p>\n\n\n\n<p><strong>LABORAT\u00d3RIOS DOS CASOS POSITIVADOS<\/strong><\/p>\n\n\n\n<p>Laborat\u00f3rio Central do Estado &#8211; 330 testes positivos, entre mais de 5 mil j\u00e1 realizados<\/p>\n\n\n\n<p>Demais laborat\u00f3rios &#8211; 220 testes positivos<\/p>\n\n\n\n<p><strong>G\u00caNERO<\/strong><\/p>\n\n\n\n<p>279 homens<\/p>\n\n\n\n<p>271 mulheres<\/p>\n\n\n\n<p><strong>CIDADES<\/strong><\/p>\n\n\n\n<p>Curitiba &#8211; 205&nbsp;<\/p>\n\n\n\n<p>Londrina &#8211; 59<\/p>\n\n\n\n<p>Cascavel &#8211; 42<\/p>\n\n\n\n<p>Foz do Igua\u00e7u &#8211; 26<\/p>\n\n\n\n<p>Maring\u00e1 &#8211; 25&nbsp;<\/p>\n\n\n\n<p>Campo Mour\u00e3o &#8211; 15<\/p>\n\n\n\n<p>Cianorte &#8211; 13<\/p>\n\n\n\n<p>Campo Largo &#8211; 10<\/p>\n\n\n\n<p>Pinhais e S\u00e3o Jos\u00e9 dos Pinhais &#8211; 9<\/p>\n\n\n\n<p><strong>\u00d3BITOS<\/strong><\/p>\n\n\n\n<p><strong>FAIXA ET\u00c1RIA<\/strong><\/p>\n\n\n\n<p>31 \u2013 40 anos &#8211; 1 caso &#8211; 5,8%<\/p>\n\n\n\n<p>51 \u2013 60 anos &#8211; 4 casos &#8211; 23,5%<\/p>\n\n\n\n<p>61 \u2013 70 anos &#8211; 4 casos &#8211; 23,5%<\/p>\n\n\n\n<p>71 \u2013 80 anos &#8211; 4 casos &#8211; 23,5%<\/p>\n\n\n\n<p>81 \u2013 90 anos &#8211; 3 casos &#8211; 17,6%<\/p>\n\n\n\n<p>Mais de 90 anos &#8211; 1 caso &#8211; 5,8%<\/p>\n\n\n\n<p>Total: 17 \u00f3bitos<\/p>\n\n\n\n<p><strong>G\u00caNERO<\/strong><\/p>\n\n\n\n<p>11 homens<\/p>\n\n\n\n<p>6 mulheres<\/p>\n\n\n\n<p><strong>CIDADES<\/strong><\/p>\n\n\n\n<p>Campo Mour\u00e3o &#8211; 4<\/p>\n\n\n\n<p>Curitiba &#8211; 3<\/p>\n\n\n\n<p>Londrina e Maring\u00e1 &#8211; 2<\/p>\n\n\n\n<p>Primeiro de Maio, Cianorte, Quatigu\u00e1, Santa F\u00e9, Paranagu\u00e1 e Cascavel &#8211; 1<\/p>\n\n\n\n<p>AEN<br><\/p>\n","protected":false},"excerpt":{"rendered":"<p>O Paran\u00e1 tem 402 pessoas com o novo coronav\u00edrus (Covid-19) na faixa et\u00e1ria entre 21 e 60 anos. Os adultos s\u00e3o os mais impactados at\u00e9 o momento, concentrando 73% dos 550 casos diagnosticados. Os registros j\u00e1 alcan\u00e7aram 72 das 399 cidades do Estado (18%). O levantamento epidemiol\u00f3gico foi feito pela Secretaria da Sa\u00fade depois do [&hellip;]<\/p>\n","protected":false},"author":2,"featured_media":27066,"comment_status":"open","ping_status":"open","sticky":false,"template":"","format":"standard","meta":{"advanced_seo_description":"","jetpack_seo_html_title":"","jetpack_seo_noindex":false,"_jetpack_memberships_contains_paid_content":false,"footnotes":""},"categories":[40],"tags":[],"class_list":{"0":"post-27065","1":"post","2":"type-post","3":"status-publish","4":"format-standard","5":"has-post-thumbnail","7":"category-destaques"},"jetpack_featured_media_url":"https:\/\/www.paranapraia.com.br\/wp-content\/uploads\/2020\/04\/normal_CENTRO_HOSPITALAR_DE_REABILITACAO300320_83.jpg","jetpack_sharing_enabled":true,"_links":{"self":[{"href":"https:\/\/www.paranapraia.com.br\/index.php\/wp-json\/wp\/v2\/posts\/27065"}],"collection":[{"href":"https:\/\/www.paranapraia.com.br\/index.php\/wp-json\/wp\/v2\/posts"}],"about":[{"href":"https:\/\/www.paranapraia.com.br\/index.php\/wp-json\/wp\/v2\/types\/post"}],"author":[{"embeddable":true,"href":"https:\/\/www.paranapraia.com.br\/index.php\/wp-json\/wp\/v2\/users\/2"}],"replies":[{"embeddable":true,"href":"https:\/\/www.paranapraia.com.br\/index.php\/wp-json\/wp\/v2\/comments?post=27065"}],"version-history":[{"count":1,"href":"https:\/\/www.paranapraia.com.br\/index.php\/wp-json\/wp\/v2\/posts\/27065\/revisions"}],"predecessor-version":[{"id":27067,"href":"https:\/\/www.paranapraia.com.br\/index.php\/wp-json\/wp\/v2\/posts\/27065\/revisions\/27067"}],"wp:featuredmedia":[{"embeddable":true,"href":"https:\/\/www.paranapraia.com.br\/index.php\/wp-json\/wp\/v2\/media\/27066"}],"wp:attachment":[{"href":"https:\/\/www.paranapraia.com.br\/index.php\/wp-json\/wp\/v2\/media?parent=27065"}],"wp:term":[{"taxonomy":"category","embeddable":true,"href":"https:\/\/www.paranapraia.com.br\/index.php\/wp-json\/wp\/v2\/categories?post=27065"},{"taxonomy":"post_tag","embeddable":true,"href":"https:\/\/www.paranapraia.com.br\/index.php\/wp-json\/wp\/v2\/tags?post=27065"}],"curies":[{"name":"wp","href":"https:\/\/api.w.org\/{rel}","templated":true}]}}