{"id":27062,"date":"2020-04-09T14:56:20","date_gmt":"2020-04-09T17:56:20","guid":{"rendered":"https:\/\/www.paranapraia.com.br\/?p=27062"},"modified":"2020-04-09T14:56:24","modified_gmt":"2020-04-09T17:56:24","slug":"revoltado-com-diagnostico-paciente-cospe-e-da-soco-em-medico","status":"publish","type":"post","link":"https:\/\/www.paranapraia.com.br\/index.php\/2020\/04\/09\/revoltado-com-diagnostico-paciente-cospe-e-da-soco-em-medico\/","title":{"rendered":"Revoltado com diagn\u00f3stico, paciente cospe e d\u00e1 soco em m\u00e9dico"},"content":{"rendered":"\n<h4 class=\"wp-block-heading\">O homem teria cuspido e espirrado sangue contra funcion\u00e1rios da unidade de sa\u00fade e atingido com um soco um m\u00e9dico que tentou cont\u00ea-lo.<\/h4>\n\n\n\n<p> Um paciente com suspeita de infec\u00e7\u00e3o pelo novo coronav\u00edrus agrediu membros da equipe de sa\u00fade da Unidade de Pronto Atendimento (UPA) do bairro Sitio Cercado, em Curitiba (PR), nesta quarta-feira (8). O homem de 40 anos teria cuspido e espirrado sangue contra funcion\u00e1rios da unidade e atingido com um soco um m\u00e9dico que tentava cont\u00ea-lo.<\/p>\n\n\n\n<p><br>Segundo relat\u00f3rio de atendimento gerado pela unidade e divulgado pelo Sindicato dos M\u00e9dicos do Paran\u00e1 (Simepar), o m\u00e9dico Igor Onaka foi chamado para auxiliar no atendimento do paciente que apresentava sintomas da Covid-19, mas recusava indica\u00e7\u00e3o de internamento.<\/p>\n\n\n\n<p><br>Conforme o documento, foi quando o homem arrancou o cateter de oxig\u00eanio e o acesso venoso que mantinha no bra\u00e7o, o que provocou a perda de sangue. Ao ser contido, o paciente deu um soco no rosto do m\u00e9dico, que ficou sujo pelo sangue do homem e dele mesmo.<\/p>\n\n\n\n<p><br>Ainda segundo o relato, o paciente balan\u00e7ou o bra\u00e7o para que o sangue atingisse os demais funcion\u00e1rios da unidade e tamb\u00e9m cuspiu contra \u00e0 equipe de sa\u00fade e agentes da guarda municipal chamados para auxiliar na a\u00e7\u00e3o. Ele tamb\u00e9m teria tentado morder os servidores.<\/p>\n\n\n\n<p><br>Ao final do relat\u00f3rio, a equipe pediu ajuda \u00e0s autoridades de sa\u00fade diante da gravidade do caso e do risco de contamina\u00e7\u00e3o. O grupo citou que a unidade est\u00e1 sem equipamentos de prote\u00e7\u00e3o adequados para o atendimento, contando apenas com m\u00e1scaras cir\u00fargicas.<\/p>\n\n\n\n<p><br>Em nota, a prefeitura de Curitiba confirmou o caso e afirmou que o homem apresentava sintomas de Covid-19, como dificuldade de respirar, e possui hist\u00f3rico de transtorno mental.<\/p>\n\n\n\n<p><br>A secretaria de sa\u00fade e a Funda\u00e7\u00e3o Estatal de Aten\u00e7\u00e3o \u00e0 Sa\u00fade, que administra a UPA, repudiaram a agress\u00e3o, mas disseram lamentar &#8220;a tentativa da entidade que representa os m\u00e9dicos de relacionar a viol\u00eancia \u00e0 suposta falta de equipamentos de prote\u00e7\u00e3o individual&#8221;.<\/p>\n\n\n\n<p><br>Os \u00f3rg\u00e3os afirmaram que demonstraram ao Minist\u00e9rio P\u00fablico do Trabalho que seguem as normas para uso de EPIs e que at\u00e9 vai al\u00e9m das normas da Anvisa, fornecendo &#8220;equipamentos mesmo em situa\u00e7\u00f5es em que n\u00e3o seriam necess\u00e1rios&#8221;.<br>NAOM<br><\/p>\n","protected":false},"excerpt":{"rendered":"<p>O homem teria cuspido e espirrado sangue contra funcion\u00e1rios da unidade de sa\u00fade e atingido com um soco um m\u00e9dico que tentou cont\u00ea-lo. Um paciente com suspeita de infec\u00e7\u00e3o pelo novo coronav\u00edrus agrediu membros da equipe de sa\u00fade da Unidade de Pronto Atendimento (UPA) do bairro Sitio Cercado, em Curitiba (PR), nesta quarta-feira (8). O [&hellip;]<\/p>\n","protected":false},"author":2,"featured_media":27063,"comment_status":"open","ping_status":"open","sticky":false,"template":"","format":"standard","meta":{"advanced_seo_description":"","jetpack_seo_html_title":"","jetpack_seo_noindex":false,"_jetpack_memberships_contains_paid_content":false,"footnotes":""},"categories":[40],"tags":[],"class_list":{"0":"post-27062","1":"post","2":"type-post","3":"status-publish","4":"format-standard","5":"has-post-thumbnail","7":"category-destaques"},"jetpack_featured_media_url":"https:\/\/www.paranapraia.com.br\/wp-content\/uploads\/2020\/04\/2020-04-09-0000-1.jpg","jetpack_sharing_enabled":true,"_links":{"self":[{"href":"https:\/\/www.paranapraia.com.br\/index.php\/wp-json\/wp\/v2\/posts\/27062"}],"collection":[{"href":"https:\/\/www.paranapraia.com.br\/index.php\/wp-json\/wp\/v2\/posts"}],"about":[{"href":"https:\/\/www.paranapraia.com.br\/index.php\/wp-json\/wp\/v2\/types\/post"}],"author":[{"embeddable":true,"href":"https:\/\/www.paranapraia.com.br\/index.php\/wp-json\/wp\/v2\/users\/2"}],"replies":[{"embeddable":true,"href":"https:\/\/www.paranapraia.com.br\/index.php\/wp-json\/wp\/v2\/comments?post=27062"}],"version-history":[{"count":1,"href":"https:\/\/www.paranapraia.com.br\/index.php\/wp-json\/wp\/v2\/posts\/27062\/revisions"}],"predecessor-version":[{"id":27064,"href":"https:\/\/www.paranapraia.com.br\/index.php\/wp-json\/wp\/v2\/posts\/27062\/revisions\/27064"}],"wp:featuredmedia":[{"embeddable":true,"href":"https:\/\/www.paranapraia.com.br\/index.php\/wp-json\/wp\/v2\/media\/27063"}],"wp:attachment":[{"href":"https:\/\/www.paranapraia.com.br\/index.php\/wp-json\/wp\/v2\/media?parent=27062"}],"wp:term":[{"taxonomy":"category","embeddable":true,"href":"https:\/\/www.paranapraia.com.br\/index.php\/wp-json\/wp\/v2\/categories?post=27062"},{"taxonomy":"post_tag","embeddable":true,"href":"https:\/\/www.paranapraia.com.br\/index.php\/wp-json\/wp\/v2\/tags?post=27062"}],"curies":[{"name":"wp","href":"https:\/\/api.w.org\/{rel}","templated":true}]}}