{"id":27059,"date":"2020-04-09T14:42:10","date_gmt":"2020-04-09T17:42:10","guid":{"rendered":"https:\/\/www.paranapraia.com.br\/?p=27059"},"modified":"2020-04-09T14:42:14","modified_gmt":"2020-04-09T17:42:14","slug":"ratinho-diz-que-nao-ha-prazo-para-fim-do-isolamento-e-nao-descarta-quarentena-pesada","status":"publish","type":"post","link":"https:\/\/www.paranapraia.com.br\/index.php\/2020\/04\/09\/ratinho-diz-que-nao-ha-prazo-para-fim-do-isolamento-e-nao-descarta-quarentena-pesada\/","title":{"rendered":"Ratinho diz que n\u00e3o h\u00e1 prazo para fim do isolamento e n\u00e3o descarta \u2018quarentena pesada\u2019"},"content":{"rendered":"\n<h4 class=\"wp-block-heading\">Aumento de casos di\u00e1rios fora da curva pode ser o gatilho para apertar o isolamento<\/h4>\n\n\n\n<p>Exatos 30 dias ap\u00f3s a confirma\u00e7\u00e3o do 1\u00ba caso de coronav\u00edrus no Paran\u00e1, o governador Ratinho J\u00fanior disse nesta quinta-feira (9), em uma transmiss\u00e3o ao vivo pelas redes sociais, que \u00e9 preciso manter o isolamento social no Paran\u00e1. O governador agradeceu \u00e0 popula\u00e7\u00e3o paranaense pela compreens\u00e3o e disse que \u00e9 preciso cumprir o isolamento, do contr\u00e1rio, poderemos ter que cumprir uma quarentena muito mais r\u00edgida.<\/p>\n\n\n\n<p>\u201cN\u00e3o \u00e9 uma corrida de 100 metros, \u00e9 uma maratona que requer meses ainda de planejamento. Quero agradecer a popula\u00e7\u00e3o paranaense que tem compreendido a import\u00e2ncia de ficar em casa. Temos 550 casos confirmados em 30 dias, mas isso n\u00e3o quer dizer que vencemos a guerra. O isolamento social continua. Temos que proteger a todos, principalmente nossos idosos\u201d, afirmou o governador em transmiss\u00e3o feita no Hospital do Rocio, em Campo Largo, na regi\u00e3o Metropolitana de Curitiba, que recebeu novos leitos de enfrentamento ao Covid-19.<\/p>\n\n\n\n<h1 class=\"wp-block-heading\">N\u00e3o h\u00e1 prazo<\/h1>\n\n\n\n<p>O governador disse ainda que n\u00e3o h\u00e1 prazo para a retomada de todas as atividades na economia no Paran\u00e1, mas ressaltou que que n\u00e3o h\u00e1 uma proibi\u00e7\u00e3o, mas sim orienta\u00e7\u00e3o sobre o que deve ou n\u00e3o funcionar.<\/p>\n\n\n\n<p>\u201cN\u00e3o tem data definida para a retomada porque n\u00e3o sabemos quando isso tudo vai acabar. Sabemos que, por experi\u00eancias mundiais, quatro meses tem sido o prazo para o retorno da normalidade, mas n\u00e3o sabemos. Aqui n\u00e3o fizemos um decreto proibindo nichos do mercado de atuarem, fizemos sim uma orienta\u00e7\u00e3o sobre os setores essenciais e o que deveria fechar. O com\u00e9rcio em Curitiba, por exemplo, fechou as portas por orienta\u00e7\u00e3o da Associa\u00e7\u00e3o Comercial porque muitos funcion\u00e1rios e clientes n\u00e3o queriam mais sair de casa. O mais importante \u00e9 manter a orienta\u00e7\u00e3o de que todos que possam fiquem em casa\u201d, disse Ratinho.<\/p>\n\n\n\n<p>O governador completou ainda dizendo que o v\u00edrus vai se propagar, mas temos que evitar a superlota\u00e7\u00e3o do servi\u00e7o de sa\u00fade. \u201cN\u00e3o \u00e9 f\u00e1cil ficar em casa, mas neste momento todos t\u00eam que entender que s\u00f3 isso vai nos dar a oportunidade de controle. N\u00e3o \u00e9 o presidente, o governador e os prefeitos que v\u00e3o fazer com que isso fique sob controle. \u00c9 o bom senso que vai nos fazer vencer esta guerra. Se isso n\u00e3o acontecer, a\u00ed o estado ter\u00e1 que intervir para recolher todo mundo para que o sistema hospitalar n\u00e3o entre em colapso\u201d.<\/p>\n\n\n\n<p>O governador disse ainda que o \u2018gatilho\u2019 para uma quarentena mais pesada \u00e9 o aumento do n\u00famero de casos. \u201cO gatilho para tomar uma decis\u00e3o dr\u00e1stica de recolher todos \u00e9 o aumento di\u00e1rio de casos no paran\u00e1. Se isso sair muito fora da curva, teremos que tomar uma decis\u00e3o dr\u00e1stica. Por enquanto, a popula\u00e7\u00e3o est\u00e1 colaborando\u201d, completou.<\/p>\n\n\n\n<h1 class=\"wp-block-heading\">Leitos<\/h1>\n\n\n\n<p>O secret\u00e1rio de sa\u00fade Beto Preto disse que a capacidade de leitos de UTI vai quase dobrar no estado em at\u00e9 45 dias. \u201cJ\u00e1 ampliamos em 418 o n\u00famero de leitos de UTI e estamos preparando outros 500 para entrar em opera\u00e7\u00e3o em at\u00e9 45 dias. Vamos fechar com quase 1000 novos leitos, quase dobrando a capacidade no estado\u201d,&nbsp; disse os secret\u00e1rio.<\/p>\n\n\n\n<p>O Paran\u00e1 tem 550 casos confirmados, 5.303 descartados e 333 em investiga\u00e7\u00e3o. S\u00e3o 100 pacientes internados, 59 deles em Unidade de Terapia Intensiva (UTI) e 41 em leitos cl\u00ednicos. Cerca de 200 pessoas j\u00e1 se recuperaram.<\/p>\n\n\n\n<p>Banda B<br><\/p>\n\n\n\n<p><br><\/p>\n","protected":false},"excerpt":{"rendered":"<p>Aumento de casos di\u00e1rios fora da curva pode ser o gatilho para apertar o isolamento Exatos 30 dias ap\u00f3s a confirma\u00e7\u00e3o do 1\u00ba caso de coronav\u00edrus no Paran\u00e1, o governador Ratinho J\u00fanior disse nesta quinta-feira (9), em uma transmiss\u00e3o ao vivo pelas redes sociais, que \u00e9 preciso manter o isolamento social no Paran\u00e1. O governador [&hellip;]<\/p>\n","protected":false},"author":2,"featured_media":27060,"comment_status":"open","ping_status":"open","sticky":false,"template":"","format":"standard","meta":{"advanced_seo_description":"","jetpack_seo_html_title":"","jetpack_seo_noindex":false,"_jetpack_memberships_contains_paid_content":false,"footnotes":""},"categories":[40],"tags":[],"class_list":{"0":"post-27059","1":"post","2":"type-post","3":"status-publish","4":"format-standard","5":"has-post-thumbnail","7":"category-destaques"},"jetpack_featured_media_url":"https:\/\/www.paranapraia.com.br\/wp-content\/uploads\/2020\/04\/MG_6973-635x399-1.jpg","jetpack_sharing_enabled":true,"_links":{"self":[{"href":"https:\/\/www.paranapraia.com.br\/index.php\/wp-json\/wp\/v2\/posts\/27059"}],"collection":[{"href":"https:\/\/www.paranapraia.com.br\/index.php\/wp-json\/wp\/v2\/posts"}],"about":[{"href":"https:\/\/www.paranapraia.com.br\/index.php\/wp-json\/wp\/v2\/types\/post"}],"author":[{"embeddable":true,"href":"https:\/\/www.paranapraia.com.br\/index.php\/wp-json\/wp\/v2\/users\/2"}],"replies":[{"embeddable":true,"href":"https:\/\/www.paranapraia.com.br\/index.php\/wp-json\/wp\/v2\/comments?post=27059"}],"version-history":[{"count":1,"href":"https:\/\/www.paranapraia.com.br\/index.php\/wp-json\/wp\/v2\/posts\/27059\/revisions"}],"predecessor-version":[{"id":27061,"href":"https:\/\/www.paranapraia.com.br\/index.php\/wp-json\/wp\/v2\/posts\/27059\/revisions\/27061"}],"wp:featuredmedia":[{"embeddable":true,"href":"https:\/\/www.paranapraia.com.br\/index.php\/wp-json\/wp\/v2\/media\/27060"}],"wp:attachment":[{"href":"https:\/\/www.paranapraia.com.br\/index.php\/wp-json\/wp\/v2\/media?parent=27059"}],"wp:term":[{"taxonomy":"category","embeddable":true,"href":"https:\/\/www.paranapraia.com.br\/index.php\/wp-json\/wp\/v2\/categories?post=27059"},{"taxonomy":"post_tag","embeddable":true,"href":"https:\/\/www.paranapraia.com.br\/index.php\/wp-json\/wp\/v2\/tags?post=27059"}],"curies":[{"name":"wp","href":"https:\/\/api.w.org\/{rel}","templated":true}]}}