{"id":27053,"date":"2020-04-09T12:08:26","date_gmt":"2020-04-09T15:08:26","guid":{"rendered":"https:\/\/www.paranapraia.com.br\/?p=27053"},"modified":"2020-04-09T12:08:29","modified_gmt":"2020-04-09T15:08:29","slug":"prefeitura-de-paranagua-confirma-duas-novas-mortes-por-covid-19","status":"publish","type":"post","link":"https:\/\/www.paranapraia.com.br\/index.php\/2020\/04\/09\/prefeitura-de-paranagua-confirma-duas-novas-mortes-por-covid-19\/","title":{"rendered":"Prefeitura de Paranagu\u00e1 confirma duas novas mortes por Covid-19"},"content":{"rendered":"\n<h4 class=\"wp-block-heading\">V\u00edtimas s\u00e3o um homem de 47 anos, que estava internado no Hospital Paranagu\u00e1, e uma mulher de 83 anos, que estava no Hospital Regional do Litoral.<\/h4>\n\n\n\n<p>A Prefeitura de Paranagu\u00e1, no litoral do Paran\u00e1, confirmou, na manh\u00e3 desta quinta-feira (9), duas novas mortes por Covid-19 na cidade.<\/p>\n\n\n\n<p>As duas pessoas morreram na noite de quarta-feira (8).<\/p>\n\n\n\n<p>As v\u00edtimas s\u00e3o uma idosa de 83 anos, que estava internada no Hospital Regional do Litoral, e um homem de 47 anos, que estava na Unidade de Terapia Intensiva (UTI) do Hospital Paranagu\u00e1.<\/p>\n\n\n\n<p>Ao todo, s\u00e3o tr\u00eas mortes por coronav\u00edrus em Paranagu\u00e1.&nbsp;<a href=\"https:\/\/g1.globo.com\/pr\/parana\/noticia\/2020\/04\/08\/homem-de-63-anos-morre-vitima-de-covid-19-em-paranagua-confirma-prefeitura.ghtml\">A primeira v\u00edtima foi confirmada na manh\u00e3 de quarta-feira<\/a>.<\/p>\n\n\n\n<p>De acordo com o boletim di\u00e1rio divulgado pela Secretaria de Estado da Sa\u00fade (Sesa),&nbsp;<a href=\"https:\/\/g1.globo.com\/pr\/parana\/noticia\/2020\/04\/08\/sobe-para-550-o-numero-de-casos-confirmados-de-coronavirus-no-parana-aponta-boletim.ghtml\">o Paran\u00e1 tinha 550 casos confirmados da doen\u00e7a<\/a>&nbsp;at\u00e9 a tarde de quarta-feira.<\/p>\n\n\n\n<h2 class=\"wp-block-heading\">V\u00edtimas<\/h2>\n\n\n\n<p>O homem de 47 anos era morador de Paranagu\u00e1, mas trabalhava na Prefeitura de Matinhos, tamb\u00e9m no litoral do estado.<\/p>\n\n\n\n<p>Segundo a administra\u00e7\u00e3o municipal de Matinhos, ele foi internado no dia 30 de mar\u00e7o, com diagn\u00f3stico de pneumonia, ap\u00f3s retornar de uma viagem \u00e0 Turquia.<\/p>\n\n\n\n<p>O homem tinha asma e obesidade.<\/p>\n\n\n\n<p>A Prefeitura de Paranagu\u00e1 n\u00e3o informou detalhes sobre a v\u00edtima de 83 anos.<\/p>\n\n\n\n<p>G1PR<br><\/p>\n","protected":false},"excerpt":{"rendered":"<p>V\u00edtimas s\u00e3o um homem de 47 anos, que estava internado no Hospital Paranagu\u00e1, e uma mulher de 83 anos, que estava no Hospital Regional do Litoral. A Prefeitura de Paranagu\u00e1, no litoral do Paran\u00e1, confirmou, na manh\u00e3 desta quinta-feira (9), duas novas mortes por Covid-19 na cidade. As duas pessoas morreram na noite de quarta-feira [&hellip;]<\/p>\n","protected":false},"author":2,"featured_media":27054,"comment_status":"open","ping_status":"open","sticky":false,"template":"","format":"standard","meta":{"advanced_seo_description":"","jetpack_seo_html_title":"","jetpack_seo_noindex":false,"_jetpack_memberships_contains_paid_content":false,"footnotes":""},"categories":[40],"tags":[],"class_list":{"0":"post-27053","1":"post","2":"type-post","3":"status-publish","4":"format-standard","5":"has-post-thumbnail","7":"category-destaques"},"jetpack_featured_media_url":"https:\/\/www.paranapraia.com.br\/wp-content\/uploads\/2020\/04\/110784780-gettyimages-1200706447.jpg","jetpack_sharing_enabled":true,"_links":{"self":[{"href":"https:\/\/www.paranapraia.com.br\/index.php\/wp-json\/wp\/v2\/posts\/27053"}],"collection":[{"href":"https:\/\/www.paranapraia.com.br\/index.php\/wp-json\/wp\/v2\/posts"}],"about":[{"href":"https:\/\/www.paranapraia.com.br\/index.php\/wp-json\/wp\/v2\/types\/post"}],"author":[{"embeddable":true,"href":"https:\/\/www.paranapraia.com.br\/index.php\/wp-json\/wp\/v2\/users\/2"}],"replies":[{"embeddable":true,"href":"https:\/\/www.paranapraia.com.br\/index.php\/wp-json\/wp\/v2\/comments?post=27053"}],"version-history":[{"count":1,"href":"https:\/\/www.paranapraia.com.br\/index.php\/wp-json\/wp\/v2\/posts\/27053\/revisions"}],"predecessor-version":[{"id":27055,"href":"https:\/\/www.paranapraia.com.br\/index.php\/wp-json\/wp\/v2\/posts\/27053\/revisions\/27055"}],"wp:featuredmedia":[{"embeddable":true,"href":"https:\/\/www.paranapraia.com.br\/index.php\/wp-json\/wp\/v2\/media\/27054"}],"wp:attachment":[{"href":"https:\/\/www.paranapraia.com.br\/index.php\/wp-json\/wp\/v2\/media?parent=27053"}],"wp:term":[{"taxonomy":"category","embeddable":true,"href":"https:\/\/www.paranapraia.com.br\/index.php\/wp-json\/wp\/v2\/categories?post=27053"},{"taxonomy":"post_tag","embeddable":true,"href":"https:\/\/www.paranapraia.com.br\/index.php\/wp-json\/wp\/v2\/tags?post=27053"}],"curies":[{"name":"wp","href":"https:\/\/api.w.org\/{rel}","templated":true}]}}