{"id":27035,"date":"2020-04-09T11:53:41","date_gmt":"2020-04-09T14:53:41","guid":{"rendered":"https:\/\/www.paranapraia.com.br\/?p=27035"},"modified":"2020-04-09T11:53:45","modified_gmt":"2020-04-09T14:53:45","slug":"estiagem-transforma-paisagem-do-rio-parana-responsavel-pela-energia-gerada-em-itaipu-veja-fotos","status":"publish","type":"post","link":"https:\/\/www.paranapraia.com.br\/index.php\/2020\/04\/09\/estiagem-transforma-paisagem-do-rio-parana-responsavel-pela-energia-gerada-em-itaipu-veja-fotos\/","title":{"rendered":"Estiagem transforma paisagem do Rio Paran\u00e1, respons\u00e1vel pela energia gerada em Itaipu; VEJA FOTOS"},"content":{"rendered":"\n<h4 class=\"wp-block-heading\">Segundo a usina, vaz\u00e3o do rio, acima da barragem, est\u00e1 42% abaixo do normal. Seca revelou Kombi no leito do manancial, na regi\u00e3o de Foz do Igua\u00e7u, no oeste do Paran\u00e1.<\/h4>\n\n\n\n<p>A estiagem transformou a paisagem do Rio Paran\u00e1, que \u00e9 o principal respons\u00e1vel pela energia gerada pela Itaipu Binacional, em Foz do Igua\u00e7u, no oeste do estado. O volume de \u00e1gua, acima da barragem da hidrel\u00e9trica, est\u00e1 42% abaixo do normal.<\/p>\n\n\n\n<p>Na primeira semana de abril, a vaz\u00e3o do Rio Paran\u00e1, acima da hidrel\u00e9trica, era de aproximadamente 6,7 milh\u00f5es de litros por segundo, conforme a Itaipu Binacional.<\/p>\n\n\n\n<p>Segundo a usina, essa foi a menor quantidade de volume de \u00e1gua dos \u00faltimos oito anos. Por causa dessa seca, ve\u00edculos que estavam no leito do Rio Paran\u00e1 foram revelados entre as pedras.\u00a0<strong>Veja as fotos abaixo.<\/strong><\/p>\n\n\n\n<p>Com a falta de chuvas, a gera\u00e7\u00e3o de energia da usina nesta quarta-feira (8) era de 6 mil megawatts m\u00e9dio, o que poderia abastecer o Paran\u00e1 por um dia e 16 horas ou Curitiba por 12 dias.<\/p>\n\n\n\n<p>Fora do per\u00edodo de seca, segundo a Itaipu, a energia gerada diariamente varia entre 10 mil a 12 mil megawatts m\u00e9dios.<\/p>\n\n\n\n<p>A Itaipu Binacional responde por 12% da energia consumida no Brasil e por mais de 90% do consumo do Paraguai, conforme a hidrel\u00e9trica.<\/p>\n\n\n\n<figure class=\"wp-block-image\"><img decoding=\"async\" src=\"https:\/\/s2.glbimg.com\/V5co9XoRmlm40jdr9sOanF2aJWE=\/0x0:1920x1080\/984x0\/smart\/filters:strip_icc()\/i.s3.glbimg.com\/v1\/AUTH_59edd422c0c84a879bd37670ae4f538a\/internal_photos\/bs\/2020\/H\/t\/okIpMMQWApnsA9Aw6JiQ\/rio-parana-17-.png\" alt=\"Pescadores que utilizam o Rio Paran\u00e1 descobriram uma Kombi \u00e0s margens do rio, que estava escondida debaixo d'\u00e1gua, em Foz do Igua\u00e7u \u2014 Foto: Giovani Zanardi\/RPC\"\/><\/figure>\n\n\n\n<p>Pescadores que utilizam o Rio Paran\u00e1 descobriram uma Kombi \u00e0s margens do rio, que estava escondida debaixo d&#8217;\u00e1gua, em Foz do Igua\u00e7u \u2014 Foto: Giovani Zanardi\/RPC<\/p>\n\n\n\n<p>A Itaipu represa o Rio Paran\u00e1 para gerar energia e, segundo a hidrel\u00e9trica, o n\u00edvel do lago est\u00e1 sendo mantido a cerca de dois metros abaixo do normal.<\/p>\n\n\n\n<p>Conforme a usina, apesar da redu\u00e7\u00e3o de energia gerada, tem sido poss\u00edvel atender a demanda por causa das medidas adotadas em combate ao novo coronav\u00edrus, que fecharam ind\u00fastrias, com\u00e9rcio e escolas.<\/p>\n\n\n\n<p>O Rio Paran\u00e1 passa por grande parte do sul do Brasil e \u00e9 o segundo maior rio da Am\u00e9rica do Sul.<\/p>\n\n\n\n<p>Segundo a Itaipu, para a vaz\u00e3o do Rio Paran\u00e1 aumentar, nas barragens da hidrel\u00e9trica, \u00e9 necess\u00e1rio ocorrer chuvas no oeste do Paran\u00e1 e no sul do Mato Grosso do Sul.<\/p>\n\n\n\n<figure class=\"wp-block-image\"><img decoding=\"async\" src=\"https:\/\/s2.glbimg.com\/dmCSZlo5hHT7_4_r96F9SZTDoQo=\/0x0:1920x1080\/1008x0\/smart\/filters:strip_icc()\/i.s3.glbimg.com\/v1\/AUTH_59edd422c0c84a879bd37670ae4f538a\/internal_photos\/bs\/2020\/W\/V\/5qrfGOSke0rVDdFlfW4w\/rio-parana-2-.png\" alt=\"Leito do Rio Paran\u00e1 est\u00e1 mais estreito com a queda do n\u00edvel de \u00e1gua \u2014 Foto: Giovani Zanardi\/RPC\"\/><\/figure>\n\n\n\n<p>Leito do Rio Paran\u00e1 est\u00e1 mais estreito com a queda do n\u00edvel de \u00e1gua \u2014 Foto: Giovani Zanardi\/RPC<\/p>\n\n\n\n<figure class=\"wp-block-image\"><img decoding=\"async\" src=\"https:\/\/s2.glbimg.com\/jTUaUu5zI3dddJSrQ2Sg4xiXxQI=\/0x0:1920x1080\/1008x0\/smart\/filters:strip_icc()\/i.s3.glbimg.com\/v1\/AUTH_59edd422c0c84a879bd37670ae4f538a\/internal_photos\/bs\/2020\/Z\/u\/BJhNXmTEGOf1BHPjCqMA\/rio-parana-7-.png\" alt=\"Rio Paran\u00e1 faz fronteira entre Foz do Igua\u00e7u, no oeste do Paran\u00e1, e Cidade del Leste, no Paran\u00e1 \u2014 Foto: Giovani Zanardi\/RPC\"\/><\/figure>\n\n\n\n<p>Rio Paran\u00e1 faz fronteira entre Foz do Igua\u00e7u, no oeste do Paran\u00e1, e Cidade del Leste, no Paran\u00e1 \u2014 Foto: Giovani Zanardi\/RPC<\/p>\n\n\n\n<h2 class=\"wp-block-heading\">Seca impacta pesca no rio<\/h2>\n\n\n\n<p>Segundo pescadores, o Rio Paran\u00e1, abaixo da usina, est\u00e1 mais estreito e encurtou a dist\u00e2ncia entre as fronteiras do Brasil e o Paraguai.<\/p>\n\n\n\n<p>As lajes de pedra, a terra e a areia formaram margens de 50 a 100 metros.<\/p>\n\n\n\n<figure class=\"wp-block-image\"><img decoding=\"async\" src=\"https:\/\/s2.glbimg.com\/b0aSy9QIquuS-vuXxP0g7NLtajY=\/0x0:1920x1080\/1008x0\/smart\/filters:strip_icc()\/i.s3.glbimg.com\/v1\/AUTH_59edd422c0c84a879bd37670ae4f538a\/internal_photos\/bs\/2020\/I\/y\/7ssexbQeKEp090AMnAKg\/rio-parana-3-.png\" alt=\"Pescadores t\u00eam dificuldade para trabalhar com  baixa do n\u00edvel do rio \u2014 Foto: Giovani Zanardi\/RPC\"\/><\/figure>\n\n\n\n<p>Pescadores t\u00eam dificuldade para trabalhar com baixa do n\u00edvel do rio \u2014 Foto: Giovani Zanardi\/RPC<\/p>\n\n\n\n<p>Valdecir Marth \u00e9 pescador h\u00e1 30 anos no Rio Paran\u00e1 e disse que nunca tinha visto nada igual.<\/p>\n\n\n\n<p>Segundo ele, desde mar\u00e7o conseguiu navegar poucos dias, o que tem sido dif\u00edcil, pois depende da pesca para sustentar a fam\u00edlia.<\/p>\n\n\n\n<figure class=\"wp-block-image\"><img decoding=\"async\" src=\"https:\/\/s2.glbimg.com\/V08F1QhJo6iH1FN-lBpL4RVTqVU=\/0x0:1920x1080\/984x0\/smart\/filters:strip_icc()\/i.s3.glbimg.com\/v1\/AUTH_59edd422c0c84a879bd37670ae4f538a\/internal_photos\/bs\/2020\/T\/9\/bCey0eQBmNCUJSFz0xZQ\/rio-parana-9-.png\" alt=\"Barco enferrujado foi encontrado no Rio Paran\u00e1 ap\u00f3s a queda no n\u00edvel de \u00e1gua \u2014 Foto: RPC\/Reprodu\u00e7\u00e3o\"\/><\/figure>\n\n\n\n<p>Barco enferrujado foi encontrado no Rio Paran\u00e1 ap\u00f3s a queda no n\u00edvel de \u00e1gua \u2014 Foto: RPC\/Reprodu\u00e7\u00e3o<\/p>\n\n\n\n<figure class=\"wp-block-image\"><img decoding=\"async\" src=\"https:\/\/s2.glbimg.com\/cbLyWT9pDFNTmgxawsZeNnJxXCg=\/0x0:1920x1080\/1008x0\/smart\/filters:strip_icc()\/i.s3.glbimg.com\/v1\/AUTH_59edd422c0c84a879bd37670ae4f538a\/internal_photos\/bs\/2020\/2\/X\/cTxBGkQweYoGcZ715Ywg\/rio-parana-10-.png\" alt=\"N\u00edvel de \u00e1gua do reservat\u00f3rio de Itaipu est\u00e1 a dois metros abaixo do normal, em Foz do Igua\u00e7u \u2014 Foto: Giovani Zanardi\/RPC\"\/><\/figure>\n\n\n\n<p>N\u00edvel de \u00e1gua do reservat\u00f3rio de Itaipu est\u00e1 a dois metros abaixo do normal, em Foz do Igua\u00e7u \u2014 Foto: Giovani Zanardi\/RPC<\/p>\n\n\n\n<figure class=\"wp-block-image\"><img decoding=\"async\" src=\"https:\/\/s2.glbimg.com\/3PtxUVbtajtTNLj00ryrMmAfUwo=\/0x0:1920x1080\/1008x0\/smart\/filters:strip_icc()\/i.s3.glbimg.com\/v1\/AUTH_59edd422c0c84a879bd37670ae4f538a\/internal_photos\/bs\/2020\/G\/b\/MHQBHPQoiPNfBLbklnhw\/rio-parana-15-.png\" alt=\"Pedras ficam evidentes diante da baixa vaz\u00e3o do Rio Paran\u00e1 \u2014 Foto: Giovani Zanardi\/RPC\"\/><\/figure>\n\n\n\n<p>Pedras ficam evidentes diante da baixa vaz\u00e3o do Rio Paran\u00e1 \u2014 Foto: Giovani Zanardi\/RPC<\/p>\n\n\n\n<figure class=\"wp-block-image\"><img decoding=\"async\" src=\"https:\/\/s2.glbimg.com\/iLl6--qL6KNAxi8LML0h-F37480=\/0x0:1920x1080\/1008x0\/smart\/filters:strip_icc()\/i.s3.glbimg.com\/v1\/AUTH_59edd422c0c84a879bd37670ae4f538a\/internal_photos\/bs\/2020\/o\/Y\/lA1e6VTkOT8II28XWSxQ\/rio-parana-11-.png\" alt=\"Gera\u00e7\u00e3o de energia diminuiu de 12 mil megawatts para 5,7 mil megawatts, em Itaipu \u2014 Foto: Giovani Zanardi\/RPC\"\/><\/figure>\n\n\n\n<p>Gera\u00e7\u00e3o de energia diminuiu de 12 mil megawatts para 5,7 mil megawatts, em Itaipu \u2014 Foto: Giovani Zanardi\/RPC<\/p>\n\n\n\n<figure class=\"wp-block-image\"><img decoding=\"async\" src=\"https:\/\/s2.glbimg.com\/-S1DWi9ZG4K1HyKf3xfKm_bax9M=\/0x0:1920x1080\/1008x0\/smart\/filters:strip_icc()\/i.s3.glbimg.com\/v1\/AUTH_59edd422c0c84a879bd37670ae4f538a\/internal_photos\/bs\/2020\/l\/4\/SeXZv2QLG3isOBG2jO5A\/rio-parana-6-.png\" alt=\"Com a estiagem, gera\u00e7\u00e3o de energia de Itaipu foi reduzida \u2014 Foto: Giovani Zanardi\/RPC\"\/><\/figure>\n\n\n\n<p>Com a estiagem, gera\u00e7\u00e3o de energia de Itaipu foi reduzida \u2014 Foto: Giovani Zanardi\/RPC<\/p>\n\n\n\n<p>G1PR<br><\/p>\n","protected":false},"excerpt":{"rendered":"<p>Segundo a usina, vaz\u00e3o do rio, acima da barragem, est\u00e1 42% abaixo do normal. Seca revelou Kombi no leito do manancial, na regi\u00e3o de Foz do Igua\u00e7u, no oeste do Paran\u00e1. A estiagem transformou a paisagem do Rio Paran\u00e1, que \u00e9 o principal respons\u00e1vel pela energia gerada pela Itaipu Binacional, em Foz do Igua\u00e7u, no [&hellip;]<\/p>\n","protected":false},"author":2,"featured_media":27045,"comment_status":"open","ping_status":"open","sticky":false,"template":"","format":"standard","meta":{"advanced_seo_description":"","jetpack_seo_html_title":"","jetpack_seo_noindex":false,"_jetpack_memberships_contains_paid_content":false,"footnotes":""},"categories":[40],"tags":[],"class_list":{"0":"post-27035","1":"post","2":"type-post","3":"status-publish","4":"format-standard","5":"has-post-thumbnail","7":"category-destaques"},"jetpack_featured_media_url":"https:\/\/www.paranapraia.com.br\/wp-content\/uploads\/2020\/04\/rio-parana-1-.jpg","jetpack_sharing_enabled":true,"_links":{"self":[{"href":"https:\/\/www.paranapraia.com.br\/index.php\/wp-json\/wp\/v2\/posts\/27035"}],"collection":[{"href":"https:\/\/www.paranapraia.com.br\/index.php\/wp-json\/wp\/v2\/posts"}],"about":[{"href":"https:\/\/www.paranapraia.com.br\/index.php\/wp-json\/wp\/v2\/types\/post"}],"author":[{"embeddable":true,"href":"https:\/\/www.paranapraia.com.br\/index.php\/wp-json\/wp\/v2\/users\/2"}],"replies":[{"embeddable":true,"href":"https:\/\/www.paranapraia.com.br\/index.php\/wp-json\/wp\/v2\/comments?post=27035"}],"version-history":[{"count":1,"href":"https:\/\/www.paranapraia.com.br\/index.php\/wp-json\/wp\/v2\/posts\/27035\/revisions"}],"predecessor-version":[{"id":27046,"href":"https:\/\/www.paranapraia.com.br\/index.php\/wp-json\/wp\/v2\/posts\/27035\/revisions\/27046"}],"wp:featuredmedia":[{"embeddable":true,"href":"https:\/\/www.paranapraia.com.br\/index.php\/wp-json\/wp\/v2\/media\/27045"}],"wp:attachment":[{"href":"https:\/\/www.paranapraia.com.br\/index.php\/wp-json\/wp\/v2\/media?parent=27035"}],"wp:term":[{"taxonomy":"category","embeddable":true,"href":"https:\/\/www.paranapraia.com.br\/index.php\/wp-json\/wp\/v2\/categories?post=27035"},{"taxonomy":"post_tag","embeddable":true,"href":"https:\/\/www.paranapraia.com.br\/index.php\/wp-json\/wp\/v2\/tags?post=27035"}],"curies":[{"name":"wp","href":"https:\/\/api.w.org\/{rel}","templated":true}]}}