{"id":27026,"date":"2020-04-07T15:27:07","date_gmt":"2020-04-07T18:27:07","guid":{"rendered":"https:\/\/www.paranapraia.com.br\/?p=27026"},"modified":"2020-04-07T15:27:08","modified_gmt":"2020-04-07T18:27:08","slug":"parana-tem-mais-uma-morte-por-coronavirus-e-45-novos-casos","status":"publish","type":"post","link":"https:\/\/www.paranapraia.com.br\/index.php\/2020\/04\/07\/parana-tem-mais-uma-morte-por-coronavirus-e-45-novos-casos\/","title":{"rendered":"Paran\u00e1 tem mais uma morte por coronav\u00edrus e 45 novos casos"},"content":{"rendered":"\n<p>A Secretaria de Estado da Sa\u00fade confirma mais uma morte e 45 novos casos de coronav\u00edrus no Paran\u00e1. Os dados foram divulgados no boletim desta ter\u00e7a-feira (7).<\/p>\n\n\n\n<p>Um homem de 69 anos estava internado desde o dia 18 de mar\u00e7o e teve a confirma\u00e7\u00e3o para a Covid-19 no dia 28 do mesmo m\u00eas. Ele morreu nesta segunda-feira (6) em Londrina e possu\u00eda comorbidades.<\/p>\n\n\n\n<p>Os 45 novos casos foram registrados em Curitiba (19), Quitandinha (1), Pinhais (1), Cascavel (5), Londrina (7), Vitorino (1), Campo Mour\u00e3o (2), Araruna (1), Cianorte (2), Cambe (1), Foz do Igua\u00e7u (1), S\u00e3o Jos\u00e9 dos Pinhais (2), Colombo (1) e Santa F\u00e9 (1).<\/p>\n\n\n\n<p>DADOS \u2013 O Paran\u00e1 tem atualmente 511 casos confirmados \u2013 oito pacientes n\u00e3o residem no Estado \u2013, 4.962 descartados e 286 em investiga\u00e7\u00e3o. 99 est\u00e3o internados, 61 em Unidades de Terapia Intensiva e 38 em leitos cl\u00ednicos.<\/p>\n\n\n\n<p>MORTES \u2013 Dentre as confirma\u00e7\u00f5es, o Estado j\u00e1 registrou 15 mortes pela doen\u00e7a distribu\u00eddas nos munic\u00edpios de Cascavel (1), Campo Mour\u00e3o (3), Cianorte (1), Maring\u00e1 (2), Santa F\u00e9 (1), Londrina (2), Quatigu\u00e1 (1), Curitiba (3) e Primeiro de Maio (1).<\/p>\n\n\n\n<p>AEN<br><\/p>\n","protected":false},"excerpt":{"rendered":"<p>A Secretaria de Estado da Sa\u00fade confirma mais uma morte e 45 novos casos de coronav\u00edrus no Paran\u00e1. Os dados foram divulgados no boletim desta ter\u00e7a-feira (7). Um homem de 69 anos estava internado desde o dia 18 de mar\u00e7o e teve a confirma\u00e7\u00e3o para a Covid-19 no dia 28 do mesmo m\u00eas. Ele morreu [&hellip;]<\/p>\n","protected":false},"author":2,"featured_media":27027,"comment_status":"open","ping_status":"open","sticky":false,"template":"","format":"standard","meta":{"advanced_seo_description":"","jetpack_seo_html_title":"","jetpack_seo_noindex":false,"_jetpack_memberships_contains_paid_content":false,"footnotes":""},"categories":[40],"tags":[],"class_list":{"0":"post-27026","1":"post","2":"type-post","3":"status-publish","4":"format-standard","5":"has-post-thumbnail","7":"category-destaques"},"jetpack_featured_media_url":"https:\/\/www.paranapraia.com.br\/wp-content\/uploads\/2020\/04\/111443789-gettyimages-1200769096-1.jpg","jetpack_sharing_enabled":true,"_links":{"self":[{"href":"https:\/\/www.paranapraia.com.br\/index.php\/wp-json\/wp\/v2\/posts\/27026"}],"collection":[{"href":"https:\/\/www.paranapraia.com.br\/index.php\/wp-json\/wp\/v2\/posts"}],"about":[{"href":"https:\/\/www.paranapraia.com.br\/index.php\/wp-json\/wp\/v2\/types\/post"}],"author":[{"embeddable":true,"href":"https:\/\/www.paranapraia.com.br\/index.php\/wp-json\/wp\/v2\/users\/2"}],"replies":[{"embeddable":true,"href":"https:\/\/www.paranapraia.com.br\/index.php\/wp-json\/wp\/v2\/comments?post=27026"}],"version-history":[{"count":1,"href":"https:\/\/www.paranapraia.com.br\/index.php\/wp-json\/wp\/v2\/posts\/27026\/revisions"}],"predecessor-version":[{"id":27028,"href":"https:\/\/www.paranapraia.com.br\/index.php\/wp-json\/wp\/v2\/posts\/27026\/revisions\/27028"}],"wp:featuredmedia":[{"embeddable":true,"href":"https:\/\/www.paranapraia.com.br\/index.php\/wp-json\/wp\/v2\/media\/27027"}],"wp:attachment":[{"href":"https:\/\/www.paranapraia.com.br\/index.php\/wp-json\/wp\/v2\/media?parent=27026"}],"wp:term":[{"taxonomy":"category","embeddable":true,"href":"https:\/\/www.paranapraia.com.br\/index.php\/wp-json\/wp\/v2\/categories?post=27026"},{"taxonomy":"post_tag","embeddable":true,"href":"https:\/\/www.paranapraia.com.br\/index.php\/wp-json\/wp\/v2\/tags?post=27026"}],"curies":[{"name":"wp","href":"https:\/\/api.w.org\/{rel}","templated":true}]}}