{"id":27023,"date":"2020-04-07T15:23:31","date_gmt":"2020-04-07T18:23:31","guid":{"rendered":"https:\/\/www.paranapraia.com.br\/?p=27023"},"modified":"2020-04-07T15:23:33","modified_gmt":"2020-04-07T18:23:33","slug":"121-pessoas-se-recuperaram-da-covid-19-no-parana-diz-sesa","status":"publish","type":"post","link":"https:\/\/www.paranapraia.com.br\/index.php\/2020\/04\/07\/121-pessoas-se-recuperaram-da-covid-19-no-parana-diz-sesa\/","title":{"rendered":"121 pessoas se recuperaram da Covid-19 no Paran\u00e1, diz Sesa"},"content":{"rendered":"\n<h4 class=\"wp-block-heading\">Segundo o levantamento do governo estadual, os pacientes recuperados representam 25% do total de casos confirmados.<\/h4>\n\n\n\n<p>121 pessoas que foram diagnosticadas com Covid-19 no Paran\u00e1 se recuperaram da doen\u00e7a, segundo a Secretaria Estadual da Sa\u00fade (Sesa).<\/p>\n\n\n\n<p>O n\u00famero representa 25% do total de diagn\u00f3sticos de coronav\u00edrus no estado. De acordo com o boletim divulgado na segunda-feira (6), o Paran\u00e1 teve 466 casos confirmados desde 12 de mar\u00e7o.<\/p>\n\n\n\n<p>Segundo a Sesa, s\u00e3o considerados recuperados aqueles pacientes que tiveram o diagn\u00f3stico confirmado por algum laborat\u00f3rio credenciado, receberam tratamento e agora j\u00e1 n\u00e3o apresentam mais os sinais da doen\u00e7a.<\/p>\n\n\n\n<p>Como crit\u00e9rio, a secretaria trabalha com um prazo m\u00ednimo de 14 dias entre o in\u00edcio e o fim dos sintomas para confirmar a recupera\u00e7\u00e3o.<\/p>\n\n\n\n<p>Segundo a diretora de Aten\u00e7\u00e3o e Vigil\u00e2ncia da Sesa, Maria Goretti Lopes, o Paran\u00e1 tem um n\u00famero alto de pessoas recuperadas.<\/p>\n\n\n\n<p>\u201cAs medidas adotadas pelo Governo do Estado, como o isolamento social e o refor\u00e7o nos equipamentos de sa\u00fade, s\u00e3o fundamentais para manter o coronav\u00edrus sob controle no Estado\u201d, diz.<\/p>\n\n\n\n<p>Segundo os dados do governo estadual, a letalidade da Covid-19 no Paran\u00e1 \u00e9 de 3%. Em todo o pais, segundo as informa\u00e7\u00f5es do Minist\u00e9rio da Sa\u00fade, \u00e9 de 4,6%.<\/p>\n\n\n\n<h2 class=\"wp-block-heading\">Testes<\/h2>\n\n\n\n<p>Desde que os testes come\u00e7aram a ser feitos no Paran\u00e1, 4.867 casos de infec\u00e7\u00e3o por coronav\u00edrus foram descartados no estado.<\/p>\n\n\n\n<p>At\u00e9 segunda-feira (6), al\u00e9m dos 466 casos confirmados, outros 156 estavam em investiga\u00e7\u00e3o.<\/p>\n\n\n\n<p>Foram confirmados casos em 66 munic\u00edpios. Curitiba \u00e9 o que tem maior n\u00famero, com 175 pessoas diagnosticadas, seguida de Londrina, com 48 casos.<\/p>\n\n\n\n<p>Segundo a Sesa, entre os recuperados, 68 pessoas s\u00e3o de Curitiba e 53 de outros munic\u00edpios.<\/p>\n\n\n\n<p>G1PR<br><\/p>\n","protected":false},"excerpt":{"rendered":"<p>Segundo o levantamento do governo estadual, os pacientes recuperados representam 25% do total de casos confirmados. 121 pessoas que foram diagnosticadas com Covid-19 no Paran\u00e1 se recuperaram da doen\u00e7a, segundo a Secretaria Estadual da Sa\u00fade (Sesa). O n\u00famero representa 25% do total de diagn\u00f3sticos de coronav\u00edrus no estado. De acordo com o boletim divulgado na [&hellip;]<\/p>\n","protected":false},"author":2,"featured_media":27024,"comment_status":"open","ping_status":"open","sticky":false,"template":"","format":"standard","meta":{"advanced_seo_description":"","jetpack_seo_html_title":"","jetpack_seo_noindex":false,"_jetpack_memberships_contains_paid_content":false,"footnotes":""},"categories":[40],"tags":[],"class_list":{"0":"post-27023","1":"post","2":"type-post","3":"status-publish","4":"format-standard","5":"has-post-thumbnail","7":"category-destaques"},"jetpack_featured_media_url":"https:\/\/www.paranapraia.com.br\/wp-content\/uploads\/2020\/04\/hospital.jpeg","jetpack_sharing_enabled":true,"_links":{"self":[{"href":"https:\/\/www.paranapraia.com.br\/index.php\/wp-json\/wp\/v2\/posts\/27023"}],"collection":[{"href":"https:\/\/www.paranapraia.com.br\/index.php\/wp-json\/wp\/v2\/posts"}],"about":[{"href":"https:\/\/www.paranapraia.com.br\/index.php\/wp-json\/wp\/v2\/types\/post"}],"author":[{"embeddable":true,"href":"https:\/\/www.paranapraia.com.br\/index.php\/wp-json\/wp\/v2\/users\/2"}],"replies":[{"embeddable":true,"href":"https:\/\/www.paranapraia.com.br\/index.php\/wp-json\/wp\/v2\/comments?post=27023"}],"version-history":[{"count":1,"href":"https:\/\/www.paranapraia.com.br\/index.php\/wp-json\/wp\/v2\/posts\/27023\/revisions"}],"predecessor-version":[{"id":27025,"href":"https:\/\/www.paranapraia.com.br\/index.php\/wp-json\/wp\/v2\/posts\/27023\/revisions\/27025"}],"wp:featuredmedia":[{"embeddable":true,"href":"https:\/\/www.paranapraia.com.br\/index.php\/wp-json\/wp\/v2\/media\/27024"}],"wp:attachment":[{"href":"https:\/\/www.paranapraia.com.br\/index.php\/wp-json\/wp\/v2\/media?parent=27023"}],"wp:term":[{"taxonomy":"category","embeddable":true,"href":"https:\/\/www.paranapraia.com.br\/index.php\/wp-json\/wp\/v2\/categories?post=27023"},{"taxonomy":"post_tag","embeddable":true,"href":"https:\/\/www.paranapraia.com.br\/index.php\/wp-json\/wp\/v2\/tags?post=27023"}],"curies":[{"name":"wp","href":"https:\/\/api.w.org\/{rel}","templated":true}]}}