{"id":26833,"date":"2020-03-23T15:14:20","date_gmt":"2020-03-23T18:14:20","guid":{"rendered":"https:\/\/www.paranapraia.com.br\/?p=26833"},"modified":"2020-03-23T15:14:22","modified_gmt":"2020-03-23T18:14:22","slug":"parana-tem-mais-seis-casos-de-coronavirus-confirmados","status":"publish","type":"post","link":"https:\/\/www.paranapraia.com.br\/index.php\/2020\/03\/23\/parana-tem-mais-seis-casos-de-coronavirus-confirmados\/","title":{"rendered":"Paran\u00e1 tem mais seis casos de coronav\u00edrus confirmados"},"content":{"rendered":"\n<p>A Secretaria de Estado da Sa\u00fade confirmou nesta segunda-feira (23) mais seis casos de coronav\u00edrus no Paran\u00e1. Os pacientes s\u00e3o de Curitiba (3), Cianorte (2) e Cascavel (1). As seis mulheres t\u00eam entre 28 e 53 anos e estiveram em S\u00e3o Paulo, Emirados \u00c1rabes e\/ou contato com caso confirmado.<\/p>\n\n\n\n<p>O Paran\u00e1 tem agora 60 casos confirmados, 1.518 em investiga\u00e7\u00e3o e 159 oficialmente descartados. O Estado aguarda a normaliza\u00e7\u00e3o do sistema do Minist\u00e9rio da Sa\u00fade para poder negativar aproximadamente 600 resultados emitidos pelo Laborat\u00f3rio Central do Estado (Lacen). A plataforma apresenta instabilidade h\u00e1 cerca de uma semana.<\/p>\n\n\n\n<p><strong>FAKE NEWS\u00a0<\/strong>\u2013 A secretaria estadual refor\u00e7a que as informa\u00e7\u00f5es oficiais s\u00e3o sempre divulgadas no site e redes sociais da Sa\u00fade e do Governo do Estado. \u201cPedimos \u00e0 popula\u00e7\u00e3o que n\u00e3o compartilhe not\u00edcias e informa\u00e7\u00f5es n\u00e3o oficiais para evitarmos a divulga\u00e7\u00e3o de fake news e a instala\u00e7\u00e3o de p\u00e2nico desnecess\u00e1rio. A informa\u00e7\u00e3o de qualidade e oficial \u00e9 uma forma de garantir a melhor e mais adequada orienta\u00e7\u00e3o aos paranaenses\u201d, disse o secret\u00e1rio de Estado da Sa\u00fade, Beto Preto.<\/p>\n\n\n\n<p>AEN<br><\/p>\n","protected":false},"excerpt":{"rendered":"<p>A Secretaria de Estado da Sa\u00fade confirmou nesta segunda-feira (23) mais seis casos de coronav\u00edrus no Paran\u00e1. Os pacientes s\u00e3o de Curitiba (3), Cianorte (2) e Cascavel (1). As seis mulheres t\u00eam entre 28 e 53 anos e estiveram em S\u00e3o Paulo, Emirados \u00c1rabes e\/ou contato com caso confirmado. O Paran\u00e1 tem agora 60 casos [&hellip;]<\/p>\n","protected":false},"author":2,"featured_media":26834,"comment_status":"open","ping_status":"open","sticky":false,"template":"","format":"standard","meta":{"advanced_seo_description":"","jetpack_seo_html_title":"","jetpack_seo_noindex":false,"_jetpack_memberships_contains_paid_content":false,"footnotes":""},"categories":[40],"tags":[],"class_list":{"0":"post-26833","1":"post","2":"type-post","3":"status-publish","4":"format-standard","5":"has-post-thumbnail","7":"category-destaques"},"jetpack_featured_media_url":"https:\/\/www.paranapraia.com.br\/wp-content\/uploads\/2020\/03\/informes_banner_covid_19.jpg","jetpack_sharing_enabled":true,"_links":{"self":[{"href":"https:\/\/www.paranapraia.com.br\/index.php\/wp-json\/wp\/v2\/posts\/26833"}],"collection":[{"href":"https:\/\/www.paranapraia.com.br\/index.php\/wp-json\/wp\/v2\/posts"}],"about":[{"href":"https:\/\/www.paranapraia.com.br\/index.php\/wp-json\/wp\/v2\/types\/post"}],"author":[{"embeddable":true,"href":"https:\/\/www.paranapraia.com.br\/index.php\/wp-json\/wp\/v2\/users\/2"}],"replies":[{"embeddable":true,"href":"https:\/\/www.paranapraia.com.br\/index.php\/wp-json\/wp\/v2\/comments?post=26833"}],"version-history":[{"count":1,"href":"https:\/\/www.paranapraia.com.br\/index.php\/wp-json\/wp\/v2\/posts\/26833\/revisions"}],"predecessor-version":[{"id":26835,"href":"https:\/\/www.paranapraia.com.br\/index.php\/wp-json\/wp\/v2\/posts\/26833\/revisions\/26835"}],"wp:featuredmedia":[{"embeddable":true,"href":"https:\/\/www.paranapraia.com.br\/index.php\/wp-json\/wp\/v2\/media\/26834"}],"wp:attachment":[{"href":"https:\/\/www.paranapraia.com.br\/index.php\/wp-json\/wp\/v2\/media?parent=26833"}],"wp:term":[{"taxonomy":"category","embeddable":true,"href":"https:\/\/www.paranapraia.com.br\/index.php\/wp-json\/wp\/v2\/categories?post=26833"},{"taxonomy":"post_tag","embeddable":true,"href":"https:\/\/www.paranapraia.com.br\/index.php\/wp-json\/wp\/v2\/tags?post=26833"}],"curies":[{"name":"wp","href":"https:\/\/api.w.org\/{rel}","templated":true}]}}