{"id":26829,"date":"2020-03-23T15:12:26","date_gmt":"2020-03-23T18:12:26","guid":{"rendered":"https:\/\/www.paranapraia.com.br\/?p=26829"},"modified":"2020-03-23T15:12:28","modified_gmt":"2020-03-23T18:12:28","slug":"bolsonaro-tem-aprovacao-de-35-e-reprovacao-de-33-na-gestao-da-crise-do-coronavirus-diz-datafolha","status":"publish","type":"post","link":"https:\/\/www.paranapraia.com.br\/index.php\/2020\/03\/23\/bolsonaro-tem-aprovacao-de-35-e-reprovacao-de-33-na-gestao-da-crise-do-coronavirus-diz-datafolha\/","title":{"rendered":"Bolsonaro tem aprova\u00e7\u00e3o de 35% e reprova\u00e7\u00e3o de 33% na gest\u00e3o da crise do coronav\u00edrus, diz Datafolha"},"content":{"rendered":"\n<h4 class=\"wp-block-heading\">Pesquisa foi realizada por telefone entre quarta e sexta com 1.558 entrevistados em todas as regi\u00f5es do pa\u00eds. A margem de erro \u00e9 de tr\u00eas pontos percentuais para mais ou para menos.<\/h4>\n\n\n\n<p>Pesquisa Datafolha publicada nesta segunda-feira (23) pelo jornal \u201cFolha de S.Paulo\u201d mediu a avalia\u00e7\u00e3o do desempenho do presidente Jair Bolsonaro, dos governadores e do Minist\u00e9rio da Sa\u00fade na condu\u00e7\u00e3o da\u00a0crise do coronav\u00edrus.<\/p>\n\n\n\n<p>A pesquisa foi realizada por telefone ouviu 1.558 pessoas entre quarta-feira (18) e sexta-feira (20) em todas as regi\u00f5es do pa\u00eds. A margem de erro \u00e9 de tr\u00eas pontos percentuais para mais ou para menos.<\/p>\n\n\n\n<p>Veja abaixo os resultados:<\/p>\n\n\n\n<h2 class=\"wp-block-heading\"><strong>Avalia\u00e7\u00e3o do desempenho de Bolsonaro em rela\u00e7\u00e3o ao surto de coronav\u00edrus<\/strong><\/h2>\n\n\n\n<ul class=\"wp-block-list\"><li>\u00d3timo\/bom: 35%<\/li><li>Regular: 26%<\/li><li>Ruim\/p\u00e9ssimo: 33%<\/li><li>N\u00e3o sabe: 5%<\/li><\/ul>\n\n\n\n<h2 class=\"wp-block-heading\">Avalia\u00e7\u00e3o do desempenho do Minist\u00e9rio da Sa\u00fade<\/h2>\n\n\n\n<ul class=\"wp-block-list\"><li>\u00d3timo\/bom: 55%<\/li><li>Regular: 31%<\/li><li>Ruim\/p\u00e9ssimo: 12%<\/li><li>N\u00e3o sabe: 2%<\/li><\/ul>\n\n\n\n<h2 class=\"wp-block-heading\">Avalia\u00e7\u00e3o do desempenho dos governadores<\/h2>\n\n\n\n<p>O Datafolha apontou o percentual de entrevistados aprovam o desempenho do governador do seu estado:<\/p>\n\n\n\n<ul class=\"wp-block-list\"><li><strong>M\u00e9dia dos entrevistados<\/strong>: 54%<\/li><li>Nordeste: 51%<\/li><li>Sudeste: 52%<\/li><li>Centro-Oeste\/Norte: 56%<\/li><li>Sul: 61%<\/li><\/ul>\n\n\n\n<h2 class=\"wp-block-heading\">Declara\u00e7\u00f5es sobre a pandemia<\/h2>\n\n\n\n<p>A pesquisa tamb\u00e9m questionou os entrevistados sobre o que achavam das declara\u00e7\u00f5es de Bolsonaro de que\u00a0havia uma &#8220;histeria&#8221;\u00a0em torno do coronav\u00edrus. As respostas foram:<\/p>\n\n\n\n<ul class=\"wp-block-list\"><li>Discordam: 54%<\/li><li>Concordam: 34%<\/li><li>N\u00e3o t\u00eam opini\u00e3o: 8%<\/li><li>N\u00e3o concordam nem discordam: 3%<\/li><\/ul>\n\n\n\n<h2 class=\"wp-block-heading\">Cumprimentos a manifestantes<\/h2>\n\n\n\n<p>Outro t\u00f3pico da pesquisa foi o gesto de Bolsonaro de\u00a0cumprimentar manifestantes em um ato pr\u00f3-governo, mesmo quando j\u00e1 havia a determina\u00e7\u00e3o de autoridades de sa\u00fade para se evitar o contato pr\u00f3ximo com outras pessoas, para evitar a dissemina\u00e7\u00e3o do v\u00edrus.<\/p>\n\n\n\n<ul class=\"wp-block-list\"><li>Reprovaram o gesto: 68%<\/li><li>Aprovaram o gesto: 27%<\/li><li>N\u00e3o opinaram: 4%<\/li><\/ul>\n\n\n\n<p>G1<\/p>\n","protected":false},"excerpt":{"rendered":"<p>Pesquisa foi realizada por telefone entre quarta e sexta com 1.558 entrevistados em todas as regi\u00f5es do pa\u00eds. A margem de erro \u00e9 de tr\u00eas pontos percentuais para mais ou para menos. Pesquisa Datafolha publicada nesta segunda-feira (23) pelo jornal \u201cFolha de S.Paulo\u201d mediu a avalia\u00e7\u00e3o do desempenho do presidente Jair Bolsonaro, dos governadores e [&hellip;]<\/p>\n","protected":false},"author":2,"featured_media":26830,"comment_status":"open","ping_status":"open","sticky":false,"template":"","format":"standard","meta":{"advanced_seo_description":"","jetpack_seo_html_title":"","jetpack_seo_noindex":false,"_jetpack_memberships_contains_paid_content":false,"footnotes":""},"categories":[32],"tags":[],"class_list":{"0":"post-26829","1":"post","2":"type-post","3":"status-publish","4":"format-standard","5":"has-post-thumbnail","7":"category-politica"},"jetpack_featured_media_url":"https:\/\/www.paranapraia.com.br\/wp-content\/uploads\/2020\/03\/49674433666_932fb583ab_k.jpg","jetpack_sharing_enabled":true,"_links":{"self":[{"href":"https:\/\/www.paranapraia.com.br\/index.php\/wp-json\/wp\/v2\/posts\/26829"}],"collection":[{"href":"https:\/\/www.paranapraia.com.br\/index.php\/wp-json\/wp\/v2\/posts"}],"about":[{"href":"https:\/\/www.paranapraia.com.br\/index.php\/wp-json\/wp\/v2\/types\/post"}],"author":[{"embeddable":true,"href":"https:\/\/www.paranapraia.com.br\/index.php\/wp-json\/wp\/v2\/users\/2"}],"replies":[{"embeddable":true,"href":"https:\/\/www.paranapraia.com.br\/index.php\/wp-json\/wp\/v2\/comments?post=26829"}],"version-history":[{"count":1,"href":"https:\/\/www.paranapraia.com.br\/index.php\/wp-json\/wp\/v2\/posts\/26829\/revisions"}],"predecessor-version":[{"id":26831,"href":"https:\/\/www.paranapraia.com.br\/index.php\/wp-json\/wp\/v2\/posts\/26829\/revisions\/26831"}],"wp:featuredmedia":[{"embeddable":true,"href":"https:\/\/www.paranapraia.com.br\/index.php\/wp-json\/wp\/v2\/media\/26830"}],"wp:attachment":[{"href":"https:\/\/www.paranapraia.com.br\/index.php\/wp-json\/wp\/v2\/media?parent=26829"}],"wp:term":[{"taxonomy":"category","embeddable":true,"href":"https:\/\/www.paranapraia.com.br\/index.php\/wp-json\/wp\/v2\/categories?post=26829"},{"taxonomy":"post_tag","embeddable":true,"href":"https:\/\/www.paranapraia.com.br\/index.php\/wp-json\/wp\/v2\/tags?post=26829"}],"curies":[{"name":"wp","href":"https:\/\/api.w.org\/{rel}","templated":true}]}}