{"id":26820,"date":"2020-03-23T15:06:22","date_gmt":"2020-03-23T18:06:22","guid":{"rendered":"https:\/\/www.paranapraia.com.br\/?p=26820"},"modified":"2020-03-23T15:06:24","modified_gmt":"2020-03-23T18:06:24","slug":"curitibanos-aderem-a-isolamento-e-esvaziam-ruas-desafio-e-a-partir-de-agora-dizem-autoridades","status":"publish","type":"post","link":"https:\/\/www.paranapraia.com.br\/index.php\/2020\/03\/23\/curitibanos-aderem-a-isolamento-e-esvaziam-ruas-desafio-e-a-partir-de-agora-dizem-autoridades\/","title":{"rendered":"Curitibanos aderem a isolamento e &#8216;esvaziam&#8217; ruas: desafio \u00e9 a partir de agora, dizem autoridades"},"content":{"rendered":"\n<p>No primeiro fim de semana com \u201ctudo\u201d fechado, Curitiba mais parecia uma \u201ccidade fantasma\u201d, neste domingo (22). Durante o fim de semana o movimento nos parques e pra\u00e7as de Curitiba foi muito menor do que o normal. Segundo a Guarda Municipal e o departamento de parques e pra\u00e7as da Secretaria Municipal do Meio Ambiente, a redu\u00e7\u00e3o no movimento chegou a 70% no movimento pela manh\u00e3 e a at\u00e9 80% durante a tarde de ontem. O Largo da Ordem e as ruas tamb\u00e9m ficaram vazios.<\/p>\n\n\n\n<p>\u201c\u00c9 um sinal de que a popula\u00e7\u00e3o est\u00e1 ciente da necessidade de barrar a transmiss\u00e3o do novo coronav\u00edrus. Mas \u00e9 importante, no entanto, que as pessoas continuem a permanecer em casa, diminuindo a movimenta\u00e7\u00e3o em locais p\u00fablicos\u201d, diz o alerta da Prefeitura.<\/p>\n\n\n\n<p>Na manh\u00e3 deste domingo, por exemplo, a GM contou pouco mais de 100 pessoas no Parque Barigui, um dos mais movimentados da capital. Em outros parques e pontos turismos da cidade o movimento tamb\u00e9m foi menor.<\/p>\n\n\n\n<p>Ao longo da semana passada, tanto prefeitura quanto o governo do Estado emitiram decretos sobre o funcionamento de escolas, universidades, shoppings e o com\u00e9rcio em geral. Primeiro veio a suspens\u00e3o das aulas nas escolas e universidades da rede p\u00fablica. Depois, a recomenda\u00e7\u00e3o que institui\u00e7\u00f5es particulares tamb\u00e9m suspendessem as aulas.<\/p>\n\n\n\n<p>Na quinta-feira, o governo suspendeu o funcionamento de shoppings e academias, e a Prefeitura tamb\u00e9m decretou medida semelhante. E, neste domingo, o governo do Estado publicou medida que suspendeu o funcionamento de todas as atividades e servi\u00e7os n\u00e3o essenciais.<\/p>\n\n\n\n<p><strong>Achatar a curva<\/strong><br>Medidas semelhantes est\u00e3o sendo tomadas por praticamente todos os estados brasileiros. Especialistas na \u00e1rea da sa\u00fade \u2014 n\u00e3o necessariamente representantes dos governos \u2014 insistem em analisar que esta semana \u00e9 a fundamental para saber se o pa\u00eds ser\u00e1 capaz de \u201cachatar a curva\u201d de casos graves da doen\u00e7a com o fim de preservar os sistema de sa\u00fade.<\/p>\n\n\n\n<p>Se o Brasil conseguir achatar essa curva, muito provavelmente o sistema de sa\u00fade conseguir\u00e1 atender de alguma forma os casos de coronav\u00edrus. Se n\u00e3o conseguir impedir um pico violento da doen\u00e7a, o Brasil pode passar por uma situa\u00e7\u00e3o parecida com que a It\u00e1lia vive hoje.<\/p>\n\n\n\n<p><strong>Decreto do governo do Estado suspende servi\u00e7os e atividades n\u00e3o essenciais<\/strong><\/p>\n\n\n\n<p>O governador Carlos Massa Ratinho Junior assinou no s\u00e1bado um decreto (4.317\/2020) que orienta pela suspens\u00e3o de servi\u00e7os comerciais e atividades n\u00e3o essenciais e lista 25 segmentos que devem continuar a funcionar normalmente. O texto que prop\u00f5e medidas restritivas mais severas sobre a atividade econ\u00f4mica busca reduzir a circula\u00e7\u00e3o de pessoas e, desta forma, refor\u00e7ar o enfrentamento contra a pandemia do novo coronav\u00edrus.<\/p>\n\n\n\n<p>A decis\u00e3o se soma ao fechamento de shopping centers, academias, escolas p\u00fablicas e privadas. \u201cEstamos avaliando as necessidades diariamente, seguindo orienta\u00e7\u00e3o das autoridades sanit\u00e1rias do Estado. Nesse momento, essa recomenda\u00e7\u00e3o \u00e9 imperativa\u201d, afirmou Ratinho Junior. \u201cTodos os esfor\u00e7os est\u00e3o direcionados na conten\u00e7\u00e3o da circula\u00e7\u00e3o do coronav\u00edrus, pedimos essa colabora\u00e7\u00e3o da iniciativa privada\u201d.<\/p>\n\n\n\n<p>Segundo Ratinho Junior, o governo estadual divulgar\u00e1 um pacote de medidas para reduzir o impacto da pandemia sobre a atividade econ\u00f4mica, atendendo necessidades de empresas, segmentos econ\u00f4micos e pessoas atingidas pelas perdas financeiras decorrentes da desacelera\u00e7\u00e3o da economia.<\/p>\n\n\n\n<p><strong>ACP<\/strong><br>No fim da semana passada a Associa\u00e7\u00e3o Comercial do Paran\u00e1 (ACP) tamb\u00e9m recomendou aos seus associados que seguissem o decreto do governo do Estado. At\u00e9 porque, segundo a associa\u00e7\u00e3o, uma parcela dos comerciantes que ainda se mantinham em funcionamento at\u00e9 a sexya-feira j\u00e1 n\u00e3o vinham conseguido arrecadar o suficiente para arcar com seus custos operacionais, dado ao esvaziamento de clientes.<\/p>\n\n\n\n<p>\u201cO momento pede conscientiza\u00e7\u00e3o e reflex\u00e3o de todos, pois quanto antes estancarmos esta pandemia, antes retornaremos com mais for\u00e7a as nossas atividades comerciais\u201d, diz o texto publicado no site da institui\u00e7\u00e3o.<\/p>\n\n\n\n<p>Bem Paran\u00e1<br><\/p>\n","protected":false},"excerpt":{"rendered":"<p>No primeiro fim de semana com \u201ctudo\u201d fechado, Curitiba mais parecia uma \u201ccidade fantasma\u201d, neste domingo (22). Durante o fim de semana o movimento nos parques e pra\u00e7as de Curitiba foi muito menor do que o normal. Segundo a Guarda Municipal e o departamento de parques e pra\u00e7as da Secretaria Municipal do Meio Ambiente, a [&hellip;]<\/p>\n","protected":false},"author":2,"featured_media":26821,"comment_status":"open","ping_status":"open","sticky":false,"template":"","format":"standard","meta":{"advanced_seo_description":"","jetpack_seo_html_title":"","jetpack_seo_noindex":false,"_jetpack_memberships_contains_paid_content":false,"footnotes":""},"categories":[71],"tags":[],"class_list":{"0":"post-26820","1":"post","2":"type-post","3":"status-publish","4":"format-standard","5":"has-post-thumbnail","7":"category-curitiba"},"jetpack_featured_media_url":"https:\/\/www.paranapraia.com.br\/wp-content\/uploads\/2020\/03\/noticia_603003_img1_capa-visconde-de-guarapuava-franklin.jpg","jetpack_sharing_enabled":true,"_links":{"self":[{"href":"https:\/\/www.paranapraia.com.br\/index.php\/wp-json\/wp\/v2\/posts\/26820"}],"collection":[{"href":"https:\/\/www.paranapraia.com.br\/index.php\/wp-json\/wp\/v2\/posts"}],"about":[{"href":"https:\/\/www.paranapraia.com.br\/index.php\/wp-json\/wp\/v2\/types\/post"}],"author":[{"embeddable":true,"href":"https:\/\/www.paranapraia.com.br\/index.php\/wp-json\/wp\/v2\/users\/2"}],"replies":[{"embeddable":true,"href":"https:\/\/www.paranapraia.com.br\/index.php\/wp-json\/wp\/v2\/comments?post=26820"}],"version-history":[{"count":1,"href":"https:\/\/www.paranapraia.com.br\/index.php\/wp-json\/wp\/v2\/posts\/26820\/revisions"}],"predecessor-version":[{"id":26822,"href":"https:\/\/www.paranapraia.com.br\/index.php\/wp-json\/wp\/v2\/posts\/26820\/revisions\/26822"}],"wp:featuredmedia":[{"embeddable":true,"href":"https:\/\/www.paranapraia.com.br\/index.php\/wp-json\/wp\/v2\/media\/26821"}],"wp:attachment":[{"href":"https:\/\/www.paranapraia.com.br\/index.php\/wp-json\/wp\/v2\/media?parent=26820"}],"wp:term":[{"taxonomy":"category","embeddable":true,"href":"https:\/\/www.paranapraia.com.br\/index.php\/wp-json\/wp\/v2\/categories?post=26820"},{"taxonomy":"post_tag","embeddable":true,"href":"https:\/\/www.paranapraia.com.br\/index.php\/wp-json\/wp\/v2\/tags?post=26820"}],"curies":[{"name":"wp","href":"https:\/\/api.w.org\/{rel}","templated":true}]}}