{"id":26809,"date":"2020-03-23T15:01:38","date_gmt":"2020-03-23T18:01:38","guid":{"rendered":"https:\/\/www.paranapraia.com.br\/?p=26809"},"modified":"2020-03-23T15:01:42","modified_gmt":"2020-03-23T18:01:42","slug":"drives-thru-da-vacinacao-contra-a-gripe-para-idosos-em-curitiba-tem-filas-no-1o-dia","status":"publish","type":"post","link":"https:\/\/www.paranapraia.com.br\/index.php\/2020\/03\/23\/drives-thru-da-vacinacao-contra-a-gripe-para-idosos-em-curitiba-tem-filas-no-1o-dia\/","title":{"rendered":"&#8216;Drives thru&#8217; da vacina\u00e7\u00e3o contra a gripe para idosos, em Curitiba, t\u00eam filas no 1\u00ba dia"},"content":{"rendered":"\n<h4 class=\"wp-block-heading\">Al\u00e9m dos &#8216;drives thru&#8217;, a prefeitura determinou que as doses sejam aplicadas em pontos externos, para evitar aglomera\u00e7\u00f5es dentro dos postos de sa\u00fade, por conta do coronav\u00edrus.<\/h4>\n\n\n\n<p>Os cinco pontos de vacina\u00e7\u00e3o &#8220;drive thru&#8221; para idosos, em Curitiba, tiveram filas na manh\u00e3 desta segunda-feira (23). Este \u00e9 o\u00a01\u00ba dia da 1\u00aa etapa da campanha\u00a0de vacina\u00e7\u00e3o contra a gripe.<\/p>\n\n\n\n<p>\u00c0&nbsp;<strong>RPC<\/strong>, pessoas relataram que esperaram quatro horas na fila no &#8220;drive thru&#8221; que fica em frente \u00e0 Arena da Baixada.<\/p>\n\n\n\n<figure class=\"wp-block-image\"><img decoding=\"async\" src=\"https:\/\/s2.glbimg.com\/Osomyasv5TrofFAkt6bEDaVaGCE=\/0x0:1280x714\/1008x0\/smart\/filters:strip_icc()\/i.s3.glbimg.com\/v1\/AUTH_59edd422c0c84a879bd37670ae4f538a\/internal_photos\/bs\/2020\/3\/K\/p4W9RQQRi3UqB4FGvT2A\/drive-thru-em-curitiba-teve-fila-na-manha-desta-segunda-feira-23-.jpg\" alt=\"'Drive thru' de vacina\u00e7\u00e3 conra a gripe para idosos, em frente \u00e0 Arena da Baixada, teve fila na manh\u00e3 desta segunda-feira (23) \u2014 Foto: Giuliano Gomes\/PRPress\"\/><\/figure>\n\n\n\n<p>&#8216;Drive thru&#8217; de vacina\u00e7\u00e3 conra a gripe para idosos, em frente \u00e0 Arena da Baixada, teve fila na manh\u00e3 desta segunda-feira (23) \u2014 Foto: Giuliano Gomes\/PRPress<\/p>\n\n\n\n<p>A campanha ocorre em todo o Paran\u00e1. Idosos e profissionais da sa\u00fade s\u00e3o o p\u00fablico-alvo da 1\u00aa fase, que vai at\u00e9 15 de abril. Cerca de 118 mil pessoas devem tomar a dose da vacina nesta etapa.<\/p>\n\n\n\n<p>Em Curitiba, a prefeitura disponibilizou\u00a0pontos de vacina\u00e7\u00e3o exclusivos para idosos.<\/p>\n\n\n\n<p>At\u00e9 a publica\u00e7\u00e3o desta reportagem, a administra\u00e7\u00e3o municipal n\u00e3o tinha informado quantas pessoas tomaram a dose da vacina pela manh\u00e3.<\/p>\n\n\n\n<p>Al\u00e9m dos &#8220;drives thru&#8221;, a prefeitura determinou que as doses sejam aplicadas em pontos externos, para evitar aglomera\u00e7\u00f5es dentro dos postos de sa\u00fade, por conta do\u00a0coronav\u00edrus.<\/p>\n\n\n\n<figure class=\"wp-block-image\"><img decoding=\"async\" src=\"https:\/\/s2.glbimg.com\/aJPeKfBgkBR6D0sNtt8vY5KMIlQ=\/0x0:1280x791\/984x0\/smart\/filters:strip_icc()\/i.s3.glbimg.com\/v1\/AUTH_59edd422c0c84a879bd37670ae4f538a\/internal_photos\/bs\/2020\/q\/a\/mOmgMHR5ADxe5OUsQ8fw\/whatsapp-image-2020-03-23-at-11.03.33.jpeg\" alt=\"Medida ajuda a imunizar os grupos de riscos, em Curitiba \u2014 Foto: Giuliano Gomes\/PRPress\"\/><\/figure>\n\n\n\n<p>Medida ajuda a imunizar os grupos de riscos, em Curitiba \u2014 Foto: Giuliano Gomes\/PRPress<\/p>\n\n\n\n<figure class=\"wp-block-image\"><img decoding=\"async\" src=\"https:\/\/s2.glbimg.com\/4u_r6F0Lci8GQtDh5ooDgrCMdsc=\/0x0:1280x853\/1008x0\/smart\/filters:strip_icc()\/i.s3.glbimg.com\/v1\/AUTH_59edd422c0c84a879bd37670ae4f538a\/internal_photos\/bs\/2020\/m\/D\/Ge5J1qTZ6QRhfHgiVCIg\/idosos-sao-vacinados-em-esquema-de-drive-thru.jpg\" alt=\"Idosos, em Curitiba, s\u00e3o vacinados em esquema de 'drive thru' \u2014 Foto: Giuliano Gomes\/ PRPress\"\/><\/figure>\n\n\n\n<p>Idosos, em Curitiba, s\u00e3o vacinados em esquema de &#8216;drive thru&#8217; \u2014 Foto: Giuliano Gomes\/ PRPress<\/p>\n\n\n\n<h2 class=\"wp-block-heading\">Onde se vacinar?<\/h2>\n\n\n\n<p>Ao todo, s\u00e3o 42 pontos externos de vacina\u00e7\u00e3o, que funcionar\u00e3o de segunda a sexta-feira, das 9h \u00e0s 17h.<\/p>\n\n\n\n<figure class=\"wp-block-image\"><img decoding=\"async\" src=\"https:\/\/s2.glbimg.com\/MevTy8CDydD60bBcNnvNtC6jAJ0=\/0x0:1280x847\/1008x0\/smart\/filters:strip_icc()\/i.s3.glbimg.com\/v1\/AUTH_59edd422c0c84a879bd37670ae4f538a\/internal_photos\/bs\/2020\/n\/u\/zXc4u7TQCovoxZsU03fg\/idosos-nao-precisam-sair-do-carro-para-tomar-a-vacina-contra-a-gripe-em-curitiba.jpg\" alt=\"Idosos n\u00e3o precisam sair do carro para tomar a vacina contra a gripe, em Curitiba \u2014 Foto: Giuliano Gomes\/PRPress\"\/><\/figure>\n\n\n\n<p>Idosos n\u00e3o precisam sair do carro para tomar a vacina contra a gripe, em Curitiba \u2014 Foto: Giuliano Gomes\/PRPress<\/p>\n\n\n\n<p>Cinco destes pontos funcionam como &#8220;drive thru&#8221; para os idosos. Ou seja, eles n\u00e3o precisar\u00e3o nem sair do carro para receber a imuniza\u00e7\u00e3o.<\/p>\n\n\n\n<p>Os pontos com &#8220;drive thru&#8221; s\u00e3o a Pra\u00e7a Afonso Botelho (do Athletico), Pra\u00e7a da Maternidade Bairro Novo, Pra\u00e7a Eucaliptos, o Restaurante Madalosso e a Par\u00f3quia Santo Ant\u00f4nio.<\/p>\n\n\n\n<p>Em todo o Paran\u00e1, ser\u00e3o disponibilizadas 1.800 salas de vacinas, distribu\u00eddas nos 399 munic\u00edpios. A meta \u00e9 vacinar 90% de cada um dos grupos priorit\u00e1rios contra influenza.<\/p>\n\n\n\n<figure class=\"wp-block-image\"><img decoding=\"async\" src=\"https:\/\/s2.glbimg.com\/auZqsBx5CDbppUJzPXnY7NIKGKA=\/0x0:1280x824\/1008x0\/smart\/filters:strip_icc()\/i.s3.glbimg.com\/v1\/AUTH_59edd422c0c84a879bd37670ae4f538a\/internal_photos\/bs\/2020\/Y\/r\/TWvKzgQoarr9MlxWSKYQ\/profissional-aplica-vacina-contra-gripe-em-idosa-em-curitiba.jpg\" alt=\"Profissional aplica vacina contra gripe em idosa, em Curitiba \u2014 Foto: Giuliano Gomes\/PRPress\"\/><\/figure>\n\n\n\n<p>Profissional aplica vacina contra gripe em idosa, em Curitiba \u2014 Foto: Giuliano Gomes\/PRPress<\/p>\n\n\n\n<p>G1PR<br><\/p>\n","protected":false},"excerpt":{"rendered":"<p>Al\u00e9m dos &#8216;drives thru&#8217;, a prefeitura determinou que as doses sejam aplicadas em pontos externos, para evitar aglomera\u00e7\u00f5es dentro dos postos de sa\u00fade, por conta do coronav\u00edrus. Os cinco pontos de vacina\u00e7\u00e3o &#8220;drive thru&#8221; para idosos, em Curitiba, tiveram filas na manh\u00e3 desta segunda-feira (23). Este \u00e9 o\u00a01\u00ba dia da 1\u00aa etapa da campanha\u00a0de vacina\u00e7\u00e3o [&hellip;]<\/p>\n","protected":false},"author":2,"featured_media":26815,"comment_status":"open","ping_status":"open","sticky":false,"template":"","format":"standard","meta":{"advanced_seo_description":"","jetpack_seo_html_title":"","jetpack_seo_noindex":false,"_jetpack_memberships_contains_paid_content":false,"footnotes":""},"categories":[40],"tags":[],"class_list":{"0":"post-26809","1":"post","2":"type-post","3":"status-publish","4":"format-standard","5":"has-post-thumbnail","7":"category-destaques"},"jetpack_featured_media_url":"https:\/\/www.paranapraia.com.br\/wp-content\/uploads\/2020\/03\/1o-dia-da-campanha-de-vacinacao-contra-gripe-nos-pontos-exclusivos-para-idosos-tem-filas.jpg","jetpack_sharing_enabled":true,"_links":{"self":[{"href":"https:\/\/www.paranapraia.com.br\/index.php\/wp-json\/wp\/v2\/posts\/26809"}],"collection":[{"href":"https:\/\/www.paranapraia.com.br\/index.php\/wp-json\/wp\/v2\/posts"}],"about":[{"href":"https:\/\/www.paranapraia.com.br\/index.php\/wp-json\/wp\/v2\/types\/post"}],"author":[{"embeddable":true,"href":"https:\/\/www.paranapraia.com.br\/index.php\/wp-json\/wp\/v2\/users\/2"}],"replies":[{"embeddable":true,"href":"https:\/\/www.paranapraia.com.br\/index.php\/wp-json\/wp\/v2\/comments?post=26809"}],"version-history":[{"count":1,"href":"https:\/\/www.paranapraia.com.br\/index.php\/wp-json\/wp\/v2\/posts\/26809\/revisions"}],"predecessor-version":[{"id":26816,"href":"https:\/\/www.paranapraia.com.br\/index.php\/wp-json\/wp\/v2\/posts\/26809\/revisions\/26816"}],"wp:featuredmedia":[{"embeddable":true,"href":"https:\/\/www.paranapraia.com.br\/index.php\/wp-json\/wp\/v2\/media\/26815"}],"wp:attachment":[{"href":"https:\/\/www.paranapraia.com.br\/index.php\/wp-json\/wp\/v2\/media?parent=26809"}],"wp:term":[{"taxonomy":"category","embeddable":true,"href":"https:\/\/www.paranapraia.com.br\/index.php\/wp-json\/wp\/v2\/categories?post=26809"},{"taxonomy":"post_tag","embeddable":true,"href":"https:\/\/www.paranapraia.com.br\/index.php\/wp-json\/wp\/v2\/tags?post=26809"}],"curies":[{"name":"wp","href":"https:\/\/api.w.org\/{rel}","templated":true}]}}