{"id":26803,"date":"2020-03-23T14:53:51","date_gmt":"2020-03-23T17:53:51","guid":{"rendered":"https:\/\/www.paranapraia.com.br\/?p=26803"},"modified":"2020-03-23T14:53:53","modified_gmt":"2020-03-23T17:53:53","slug":"saude-recomenda-que-as-pessoas-fiquem-em-casa","status":"publish","type":"post","link":"https:\/\/www.paranapraia.com.br\/index.php\/2020\/03\/23\/saude-recomenda-que-as-pessoas-fiquem-em-casa\/","title":{"rendered":"Sa\u00fade recomenda que as pessoas fiquem em casa"},"content":{"rendered":"\n<p>A Secretaria da Sa\u00fade do Paran\u00e1, por meio das \u00e1reas t\u00e9cnicas envolvidas no enfrentamento ao coronav\u00edrus no Estado, orienta que a popula\u00e7\u00e3o fique em casa para evitar a dissemina\u00e7\u00e3o do v\u00edrus. \u201cA Organiza\u00e7\u00e3o Mundial da Sa\u00fade declarou pandemia devido aos altos \u00edndices de propaga\u00e7\u00e3o da doen\u00e7a ao redor do mundo. O assunto \u00e9 muito s\u00e9rio, por isso pedimos para que aqueles que podem ficar em casa, que assim o fa\u00e7am\u201d, afirma o secret\u00e1rio de Estado da Sa\u00fade Beto Preto.<\/p>\n\n\n\n<p>Ele enfatiza, que o isolamento social \u00e9 uma medida de preven\u00e7\u00e3o e solidariedade. \u201cSe as pessoas evitarem sair de casa e tomarem os cuidados b\u00e1sicos de higiene, reduzir\u00e3o o risco de contrair ou transmitir a doen\u00e7a. Isso \u00e9 de extrema import\u00e2ncia neste momento. Tomar esta iniciativa \u00e9 um ato respons\u00e1vel e de solidariedade com o pr\u00f3ximo\u201d.<\/p>\n\n\n\n<p><strong>TRANSMISS\u00c3O &#8211;<\/strong>&nbsp;A diretora de Aten\u00e7\u00e3o e Vigil\u00e2ncia em Sa\u00fade da Secretaria da Sa\u00fade, Maria Goretti David Lopes, refor\u00e7ou a import\u00e2ncia do isolamento. \u201cO objetivo \u00e9 diminuir a transmiss\u00e3o viral. Principalmente porque sabemos que muitas pessoas s\u00e3o assintom\u00e1ticas, ou seja, n\u00e3o possuem sintomas, mas continuam transmitindo. Quando se consegue isolar e diminuir o contato entre as pessoas, se cria uma prote\u00e7\u00e3o coletiva contra o v\u00edrus e a doen\u00e7a\u201d.<\/p>\n\n\n\n<p><strong>N\u00c3O \u00c9 F\u00c9RIAS \u2013<\/strong>&nbsp;Escolas e universidades suspenderam as aulas e muitas empresas liberaram seus funcion\u00e1rios para trabalharem em casa. Com essa flexibilidade de hor\u00e1rios e todo mundo reunido, muitas pessoas t\u00eam aproveitado para realizar atividades de lazer como passear no parque, ir \u00e0 praia, fazer compras de produtos n\u00e3o essenciais.<\/p>\n\n\n\n<p>\u201cRefor\u00e7amos que o isolamento n\u00e3o \u00e9 um per\u00edodo de f\u00e9rias. Precisamos que cada um fa\u00e7a a sua parte ficando em casa e saindo apenas se n\u00e3o tiver outra op\u00e7\u00e3o. Estamos enfrentando uma pandemia. Os munic\u00edpios t\u00eam nos ajudado neste sentido orientando para que as pessoas n\u00e3o saiam. A colabora\u00e7\u00e3o de cada um \u00e9 essencial\u201d, diz o secret\u00e1rio Beto Preto.<\/p>\n\n\n\n<p><strong>DECRETO \u2013<\/strong>\u00a0Neste domingo (23), o governador Carlos Massa Ratinho Junior assinou o decreto n\u00famero 4.318\/20 para ampliar a regulamenta\u00e7\u00e3o do funcionamento de servi\u00e7os essenciais e refor\u00e7ou a orienta\u00e7\u00e3o para que todos os tipos de com\u00e9rcio que n\u00e3o precisam funcionar neste momento suspendam as atividades, como forma de colaborar com o enfrentamento da doen\u00e7a.<\/p>\n\n\n\n<p>AEN<br><\/p>\n","protected":false},"excerpt":{"rendered":"<p>A Secretaria da Sa\u00fade do Paran\u00e1, por meio das \u00e1reas t\u00e9cnicas envolvidas no enfrentamento ao coronav\u00edrus no Estado, orienta que a popula\u00e7\u00e3o fique em casa para evitar a dissemina\u00e7\u00e3o do v\u00edrus. \u201cA Organiza\u00e7\u00e3o Mundial da Sa\u00fade declarou pandemia devido aos altos \u00edndices de propaga\u00e7\u00e3o da doen\u00e7a ao redor do mundo. O assunto \u00e9 muito s\u00e9rio, [&hellip;]<\/p>\n","protected":false},"author":2,"featured_media":26804,"comment_status":"open","ping_status":"open","sticky":false,"template":"","format":"standard","meta":{"advanced_seo_description":"","jetpack_seo_html_title":"","jetpack_seo_noindex":false,"_jetpack_memberships_contains_paid_content":false,"footnotes":""},"categories":[107],"tags":[],"class_list":{"0":"post-26803","1":"post","2":"type-post","3":"status-publish","4":"format-standard","5":"has-post-thumbnail","7":"category-covid-19"},"jetpack_featured_media_url":"https:\/\/www.paranapraia.com.br\/wp-content\/uploads\/2020\/03\/1.jpg","jetpack_sharing_enabled":true,"_links":{"self":[{"href":"https:\/\/www.paranapraia.com.br\/index.php\/wp-json\/wp\/v2\/posts\/26803"}],"collection":[{"href":"https:\/\/www.paranapraia.com.br\/index.php\/wp-json\/wp\/v2\/posts"}],"about":[{"href":"https:\/\/www.paranapraia.com.br\/index.php\/wp-json\/wp\/v2\/types\/post"}],"author":[{"embeddable":true,"href":"https:\/\/www.paranapraia.com.br\/index.php\/wp-json\/wp\/v2\/users\/2"}],"replies":[{"embeddable":true,"href":"https:\/\/www.paranapraia.com.br\/index.php\/wp-json\/wp\/v2\/comments?post=26803"}],"version-history":[{"count":1,"href":"https:\/\/www.paranapraia.com.br\/index.php\/wp-json\/wp\/v2\/posts\/26803\/revisions"}],"predecessor-version":[{"id":26805,"href":"https:\/\/www.paranapraia.com.br\/index.php\/wp-json\/wp\/v2\/posts\/26803\/revisions\/26805"}],"wp:featuredmedia":[{"embeddable":true,"href":"https:\/\/www.paranapraia.com.br\/index.php\/wp-json\/wp\/v2\/media\/26804"}],"wp:attachment":[{"href":"https:\/\/www.paranapraia.com.br\/index.php\/wp-json\/wp\/v2\/media?parent=26803"}],"wp:term":[{"taxonomy":"category","embeddable":true,"href":"https:\/\/www.paranapraia.com.br\/index.php\/wp-json\/wp\/v2\/categories?post=26803"},{"taxonomy":"post_tag","embeddable":true,"href":"https:\/\/www.paranapraia.com.br\/index.php\/wp-json\/wp\/v2\/tags?post=26803"}],"curies":[{"name":"wp","href":"https:\/\/api.w.org\/{rel}","templated":true}]}}