{"id":26792,"date":"2020-03-23T10:23:56","date_gmt":"2020-03-23T13:23:56","guid":{"rendered":"https:\/\/www.paranapraia.com.br\/?p=26792"},"modified":"2020-03-23T16:33:26","modified_gmt":"2020-03-23T19:33:26","slug":"eleicoes-2020-entrevista-com-o-pre-candidato-a-prefeito-de-pontal-do-parana-rudao-gimenes","status":"publish","type":"post","link":"https:\/\/www.paranapraia.com.br\/index.php\/2020\/03\/23\/eleicoes-2020-entrevista-com-o-pre-candidato-a-prefeito-de-pontal-do-parana-rudao-gimenes\/","title":{"rendered":"Elei\u00e7\u00f5es 2020: Entrevista com o pr\u00e9-candidato a prefeito de Pontal do Paran\u00e1, Rud\u00e3o Gimenes"},"content":{"rendered":"\n<h4 class=\"wp-block-heading\">O site Paran\u00e1 Praia em sua s\u00e9rie de entrevista com os pr\u00e9-candidatos a prefeito em Pontal do Paran\u00e1 inicia com o empres\u00e1rio Rud<strong>\u00e3<\/strong>o Gimenes.<\/h4>\n\n\n\n<p><strong>Paran\u00e1 Praia \u2013 Rud\u00e3o pode falar um pouco sobre voc\u00ea e sua forma\u00e7\u00e3o?<\/strong><\/p>\n\n\n\n<p>Rud\u00e3o \u2013 Nasci em 1996, na cidade de Curitiba, e sou a segunda crian\u00e7a registrada no cart\u00f3rio de Praia de Leste. Vivi minha inf\u00e2ncia e o in\u00edcio da adolesc\u00eancia com minha fam\u00edlia no balne\u00e1rio de Praia de Leste, frequentando o Clube Santa M\u00f4nica, indo pescar na baia de Paranagu\u00e1 e no rio Guaragua\u00e7u com meu pai e estudando em Paranagu\u00e1. Com 14 anos fui estudar em Curitiba, servi o Ex\u00e9rcito Brasileiro me formei advogado e retornei a morar em Pontal do Paran\u00e1. Hoje administro a empresa da fam\u00edlia que atua no ramo de loca\u00e7\u00e3o e constru\u00e7\u00e3o de im\u00f3veis, advogo e sou casado com a dentista Bruna Mariotti Santos Gimenes que tem uma clinica de sa\u00fade em Praia de Leste.<\/p>\n\n\n\n<figure class=\"wp-block-image size-large\"><img loading=\"lazy\" decoding=\"async\" width=\"1024\" height=\"697\" src=\"https:\/\/www.paranapraia.com.br\/wp-content\/uploads\/2020\/03\/WhatsApp-Image-2020-03-20-at-11.29.30-2-1024x697.jpeg\" alt=\"\" class=\"wp-image-26794\" srcset=\"https:\/\/www.paranapraia.com.br\/wp-content\/uploads\/2020\/03\/WhatsApp-Image-2020-03-20-at-11.29.30-2-1024x697.jpeg 1024w, https:\/\/www.paranapraia.com.br\/wp-content\/uploads\/2020\/03\/WhatsApp-Image-2020-03-20-at-11.29.30-2-300x204.jpeg 300w, https:\/\/www.paranapraia.com.br\/wp-content\/uploads\/2020\/03\/WhatsApp-Image-2020-03-20-at-11.29.30-2-768x523.jpeg 768w, https:\/\/www.paranapraia.com.br\/wp-content\/uploads\/2020\/03\/WhatsApp-Image-2020-03-20-at-11.29.30-2-696x474.jpeg 696w, https:\/\/www.paranapraia.com.br\/wp-content\/uploads\/2020\/03\/WhatsApp-Image-2020-03-20-at-11.29.30-2-617x420.jpeg 617w, https:\/\/www.paranapraia.com.br\/wp-content\/uploads\/2020\/03\/WhatsApp-Image-2020-03-20-at-11.29.30-2.jpeg 1068w\" sizes=\"(max-width: 1024px) 100vw, 1024px\" \/><\/figure>\n\n\n\n<p><strong>Paran\u00e1 Praia &#8211; Rud\u00e3o, n\u00e3o temos como come\u00e7ar uma entrevista sem falar um pouco sobre a trajet\u00f3ria pol\u00edtica de sua fam\u00edlia, pode nos contar um pouco?<\/strong><\/p>\n\n\n\n<p>Rud\u00e3o \u2013 Meu pai era m\u00e9dico na cidade e nunca pensou em ser pol\u00edtico. Depois que se aposentou acabou se envolvendo no movimento da emancipa\u00e7\u00e3o do munic\u00edpio, pois era dif\u00edcil viver em um local com poucos recursos e sem apoio de Paranagu\u00e1. Ap\u00f3s a luta pela emancipa\u00e7\u00e3o meu pai se candidatou a Prefeito, venceu as elei\u00e7\u00f5es em 2004 e foi reeleito em 2008. Foram dois mandatos de muito trabalho e constru\u00e7\u00e3o de v\u00e1rios pr\u00e9dios p\u00fablicos (prefeitura, centro de capacita\u00e7\u00e3o, col\u00e9gios, postos de sa\u00fade, Provopar e outros), tudo isso ao lado da m\u00e3e, Cida Gimenes, que na \u00e9poca presidia o Provopar e realizou um trabalho com muito carinho junto \u00e0 comunidade.<\/p>\n\n\n\n<figure class=\"wp-block-image size-large\"><img loading=\"lazy\" decoding=\"async\" width=\"1024\" height=\"670\" src=\"https:\/\/www.paranapraia.com.br\/wp-content\/uploads\/2020\/03\/WhatsApp-Image-2020-03-20-at-11.33.28-1024x670.jpeg\" alt=\"\" class=\"wp-image-26795\" srcset=\"https:\/\/www.paranapraia.com.br\/wp-content\/uploads\/2020\/03\/WhatsApp-Image-2020-03-20-at-11.33.28-1024x670.jpeg 1024w, https:\/\/www.paranapraia.com.br\/wp-content\/uploads\/2020\/03\/WhatsApp-Image-2020-03-20-at-11.33.28-300x196.jpeg 300w, https:\/\/www.paranapraia.com.br\/wp-content\/uploads\/2020\/03\/WhatsApp-Image-2020-03-20-at-11.33.28-768x502.jpeg 768w, https:\/\/www.paranapraia.com.br\/wp-content\/uploads\/2020\/03\/WhatsApp-Image-2020-03-20-at-11.33.28-696x455.jpeg 696w, https:\/\/www.paranapraia.com.br\/wp-content\/uploads\/2020\/03\/WhatsApp-Image-2020-03-20-at-11.33.28-741x486.jpeg 741w, https:\/\/www.paranapraia.com.br\/wp-content\/uploads\/2020\/03\/WhatsApp-Image-2020-03-20-at-11.33.28-1068x698.jpeg 1068w, https:\/\/www.paranapraia.com.br\/wp-content\/uploads\/2020\/03\/WhatsApp-Image-2020-03-20-at-11.33.28-642x420.jpeg 642w, https:\/\/www.paranapraia.com.br\/wp-content\/uploads\/2020\/03\/WhatsApp-Image-2020-03-20-at-11.33.28.jpeg 1280w\" sizes=\"(max-width: 1024px) 100vw, 1024px\" \/><\/figure>\n\n\n\n<p><strong>Paran\u00e1 Praia &#8211; Que raz\u00f5es te levaram a colocar seu nome a disposi\u00e7\u00e3o para disputar a prefeitura de Pontal do Paran\u00e1?<\/strong><\/p>\n\n\n\n<p>Eu vejo que nossa cidade n\u00e3o est\u00e1 recebendo a aten\u00e7\u00e3o que merece, a sa\u00fade p\u00fablica est\u00e1 com s\u00e9rios problemas, faltam empregos, capacita\u00e7\u00e3o e oportunidade para os jovens, investimentos na orla, em eventos tur\u00edsticos etc. Temos um grande potencial, mas a cidade perdeu um pouco o rumo e precisamos reverter a situa\u00e7\u00e3o com ideias arrojadas, buscando recursos, incentivando o empreendedorismo e investindo em turismo. Percebendo que a popula\u00e7\u00e3o tamb\u00e9m espera ansiosa por mudan\u00e7as e meu nome estar\u00e1 a disposi\u00e7\u00e3o nessa disputa como uma for\u00e7a jovem, com determina\u00e7\u00e3o e vontade de trabalhar.<\/p>\n\n\n\n<figure class=\"wp-block-image size-large\"><img loading=\"lazy\" decoding=\"async\" width=\"606\" height=\"852\" src=\"https:\/\/www.paranapraia.com.br\/wp-content\/uploads\/2020\/03\/rudi.jpg\" alt=\"\" class=\"wp-image-26798\" srcset=\"https:\/\/www.paranapraia.com.br\/wp-content\/uploads\/2020\/03\/rudi.jpg 606w, https:\/\/www.paranapraia.com.br\/wp-content\/uploads\/2020\/03\/rudi-213x300.jpg 213w, https:\/\/www.paranapraia.com.br\/wp-content\/uploads\/2020\/03\/rudi-299x420.jpg 299w\" sizes=\"(max-width: 606px) 100vw, 606px\" \/><\/figure>\n\n\n\n<p><strong>Paran\u00e1 Praia &#8211; Quais as principais propostas que levar\u00e1 ao eleitor de Pontal do Paran\u00e1?<\/strong><\/p>\n\n\n\n<p>Atrav\u00e9s da internet e das redes sociais estamos mostrando algumas ideias e conversando com as pessoas, sem o di\u00e1logo entre o poder p\u00fablico e a sociedade fica dif\u00edcil trabalhar. Um gestor tem que estar em contato com a popula\u00e7\u00e3o para verificar os problemas e corrigi-los o mais r\u00e1pido poss\u00edvel. As nossas propostas ser\u00e3o apresentadas em um plano de governo que est\u00e1 sendo elaborado por uma equipe t\u00e9cnica, mas posso adiantar que estamos pensando muito na quest\u00e3o do reestrutura\u00e7\u00e3o da sa\u00fade b\u00e1sica, da necessidade de contrata\u00e7\u00e3o de mais m\u00e9dicos, da import\u00e2ncia do per\u00edodo integral nas escolas, da viabilidade de abertura das creches nas f\u00e9rias, do desenvolvimento e planejamento urbano, da verticaliza\u00e7\u00e3o dos im\u00f3veis na orla, do apoio aos pescadores e de nossa popula\u00e7\u00e3o cai\u00e7ara, da constru\u00e7\u00e3o de um centro de eventos, da informatiza\u00e7\u00e3o urgente da rede de sa\u00fade, da constru\u00e7\u00e3o de equipamentos p\u00fablicos para as fam\u00edlias se divertirem como pra\u00e7as e pista de skate, da necessidade de oferecermos uma real acessibilidade para os idosos na cidade e nas praias, do incentivo ao turismo buscando sair da quest\u00e3o da explora\u00e7\u00e3o apenas da orla e partir para turismo de eventos, da Mata Atl\u00e2ntica, do Rio Guaragua\u00e7u, temos muitas belezas a explorar por aqui, e como gestor quero dar apoio e incentivar as associa\u00e7\u00f5es organizadas que apoiam os empres\u00e1rios ou o terceiro setor. Enfim, s\u00e3o muitas coisas que ser\u00e3o apresentadas mais especificamente em uma outra oportunidade.<\/p>\n\n\n\n<figure class=\"wp-block-image size-large\"><img loading=\"lazy\" decoding=\"async\" width=\"1024\" height=\"683\" src=\"https:\/\/www.paranapraia.com.br\/wp-content\/uploads\/2020\/03\/IMG_1809-1024x683.jpg\" alt=\"\" class=\"wp-image-26799\" srcset=\"https:\/\/www.paranapraia.com.br\/wp-content\/uploads\/2020\/03\/IMG_1809-1024x683.jpg 1024w, https:\/\/www.paranapraia.com.br\/wp-content\/uploads\/2020\/03\/IMG_1809-300x200.jpg 300w, https:\/\/www.paranapraia.com.br\/wp-content\/uploads\/2020\/03\/IMG_1809-768x512.jpg 768w, https:\/\/www.paranapraia.com.br\/wp-content\/uploads\/2020\/03\/IMG_1809-1536x1024.jpg 1536w, https:\/\/www.paranapraia.com.br\/wp-content\/uploads\/2020\/03\/IMG_1809-2048x1365.jpg 2048w, https:\/\/www.paranapraia.com.br\/wp-content\/uploads\/2020\/03\/IMG_1809-696x464.jpg 696w, https:\/\/www.paranapraia.com.br\/wp-content\/uploads\/2020\/03\/IMG_1809-1068x712.jpg 1068w, https:\/\/www.paranapraia.com.br\/wp-content\/uploads\/2020\/03\/IMG_1809-630x420.jpg 630w\" sizes=\"(max-width: 1024px) 100vw, 1024px\" \/><\/figure>\n\n\n\n<p><strong>Paran\u00e1 Praia &#8211; O que o leva a acreditar que poder\u00e1 vencer as elei\u00e7\u00f5es deste ano?<\/strong><\/p>\n\n\n\n<p>\u00c9 um ano politico at\u00edpico, com prefeito cassado, vereador assumindo a prefeitura, bem complicado para cidade, ter\u00edamos um pleito extempor\u00e2neo mas foi suspenso sabiamente por conta da pandemia de covid-19. Mas enxergo esse cen\u00e1rio como um preju\u00edzo para a cidade e quero deixar claro que n\u00e3o foi nosso grupo pol\u00edtico que deu causa a essa situa\u00e7\u00e3o. E vamos continuar nosso trabalho de propostas propositivas e execut\u00e1veis para que a popula\u00e7\u00e3o possa ter uma op\u00e7\u00e3o diferente do que vem sendo apresentado nas ultimas elei\u00e7\u00f5es.<\/p>\n\n\n\n<p><\/p>\n\n\n\n<p>Reda\u00e7\u00e3o <\/p>\n","protected":false},"excerpt":{"rendered":"<p>O site Paran\u00e1 Praia em sua s\u00e9rie de entrevista com os pr\u00e9-candidatos a prefeito em Pontal do Paran\u00e1 inicia com o empres\u00e1rio Rud\u00e3o Gimenes. Paran\u00e1 Praia \u2013 Rud\u00e3o pode falar um pouco sobre voc\u00ea e sua forma\u00e7\u00e3o? Rud\u00e3o \u2013 Nasci em 1996, na cidade de Curitiba, e sou a segunda crian\u00e7a registrada no cart\u00f3rio de [&hellip;]<\/p>\n","protected":false},"author":2,"featured_media":26793,"comment_status":"open","ping_status":"open","sticky":false,"template":"","format":"standard","meta":{"advanced_seo_description":"","jetpack_seo_html_title":"","jetpack_seo_noindex":false,"_jetpack_memberships_contains_paid_content":false,"footnotes":""},"categories":[40,32],"tags":[],"class_list":{"0":"post-26792","1":"post","2":"type-post","3":"status-publish","4":"format-standard","5":"has-post-thumbnail","7":"category-destaques","8":"category-politica"},"jetpack_featured_media_url":"https:\/\/www.paranapraia.com.br\/wp-content\/uploads\/2020\/03\/WhatsApp-Image-2020-03-20-at-11.29.30.jpeg","jetpack_sharing_enabled":true,"_links":{"self":[{"href":"https:\/\/www.paranapraia.com.br\/index.php\/wp-json\/wp\/v2\/posts\/26792"}],"collection":[{"href":"https:\/\/www.paranapraia.com.br\/index.php\/wp-json\/wp\/v2\/posts"}],"about":[{"href":"https:\/\/www.paranapraia.com.br\/index.php\/wp-json\/wp\/v2\/types\/post"}],"author":[{"embeddable":true,"href":"https:\/\/www.paranapraia.com.br\/index.php\/wp-json\/wp\/v2\/users\/2"}],"replies":[{"embeddable":true,"href":"https:\/\/www.paranapraia.com.br\/index.php\/wp-json\/wp\/v2\/comments?post=26792"}],"version-history":[{"count":3,"href":"https:\/\/www.paranapraia.com.br\/index.php\/wp-json\/wp\/v2\/posts\/26792\/revisions"}],"predecessor-version":[{"id":26863,"href":"https:\/\/www.paranapraia.com.br\/index.php\/wp-json\/wp\/v2\/posts\/26792\/revisions\/26863"}],"wp:featuredmedia":[{"embeddable":true,"href":"https:\/\/www.paranapraia.com.br\/index.php\/wp-json\/wp\/v2\/media\/26793"}],"wp:attachment":[{"href":"https:\/\/www.paranapraia.com.br\/index.php\/wp-json\/wp\/v2\/media?parent=26792"}],"wp:term":[{"taxonomy":"category","embeddable":true,"href":"https:\/\/www.paranapraia.com.br\/index.php\/wp-json\/wp\/v2\/categories?post=26792"},{"taxonomy":"post_tag","embeddable":true,"href":"https:\/\/www.paranapraia.com.br\/index.php\/wp-json\/wp\/v2\/tags?post=26792"}],"curies":[{"name":"wp","href":"https:\/\/api.w.org\/{rel}","templated":true}]}}