{"id":26789,"date":"2020-03-23T10:10:24","date_gmt":"2020-03-23T13:10:24","guid":{"rendered":"https:\/\/www.paranapraia.com.br\/?p=26789"},"modified":"2020-03-23T10:10:26","modified_gmt":"2020-03-23T13:10:26","slug":"governo-alerta-sobre-riscos-com-funcionarios-de-call-center","status":"publish","type":"post","link":"https:\/\/www.paranapraia.com.br\/index.php\/2020\/03\/23\/governo-alerta-sobre-riscos-com-funcionarios-de-call-center\/","title":{"rendered":"Governo alerta sobre riscos com funcion\u00e1rios de call center"},"content":{"rendered":"\n<p>Devido ao grande n\u00famero de den\u00fancias recebidas sobre a falta de cuidados das empresas de call center com os seus funcion\u00e1rios em rela\u00e7\u00e3o ao coronav\u00edrus, o secret\u00e1rio estadual da Justi\u00e7a, Fam\u00edlia e Trabalho,&nbsp; Ney Leprevost, assinou uma resolu\u00e7\u00e3o neste domingo (22) com uma s\u00e9rie de determina\u00e7\u00f5es e orienta\u00e7\u00f5es.<\/p>\n\n\n\n<p>\u201cOs call centers foram tipificados como atividade essencial pelo governo federal, mas n\u00e3o vamos permitir que descumpram as regras que foram criadas para combater a pandemia de coronav\u00edrus e coloquem em risco a sa\u00fade dos trabalhadores\u201d, disse Leprevost.<\/p>\n\n\n\n<p>De acordo com o texto, as empresas de call center devem adotar imediatamente medidas de preven\u00e7\u00e3o,&nbsp; com base no distanciamento social, mantendo esta\u00e7\u00f5es de trabalho com aproxima\u00e7\u00e3o m\u00ednima de 1,5 metro, al\u00e9m de disponibilizar a todos os empregados acesso \u00e0s \u00e1reas de higieniza\u00e7\u00e3o, providas de \u00e1gua corrente, sabonete l\u00edquido, toalhas descart\u00e1veis, lixeiras com tampa acionada por pedal. Tamb\u00e9m dever\u00e1 ser disponibilizado \u00e1lcool 70% em gel.<\/p>\n\n\n\n<p>A resolu\u00e7\u00e3o determina ainda que as empresas mantenham os ambientes de trabalho abertos e arejados, forne\u00e7am copos descart\u00e1veis em todos os setores e possibilitem aos seus empregados que evitem o compartilhamento de material de expediente, como canetas, telefones e l\u00e1pis, fornecendo material individual.<\/p>\n\n\n\n<p>Dever\u00e3o, ainda, resguardar o quantitativo m\u00ednimo de empregados essencial \u00e0 execu\u00e7\u00e3o dos servi\u00e7os, inclusive em sistema de rod\u00edzio com um m\u00ednimo de 50% do pessoal efetivo.<\/p>\n\n\n\n<p>O prazo para a ado\u00e7\u00e3o das medidas \u00e9 de 24 horas.<\/p>\n\n\n\n<p>FISCALIZA\u00c7\u00c3O \u2013 Na manh\u00e3 desta segunda-feira, o chefe do Departamento de Justi\u00e7a da Secretaria, Felipe Hayashi, se re\u00fane com representantes do Minist\u00e9rio P\u00fablico do Trabalho, Secretaria Regional do Trabalho do Minist\u00e9rio da Economia, Minist\u00e9rio P\u00fablico Estadual do Paran\u00e1, Secretaria da Sa\u00fade, Secretaria Regional do Trabalho do Minist\u00e9rio da Economia e Vigil\u00e2ncia Sanit\u00e1ria Municipal. No encontro, ser\u00e3o definidas as a\u00e7\u00f5es de fiscaliza\u00e7\u00e3o nas empresas.<\/p>\n\n\n\n<p>G1PR<br><\/p>\n","protected":false},"excerpt":{"rendered":"<p>Devido ao grande n\u00famero de den\u00fancias recebidas sobre a falta de cuidados das empresas de call center com os seus funcion\u00e1rios em rela\u00e7\u00e3o ao coronav\u00edrus, o secret\u00e1rio estadual da Justi\u00e7a, Fam\u00edlia e Trabalho,&nbsp; Ney Leprevost, assinou uma resolu\u00e7\u00e3o neste domingo (22) com uma s\u00e9rie de determina\u00e7\u00f5es e orienta\u00e7\u00f5es. \u201cOs call centers foram tipificados como atividade [&hellip;]<\/p>\n","protected":false},"author":2,"featured_media":26790,"comment_status":"open","ping_status":"open","sticky":false,"template":"","format":"standard","meta":{"advanced_seo_description":"","jetpack_seo_html_title":"","jetpack_seo_noindex":false,"_jetpack_memberships_contains_paid_content":false,"footnotes":""},"categories":[50],"tags":[],"class_list":{"0":"post-26789","1":"post","2":"type-post","3":"status-publish","4":"format-standard","5":"has-post-thumbnail","7":"category-saude"},"jetpack_featured_media_url":"https:\/\/www.paranapraia.com.br\/wp-content\/uploads\/2020\/03\/0C7P0406-scaled.jpg","jetpack_sharing_enabled":true,"_links":{"self":[{"href":"https:\/\/www.paranapraia.com.br\/index.php\/wp-json\/wp\/v2\/posts\/26789"}],"collection":[{"href":"https:\/\/www.paranapraia.com.br\/index.php\/wp-json\/wp\/v2\/posts"}],"about":[{"href":"https:\/\/www.paranapraia.com.br\/index.php\/wp-json\/wp\/v2\/types\/post"}],"author":[{"embeddable":true,"href":"https:\/\/www.paranapraia.com.br\/index.php\/wp-json\/wp\/v2\/users\/2"}],"replies":[{"embeddable":true,"href":"https:\/\/www.paranapraia.com.br\/index.php\/wp-json\/wp\/v2\/comments?post=26789"}],"version-history":[{"count":1,"href":"https:\/\/www.paranapraia.com.br\/index.php\/wp-json\/wp\/v2\/posts\/26789\/revisions"}],"predecessor-version":[{"id":26791,"href":"https:\/\/www.paranapraia.com.br\/index.php\/wp-json\/wp\/v2\/posts\/26789\/revisions\/26791"}],"wp:featuredmedia":[{"embeddable":true,"href":"https:\/\/www.paranapraia.com.br\/index.php\/wp-json\/wp\/v2\/media\/26790"}],"wp:attachment":[{"href":"https:\/\/www.paranapraia.com.br\/index.php\/wp-json\/wp\/v2\/media?parent=26789"}],"wp:term":[{"taxonomy":"category","embeddable":true,"href":"https:\/\/www.paranapraia.com.br\/index.php\/wp-json\/wp\/v2\/categories?post=26789"},{"taxonomy":"post_tag","embeddable":true,"href":"https:\/\/www.paranapraia.com.br\/index.php\/wp-json\/wp\/v2\/tags?post=26789"}],"curies":[{"name":"wp","href":"https:\/\/api.w.org\/{rel}","templated":true}]}}