{"id":26783,"date":"2020-03-23T09:47:09","date_gmt":"2020-03-23T12:47:09","guid":{"rendered":"https:\/\/www.paranapraia.com.br\/?p=26783"},"modified":"2020-03-23T09:47:12","modified_gmt":"2020-03-23T12:47:12","slug":"coronavirus-decreto-do-governo-do-parana-lista-atividades-que-podem-funcionar","status":"publish","type":"post","link":"https:\/\/www.paranapraia.com.br\/index.php\/2020\/03\/23\/coronavirus-decreto-do-governo-do-parana-lista-atividades-que-podem-funcionar\/","title":{"rendered":"Coronav\u00edrus: Decreto do Governo do Paran\u00e1 lista atividades que podem funcionar"},"content":{"rendered":"\n<h4 class=\"wp-block-heading\">Medida restritiva mais severa, segundo o governo, foi adotada no s\u00e1bado (21) e permite o funcionamento normal de 25 servi\u00e7os e atividades essenciais.<\/h4>\n\n\n\n<p>Um decreto assinado pelo governador Ratinho Junior (PSD), assinado no s\u00e1bado (21), listou as 25 atividades consideradas essenciais que devem continuar funcionando normalmente no Paran\u00e1 durante o per\u00edodo de restri\u00e7\u00f5es por causa da pandemia do novo coronav\u00edrus.&nbsp;<strong>Veja a lista abaixo.<\/strong><\/p>\n\n\n\n<ul class=\"wp-block-list\"><li>Veja o que foi cancelado ou adiado no estado<\/li><\/ul>\n\n\n\n<p>At\u00e9 a noite deste domingo (22), o Paran\u00e1 tinha\u00a054 casos confirmados da Covid-19 e 1.354 suspeitas\u00a0em investiga\u00e7\u00e3o.<\/p>\n\n\n\n<p>Segundo o governo, o texto que prop\u00f5e medidas restritivas mais severas sobre a atividade econ\u00f4mica busca reduzir a circula\u00e7\u00e3o de pessoas. A decis\u00e3o se soma ao\u00a0fechamento de shopping centers, academias, escolas p\u00fablicas e privadas.<\/p>\n\n\n\n<p>\u201cEstamos avaliando as necessidades diariamente, seguindo orienta\u00e7\u00e3o das autoridades sanit\u00e1rias do Estado. Nesse momento, essa recomenda\u00e7\u00e3o \u00e9 imperativa\u201d, afirmou Ratinho Junior.<\/p>\n\n\n\n<p>Segundo ele, o governo estadual ainda divulgar\u00e1 um pacote de medidas para reduzir o impacto da pandemia sobre a atividade econ\u00f4mica.<\/p>\n\n\n\n<p>Conforme o decreto de s\u00e1bado, s\u00e3o considerados servi\u00e7os e atividade essenciais:<\/p>\n\n\n\n<ul class=\"wp-block-list\"><li>tratamento e abastecimento de \u00e1gua, produ\u00e7\u00e3o e distribui\u00e7\u00e3o de energia el\u00e9trica, g\u00e1s e combust\u00edveis;<\/li><li>assist\u00eancia m\u00e9dica e hospitalar;<\/li><li>assist\u00eancia veterin\u00e1ria;<\/li><li>produ\u00e7\u00e3o, distribui\u00e7\u00e3o e comercializa\u00e7\u00e3o de medicamentos para uso humano e veterin\u00e1rio e produtos odonto-m\u00e9dico-hospitalares, inclusive na modalidade de entrega delivery e similares;<\/li><li>produ\u00e7\u00e3o, distribui\u00e7\u00e3o e comercializa\u00e7\u00e3o de alimentos para uso humano e veterin\u00e1rio, inclusive na modalidade de entrega delivery e similares;<\/li><li>agropecu\u00e1rios para manter o abastecimento de insumos e alimentos necess\u00e1rios \u00e0 manuten\u00e7\u00e3o da vida animal;<\/li><li>funer\u00e1rios;<\/li><li>transporte coletivo, inclusive servi\u00e7os de t\u00e1xi e transporte remunerado privado individual de passageiros;<\/li><li>fretamento para transporte de funcion\u00e1rios de empresas e ind\u00fastrias cuja atividade esteja autorizada ao funcionamento;<\/li><li>transporte de profissionais da sa\u00fade e de coleta de lixo;<\/li><li>capta\u00e7\u00e3o e tratamento de esgoto e lixo;<\/li><li>telecomunica\u00e7\u00f5es;<\/li><li>guarda, uso e controle de subst\u00e2ncias radioativas, equipamentos e materiais nucleares;<\/li><li>processamento de dados ligados a servi\u00e7os essenciais;<\/li><li>imprensa;<\/li><li>seguran\u00e7a privada;<\/li><li>transporte de cargas de cadeias de e fornecimento de bens e servi\u00e7os;<\/li><li>servi\u00e7o postal e o correio a\u00e9reo nacional;<\/li><li>controle de tr\u00e1fego a\u00e9reo e navega\u00e7\u00e3o a\u00e9rea;<\/li><li>compensa\u00e7\u00e3o banc\u00e1ria;<\/li><li>atividades m\u00e9dico-periciais relacionadas com o regime geral de previd\u00eancia social e a assist\u00eancia social;<\/li><li>atividades m\u00e9dico-periciais relacionadas com a caracteriza\u00e7\u00e3o do impedimento f\u00edsico, mental, intelectual ou sensorial da pessoa com defici\u00eancia, por meio da integra\u00e7\u00e3o de equipes multiprofissionais e interdisciplinares, para fins de reconhecimento de direitos previstos no Estatuto da Pessoa com Defici\u00eancia;<\/li><li>outras presta\u00e7\u00f5es m\u00e9dico-periciais da carreira de Perito M\u00e9dico, indispens\u00e1veis ao atendimento das necessidades inadi\u00e1veis da comunidade;<\/li><li>setores industriais;<\/li><li>setores da constru\u00e7\u00e3o civil.<\/li><\/ul>\n\n\n\n<p>G1PR<\/p>\n","protected":false},"excerpt":{"rendered":"<p>Medida restritiva mais severa, segundo o governo, foi adotada no s\u00e1bado (21) e permite o funcionamento normal de 25 servi\u00e7os e atividades essenciais. Um decreto assinado pelo governador Ratinho Junior (PSD), assinado no s\u00e1bado (21), listou as 25 atividades consideradas essenciais que devem continuar funcionando normalmente no Paran\u00e1 durante o per\u00edodo de restri\u00e7\u00f5es por causa [&hellip;]<\/p>\n","protected":false},"author":2,"featured_media":26784,"comment_status":"open","ping_status":"open","sticky":false,"template":"","format":"standard","meta":{"advanced_seo_description":"","jetpack_seo_html_title":"","jetpack_seo_noindex":false,"_jetpack_memberships_contains_paid_content":false,"footnotes":""},"categories":[40],"tags":[],"class_list":{"0":"post-26783","1":"post","2":"type-post","3":"status-publish","4":"format-standard","5":"has-post-thumbnail","7":"category-destaques"},"jetpack_featured_media_url":"https:\/\/www.paranapraia.com.br\/wp-content\/uploads\/2020\/03\/comercio-fechado009.jpg","jetpack_sharing_enabled":true,"_links":{"self":[{"href":"https:\/\/www.paranapraia.com.br\/index.php\/wp-json\/wp\/v2\/posts\/26783"}],"collection":[{"href":"https:\/\/www.paranapraia.com.br\/index.php\/wp-json\/wp\/v2\/posts"}],"about":[{"href":"https:\/\/www.paranapraia.com.br\/index.php\/wp-json\/wp\/v2\/types\/post"}],"author":[{"embeddable":true,"href":"https:\/\/www.paranapraia.com.br\/index.php\/wp-json\/wp\/v2\/users\/2"}],"replies":[{"embeddable":true,"href":"https:\/\/www.paranapraia.com.br\/index.php\/wp-json\/wp\/v2\/comments?post=26783"}],"version-history":[{"count":1,"href":"https:\/\/www.paranapraia.com.br\/index.php\/wp-json\/wp\/v2\/posts\/26783\/revisions"}],"predecessor-version":[{"id":26785,"href":"https:\/\/www.paranapraia.com.br\/index.php\/wp-json\/wp\/v2\/posts\/26783\/revisions\/26785"}],"wp:featuredmedia":[{"embeddable":true,"href":"https:\/\/www.paranapraia.com.br\/index.php\/wp-json\/wp\/v2\/media\/26784"}],"wp:attachment":[{"href":"https:\/\/www.paranapraia.com.br\/index.php\/wp-json\/wp\/v2\/media?parent=26783"}],"wp:term":[{"taxonomy":"category","embeddable":true,"href":"https:\/\/www.paranapraia.com.br\/index.php\/wp-json\/wp\/v2\/categories?post=26783"},{"taxonomy":"post_tag","embeddable":true,"href":"https:\/\/www.paranapraia.com.br\/index.php\/wp-json\/wp\/v2\/tags?post=26783"}],"curies":[{"name":"wp","href":"https:\/\/api.w.org\/{rel}","templated":true}]}}