{"id":26780,"date":"2020-03-23T09:40:21","date_gmt":"2020-03-23T12:40:21","guid":{"rendered":"https:\/\/www.paranapraia.com.br\/?p=26780"},"modified":"2020-03-23T09:40:23","modified_gmt":"2020-03-23T12:40:23","slug":"coronavirus-ministerio-da-saude-confirma-50-casos-no-parana-sesa-diz-54","status":"publish","type":"post","link":"https:\/\/www.paranapraia.com.br\/index.php\/2020\/03\/23\/coronavirus-ministerio-da-saude-confirma-50-casos-no-parana-sesa-diz-54\/","title":{"rendered":"Coronav\u00edrus: Minist\u00e9rio da Sa\u00fade confirma 50 casos no Paran\u00e1; Sesa diz 54"},"content":{"rendered":"\n<h4 class=\"wp-block-heading\">N\u00fameros foram atualizados entre a tarde e a noite deste domingo (22). Estado tem 1.354 suspeitas, segundo a secretaria estadual.<\/h4>\n\n\n\n<p>O Paran\u00e1 tem 54 casos confirmados do novo coronav\u00edrus, conforme boletim da Secretaria de Estado da Sa\u00fade (Sesa) divulgado na noite deste domingo (22). Mais cedo, o Minist\u00e9rio da Sa\u00fade havia informado 50 confirma\u00e7\u00f5es da Covid-19 no estado.<\/p>\n\n\n\n<p>Quatro casos confirmados pela secretaria estadual s\u00e3o de pessoas residentes fora do Paran\u00e1, indica o boletim.<\/p>\n\n\n\n<p>Segundo a Sesa, os novos casos s\u00e3o de Curitiba (3), Foz do Igua\u00e7u (3), Cianorte (1), Colombo (1), Pinhais (1) e Miami, nos Estados Unidos (2).<\/p>\n\n\n\n<p>Tratam-se de seis homens e cinco mulheres, com idades entre 17 e 54 anos, que estiveram na It\u00e1lia, Emirados \u00c1rabes, Miami ou tiveram contato com casos confirmados fora do estado, informou a secretaria.<\/p>\n\n\n\n<p>O minist\u00e9rio n\u00e3o informa os munic\u00edpios das pessoas que contra\u00edram o v\u00edrus.<\/p>\n\n\n\n<p>A Sesa diz ter adotado nova metodologia para an\u00e1lise de casos. At\u00e9 ent\u00e3o, prevalecia o munic\u00edpio de notifica\u00e7\u00e3o. A partir deste domingo, \u00e9 considerado o munic\u00edpio de resid\u00eancia.<\/p>\n\n\n\n<p>Com isso, segundo a secretaria, tr\u00eas casos foram retirados de Curitiba por se tratar de dois pacientes de S\u00e3o Paulo e um de Pinhais, na Regi\u00e3o Metropolitana de Curitiba. Um caso de Umuarama, no noroeste, foi alterado para Cianorte, na mesma regi\u00e3o.<\/p>\n\n\n\n<p>Conforme a Sesa, isso facilita o monitoramento e assegura maior capacidade de verifica\u00e7\u00e3o e poss\u00edvel circula\u00e7\u00e3o do v\u00edrus nas localidades pelas equipes de sa\u00fade.<\/p>\n\n\n\n<h2 class=\"wp-block-heading\">Casos por munic\u00edpio, segundo a Sesa:<\/h2>\n\n\n\n<ul class=\"wp-block-list\"><li>Curitiba: 31<\/li><li>Foz do Igua\u00e7u: 4<\/li><li>Cianorte: 4<\/li><li>Londrina: 3<\/li><li>Pinhais: 2<\/li><li>Maring\u00e1: 1<\/li><li>Colombo: 1<\/li><li>Campo Largo: 1<\/li><li>Ponta Grossa: 1<\/li><li>Pato Branco: 1<\/li><li>Gua\u00edra: 1<\/li><li>Residentes fora do Paran\u00e1: 4<\/li><\/ul>\n\n\n\n<p>A Secretaria de Sa\u00fade de Maring\u00e1 informou \u00e0s 18h deste domingo que h\u00e1 tr\u00eas casos confirmados no munic\u00edpio. A Sesa confirma um.<\/p>\n\n\n\n<p>Em Cascavel, a secretaria municipal afirmou que a cidade registrou o primeiro caso neste domingo. A secretaria estadual ainda n\u00e3o reconheceu essa confirma\u00e7\u00e3o. O munic\u00edpio disse que se trata de uma mulher, de 42 anos, com hist\u00f3rico de viagem aos Emirados \u00c1rabes Unidos.<\/p>\n\n\n\n<h2 class=\"wp-block-heading\">Suspeitas<\/h2>\n\n\n\n<p>Segundo a secretaria, todas as notifica\u00e7\u00f5es pelos servi\u00e7os de sa\u00fade de s\u00edndromes respirat\u00f3rias passaram a constar no boletim como casos em investiga\u00e7\u00e3o do novo coronav\u00edrus.<\/p>\n\n\n\n<p>Com isso, o estado passou de\u00a0273 suspeitas no s\u00e1bado\u00a0para 1.354 no domingo. A medida, conforme a Sesa, atende uma portaria do minist\u00e9rio que estabelece novos crit\u00e9rios e procedimentos. At\u00e9 o momento, 159 suspeitas foram descartadas.<\/p>\n\n\n\n<p>Ainda de acordo com a secretaria, boa parte dos casos em investiga\u00e7\u00e3o j\u00e1 foram testados pelo Laborat\u00f3rio Central do Estado (Lacen) e j\u00e1 foram negativados, mas n\u00e3o constam no sistema do Minist\u00e9rio da Sa\u00fade em raz\u00e3o da instabilidade da plataforma.<\/p>\n\n\n\n<h2 class=\"wp-block-heading\">Testes r\u00e1pidos v\u00eam da China<\/h2>\n\n\n\n<p>O secret\u00e1rio de Vigil\u00e2ncia em Sa\u00fade, Wanderson Oliveira, deu\u00a0mais detalhes neste domingo sobre os novos testes r\u00e1pidos que chegar\u00e3o nas pr\u00f3ximas semanas\u00a0e ser\u00e3o doados pela Vale.<\/p>\n\n\n\n<p>Oliveira reafirmou o que disse no s\u00e1bado (21):\u00a0que os profissionais de sa\u00fade ter\u00e3o prioridade de ser testados com esses novos kits, que d\u00e3o os resultado em minutos.<\/p>\n\n\n\n<p>O objetivo \u00e9 verificar quais desses profissionais que tenham apresentado algum sintoma foram contaminados pelo coronav\u00edrus e quais podem retornar ao trabalho.<\/p>\n\n\n\n<p>Ele afirmou que os novos testes s\u00e3o produzidos por uma empresa chinesa e s\u00e3o aprovados por ag\u00eancias reguladoras da China e pela Comiss\u00e3o Europeia, mas ainda n\u00e3o s\u00e3o validados pela Organiza\u00e7\u00e3o Mundial da Sa\u00fade (OMS).<\/p>\n\n\n\n<p>&#8220;Por isso, n\u00f3s temos o uso para o teste r\u00e1pido muito limitado&#8221;, afirmou Oliveira. &#8220;Ele \u00e9 um teste para vigil\u00e2ncia epidemiol\u00f3gias.&#8221;<\/p>\n\n\n\n<h2 class=\"wp-block-heading\">Transmiss\u00e3o comunit\u00e1ria<\/h2>\n\n\n\n<p>O Minist\u00e9rio da Sa\u00fade declarou que\u00a0todo o territ\u00f3rio nacional est\u00e1 sob o status de transmiss\u00e3o comunit\u00e1ria\u00a0do coronav\u00edrus Sars-Cov-2, respons\u00e1vel pela pandemia da doen\u00e7a Covid-19. O status foi publicado em portaria na noite de sexta-feira (20).<\/p>\n\n\n\n<p>O ministro da Sa\u00fade, Luiz Henrique Mandetta, j\u00e1 tinha anunciado nesta tarde que a medida seria tomada em breve para facilitar a\u00e7\u00f5es do governo. Ele sinalizou tamb\u00e9m que a previs\u00e3o \u00e9 que os casos da doen\u00e7a disparem em abril e o sistema de sa\u00fade deve entrar em colapso.<\/p>\n\n\n\n<blockquote class=\"wp-block-quote is-layout-flow wp-block-quote-is-layout-flow\"><p>A transmiss\u00e3o comunit\u00e1ria ou sustentada \u00e9 aquela quando n\u00e3o \u00e9 poss\u00edvel rastrear qual a origem da infec\u00e7\u00e3o, indicando que o v\u00edrus circula entre pessoas que n\u00e3o viajaram ou tiveram contato com quem esteve no exterior.<\/p><\/blockquote>\n\n\n\n<p>Mesmo assim, a Sesa informou que o Paran\u00e1 n\u00e3o tem nenhum caso de transmiss\u00e3o comunit\u00e1ria.<\/p>\n\n\n\n<p>G1PR<br><\/p>\n","protected":false},"excerpt":{"rendered":"<p>N\u00fameros foram atualizados entre a tarde e a noite deste domingo (22). Estado tem 1.354 suspeitas, segundo a secretaria estadual. O Paran\u00e1 tem 54 casos confirmados do novo coronav\u00edrus, conforme boletim da Secretaria de Estado da Sa\u00fade (Sesa) divulgado na noite deste domingo (22). Mais cedo, o Minist\u00e9rio da Sa\u00fade havia informado 50 confirma\u00e7\u00f5es da [&hellip;]<\/p>\n","protected":false},"author":2,"featured_media":26781,"comment_status":"open","ping_status":"open","sticky":false,"template":"","format":"standard","meta":{"advanced_seo_description":"","jetpack_seo_html_title":"","jetpack_seo_noindex":false,"_jetpack_memberships_contains_paid_content":false,"footnotes":""},"categories":[40],"tags":[],"class_list":{"0":"post-26780","1":"post","2":"type-post","3":"status-publish","4":"format-standard","5":"has-post-thumbnail","7":"category-destaques"},"jetpack_featured_media_url":"https:\/\/www.paranapraia.com.br\/wp-content\/uploads\/2020\/03\/18669253_BsbBrasiliaBrasil02-03-2012PAFachada-do-edificio-sede-do-Ministerio-da-Saude.jpg","jetpack_sharing_enabled":true,"_links":{"self":[{"href":"https:\/\/www.paranapraia.com.br\/index.php\/wp-json\/wp\/v2\/posts\/26780"}],"collection":[{"href":"https:\/\/www.paranapraia.com.br\/index.php\/wp-json\/wp\/v2\/posts"}],"about":[{"href":"https:\/\/www.paranapraia.com.br\/index.php\/wp-json\/wp\/v2\/types\/post"}],"author":[{"embeddable":true,"href":"https:\/\/www.paranapraia.com.br\/index.php\/wp-json\/wp\/v2\/users\/2"}],"replies":[{"embeddable":true,"href":"https:\/\/www.paranapraia.com.br\/index.php\/wp-json\/wp\/v2\/comments?post=26780"}],"version-history":[{"count":1,"href":"https:\/\/www.paranapraia.com.br\/index.php\/wp-json\/wp\/v2\/posts\/26780\/revisions"}],"predecessor-version":[{"id":26782,"href":"https:\/\/www.paranapraia.com.br\/index.php\/wp-json\/wp\/v2\/posts\/26780\/revisions\/26782"}],"wp:featuredmedia":[{"embeddable":true,"href":"https:\/\/www.paranapraia.com.br\/index.php\/wp-json\/wp\/v2\/media\/26781"}],"wp:attachment":[{"href":"https:\/\/www.paranapraia.com.br\/index.php\/wp-json\/wp\/v2\/media?parent=26780"}],"wp:term":[{"taxonomy":"category","embeddable":true,"href":"https:\/\/www.paranapraia.com.br\/index.php\/wp-json\/wp\/v2\/categories?post=26780"},{"taxonomy":"post_tag","embeddable":true,"href":"https:\/\/www.paranapraia.com.br\/index.php\/wp-json\/wp\/v2\/tags?post=26780"}],"curies":[{"name":"wp","href":"https:\/\/api.w.org\/{rel}","templated":true}]}}