{"id":26541,"date":"2020-03-02T22:31:41","date_gmt":"2020-03-03T01:31:41","guid":{"rendered":"https:\/\/www.paranapraia.com.br\/?p=26541"},"modified":"2020-03-02T22:31:46","modified_gmt":"2020-03-03T01:31:46","slug":"homem-invade-garagem-de-predio-em-curitiba-e-quebra-vidro-de-carro-com-bicicleta","status":"publish","type":"post","link":"https:\/\/www.paranapraia.com.br\/index.php\/2020\/03\/02\/homem-invade-garagem-de-predio-em-curitiba-e-quebra-vidro-de-carro-com-bicicleta\/","title":{"rendered":"Homem invade garagem de pr\u00e9dio em Curitiba e quebra vidro de carro com bicicleta"},"content":{"rendered":"\n<p>Um homem invadiu a garagem de um pr\u00e9dio e quebrou o vidro do carro de uma moradora com uma bicicleta, no Centro de Curitiba.\u00a0<\/p>\n\n\n\n<p>O caso ocorreu na madrugada de s\u00e1bado (29). Nas imagens \u00e9 poss\u00edvel ver que uma moradora espera o port\u00e3o do pr\u00e9dio abrir para entrar.<\/p>\n\n\n\n<p>Do lado de fora, o homem observa tudo, \u00e0 espera do melhor momento para agir. Logo que o carro entra, ele sai do esconderijo, passa em frente ao port\u00e3o e, em seguida, entra.<\/p>\n\n\n\n<p>Na garagem, o homem tenta abrir a porta do carro com a motorista dentro. Como n\u00e3o consegue entrar, ele se irrita, pega uma bicicleta e quebra o para-brisa do ve\u00edculo.<\/p>\n\n\n\n<p>O porteiro do pr\u00e9dio chega e rende o suspeito at\u00e9 a chegada da pol\u00edcia. O carro da moradora ficou com a porta amassada e o para-brisa completamente destru\u00eddo depois do ataque.<\/p>\n\n\n\n<p>O suspeito foi preso. De acordo com a Pol\u00edcia Civil, ele tinha mandado de pris\u00e3o em aberto por roubo e estava foragido da Penitenci\u00e1ria de Piraquara desde 2017.<\/p>\n\n\n\n<h2 class=\"wp-block-heading\">Medo<\/h2>\n\n\n\n<p>Outra moradora do mesmo pr\u00e9dio, que n\u00e3o quis se identificar, disse que j\u00e1 foi assaltada quatro vezes perto de casa. &#8220;[Aconteceu] nos \u00faltimos cinco anos, quatro vezes voltando do meu trabalho \u00e0 noite e sempre por crian\u00e7as. Levaram minha bolsa, minha roupa, e todos com estilete&#8221;, explicou ela.<\/p>\n\n\n\n<p>Moradores da regi\u00e3o, perto da Pra\u00e7a Oswaldo Cruz, afirmam que tamb\u00e9m vivem com medo.<\/p>\n\n\n\n<p>&#8220;Eu sou abordada por motoqueiro, a p\u00e9, no carro. \u00c9 o tempo todo, de diversas formas. S\u00e3o coisas que, infelizmente, est\u00e3o na nossa porta&#8221;, disse a administradora Dayana Peralbo.<\/p>\n\n\n\n<p>Um comerciante, que n\u00e3o quis se identificar, disse que as brigas entre pessoas em situa\u00e7\u00e3o de rua e guardadores de carro s\u00e3o frequentes na regi\u00e3o.<\/p>\n\n\n\n<p>&#8220;[Eles] tamb\u00e9m precisam sobreviver, mas n\u00e3o t\u00eam muitas condi\u00e7\u00f5es e acabam se juntando aqui, muitas vezes, pela disputa de pontos de EstaR, de cuidar de carro&#8221;, comentou ele.<\/p>\n\n\n\n<h2 class=\"wp-block-heading\">Seguran\u00e7a<\/h2>\n\n\n\n<p>Por meio de nota, a prefeitura disse que, desde outubro do ano passado, recebeu oito chamados para que equipes da Funda\u00e7\u00e3o de A\u00e7\u00e3o Social (FAS) abordassem pessoas em situa\u00e7\u00e3o de rua na Pra\u00e7a Oswaldo Cruz.<\/p>\n\n\n\n<p>Em cinco oportunidades, as pessoas recusaram atendimento, em duas, foram levadas para a unidade da FAS e, em uma delas, ningu\u00e9m foi encontrado.<\/p>\n\n\n\n<p>A Pol\u00edcia Militar (PM) informou que faz o policiamento regular na regi\u00e3o central de Curitiba, incluindo a Pra\u00e7a Oswaldo Cruz. Disse ainda que tem intensificado a\u00e7\u00f5es em parceria com a Guarda Municipal e a Pol\u00edcia Civil.<br><\/p>\n\n\n\n<p>G1PR<\/p>\n\n\n\n<p><br><\/p>\n","protected":false},"excerpt":{"rendered":"<p>Um homem invadiu a garagem de um pr\u00e9dio e quebrou o vidro do carro de uma moradora com uma bicicleta, no Centro de Curitiba.\u00a0 O caso ocorreu na madrugada de s\u00e1bado (29). Nas imagens \u00e9 poss\u00edvel ver que uma moradora espera o port\u00e3o do pr\u00e9dio abrir para entrar. Do lado de fora, o homem observa [&hellip;]<\/p>\n","protected":false},"author":2,"featured_media":26542,"comment_status":"open","ping_status":"open","sticky":false,"template":"","format":"standard","meta":{"advanced_seo_description":"","jetpack_seo_html_title":"","jetpack_seo_noindex":false,"_jetpack_memberships_contains_paid_content":false,"footnotes":""},"categories":[33],"tags":[],"class_list":{"0":"post-26541","1":"post","2":"type-post","3":"status-publish","4":"format-standard","5":"has-post-thumbnail","7":"category-policia"},"jetpack_featured_media_url":"https:\/\/www.paranapraia.com.br\/wp-content\/uploads\/2020\/03\/a-1.jpg","jetpack_sharing_enabled":true,"_links":{"self":[{"href":"https:\/\/www.paranapraia.com.br\/index.php\/wp-json\/wp\/v2\/posts\/26541"}],"collection":[{"href":"https:\/\/www.paranapraia.com.br\/index.php\/wp-json\/wp\/v2\/posts"}],"about":[{"href":"https:\/\/www.paranapraia.com.br\/index.php\/wp-json\/wp\/v2\/types\/post"}],"author":[{"embeddable":true,"href":"https:\/\/www.paranapraia.com.br\/index.php\/wp-json\/wp\/v2\/users\/2"}],"replies":[{"embeddable":true,"href":"https:\/\/www.paranapraia.com.br\/index.php\/wp-json\/wp\/v2\/comments?post=26541"}],"version-history":[{"count":1,"href":"https:\/\/www.paranapraia.com.br\/index.php\/wp-json\/wp\/v2\/posts\/26541\/revisions"}],"predecessor-version":[{"id":26543,"href":"https:\/\/www.paranapraia.com.br\/index.php\/wp-json\/wp\/v2\/posts\/26541\/revisions\/26543"}],"wp:featuredmedia":[{"embeddable":true,"href":"https:\/\/www.paranapraia.com.br\/index.php\/wp-json\/wp\/v2\/media\/26542"}],"wp:attachment":[{"href":"https:\/\/www.paranapraia.com.br\/index.php\/wp-json\/wp\/v2\/media?parent=26541"}],"wp:term":[{"taxonomy":"category","embeddable":true,"href":"https:\/\/www.paranapraia.com.br\/index.php\/wp-json\/wp\/v2\/categories?post=26541"},{"taxonomy":"post_tag","embeddable":true,"href":"https:\/\/www.paranapraia.com.br\/index.php\/wp-json\/wp\/v2\/tags?post=26541"}],"curies":[{"name":"wp","href":"https:\/\/api.w.org\/{rel}","templated":true}]}}