{"id":26535,"date":"2020-03-02T22:10:11","date_gmt":"2020-03-03T01:10:11","guid":{"rendered":"https:\/\/www.paranapraia.com.br\/?p=26535"},"modified":"2020-03-02T22:10:14","modified_gmt":"2020-03-03T01:10:14","slug":"prefeitura-de-guaratuba-e-ufpr-realizam-curso-de-extensao-na-area-social","status":"publish","type":"post","link":"https:\/\/www.paranapraia.com.br\/index.php\/2020\/03\/02\/prefeitura-de-guaratuba-e-ufpr-realizam-curso-de-extensao-na-area-social\/","title":{"rendered":"Prefeitura de Guaratuba e UFPR realizam curso de extens\u00e3o na \u00e1rea social"},"content":{"rendered":"\n<p>A Prefeitura de Guaratuba e a Universidade Federal do Paran\u00e1 \u2013 Setor Litoral realizam um curso de extens\u00e3o universit\u00e1ria voltado a servidores da \u00e1rea social. Tamb\u00e9m s\u00e3o disponibilizadas vagas para membros de conselhos de direitos, ONGs, pastorais, servidores do Estado e alunos a UFPR Litoral.<br><br>A parceria com a UFPR foi firmada pelo CRAS Novo Horizontes, da Secretaria do Bem Estar e Promo\u00e7\u00e3o Social. As inscri\u00e7\u00f5es s\u00e3o gratuitas e devem ser feitas, at\u00e9 o dia 20 de mar\u00e7o, pela Internet.<br><br>O curso de extens\u00e3o inicia no dia 27 de mar\u00e7o a vai at\u00e9 1o de dezembro. Abordar\u00e1 os seguintes temas:<br><br>&#8211; As teorias sociais pol\u00edticas e econ\u00f4micas;<br>&#8211; A constitui\u00e7\u00e3o do ser social e a pr\u00e1xis profissional;<br>&#8211; Assist\u00eancia Social como direito;<br>&#8211; O papel do CRAS e dos CREAS na pol\u00edtica de assist\u00eancia social;<br>&#8211; Instrumentais da atua\u00e7\u00e3o profissional na assist\u00eancia social;<br>&#8211; \u00c9tica no trabalho;<br>&#8211; Programa de atendimento integral \u00e0 fam\u00edlia (PAIF);<br>&#8211; Vigil\u00e2ncia socioassistencial;<br>&#8211; Matricialidade familiar;<br>&#8211; Viol\u00eancia social e dom\u00e9stica;<br>&#8211; Notifica\u00e7\u00e3o de viol\u00eancia;<br>&#8211; Legisla\u00e7\u00e3o social;<br><br>As inscri\u00e7\u00f5es devem ser realizadas de 2\/3 a 20\/3 no link:<a href=\"http:\/\/portal.guaratuba.pr.gov.br\/%22http:\/\/bit.ly\/32INBGB\/%22\">\u00a0http:\/\/bit.ly\/32INBGB<\/a><br><br><br>Crit\u00e9rios para inscri\u00e7\u00e3o:<br>\u2714 Ser servidor municipal de Guaratuba: 60 vagas<br>\u2714 Pertencer \u00e0 Organiza\u00e7\u00f5es N\u00e3o Governamentais da \u00c1rea Social: 3 vagas<br>\u2714 Integrar Conselhos de Direitos do Munic\u00edpio de Guaratuba: 3 vagas<br>\u2714 Ser servidor da \u00e1rea sociojur\u00eddica do Estado do Paran\u00e1: 3 vagas<br>\u2714 Ser estudante da UFPR Litoral: 3 vagas<br>\u2714 Ser servidor t\u00e9cnico-administrativo da UFPR Litoral: 3 vagas<br><br>A rela\u00e7\u00e3o dos aprovados acontecer\u00e1 no dia 25 de mar\u00e7o, no site do Munic\u00edpio.<br><br><strong>In\u00edcio do curso: 27\/3\/2020<br>T\u00e9rmino: 10\/12\/2020<br>Sempre nas \u00faltimas sextas-feiras de cada m\u00eas, das 9h \u00e0s 17h, no Audit\u00f3rio do CRAS.<br>Certifica\u00e7\u00e3o: 80h<\/strong><\/p>\n\n\n\n<p>Assessoria<br><br><\/p>\n","protected":false},"excerpt":{"rendered":"<p>A Prefeitura de Guaratuba e a Universidade Federal do Paran\u00e1 \u2013 Setor Litoral realizam um curso de extens\u00e3o universit\u00e1ria voltado a servidores da \u00e1rea social. Tamb\u00e9m s\u00e3o disponibilizadas vagas para membros de conselhos de direitos, ONGs, pastorais, servidores do Estado e alunos a UFPR Litoral. A parceria com a UFPR foi firmada pelo CRAS Novo [&hellip;]<\/p>\n","protected":false},"author":2,"featured_media":26536,"comment_status":"open","ping_status":"open","sticky":false,"template":"","format":"standard","meta":{"advanced_seo_description":"","jetpack_seo_html_title":"","jetpack_seo_noindex":false,"_jetpack_memberships_contains_paid_content":false,"footnotes":""},"categories":[99],"tags":[],"class_list":{"0":"post-26535","1":"post","2":"type-post","3":"status-publish","4":"format-standard","5":"has-post-thumbnail","7":"category-guaratuba"},"jetpack_featured_media_url":"https:\/\/www.paranapraia.com.br\/wp-content\/uploads\/2020\/03\/\u00edndice.jpg","jetpack_sharing_enabled":true,"_links":{"self":[{"href":"https:\/\/www.paranapraia.com.br\/index.php\/wp-json\/wp\/v2\/posts\/26535"}],"collection":[{"href":"https:\/\/www.paranapraia.com.br\/index.php\/wp-json\/wp\/v2\/posts"}],"about":[{"href":"https:\/\/www.paranapraia.com.br\/index.php\/wp-json\/wp\/v2\/types\/post"}],"author":[{"embeddable":true,"href":"https:\/\/www.paranapraia.com.br\/index.php\/wp-json\/wp\/v2\/users\/2"}],"replies":[{"embeddable":true,"href":"https:\/\/www.paranapraia.com.br\/index.php\/wp-json\/wp\/v2\/comments?post=26535"}],"version-history":[{"count":1,"href":"https:\/\/www.paranapraia.com.br\/index.php\/wp-json\/wp\/v2\/posts\/26535\/revisions"}],"predecessor-version":[{"id":26537,"href":"https:\/\/www.paranapraia.com.br\/index.php\/wp-json\/wp\/v2\/posts\/26535\/revisions\/26537"}],"wp:featuredmedia":[{"embeddable":true,"href":"https:\/\/www.paranapraia.com.br\/index.php\/wp-json\/wp\/v2\/media\/26536"}],"wp:attachment":[{"href":"https:\/\/www.paranapraia.com.br\/index.php\/wp-json\/wp\/v2\/media?parent=26535"}],"wp:term":[{"taxonomy":"category","embeddable":true,"href":"https:\/\/www.paranapraia.com.br\/index.php\/wp-json\/wp\/v2\/categories?post=26535"},{"taxonomy":"post_tag","embeddable":true,"href":"https:\/\/www.paranapraia.com.br\/index.php\/wp-json\/wp\/v2\/tags?post=26535"}],"curies":[{"name":"wp","href":"https:\/\/api.w.org\/{rel}","templated":true}]}}