{"id":26526,"date":"2020-03-02T21:56:54","date_gmt":"2020-03-03T00:56:54","guid":{"rendered":"https:\/\/www.paranapraia.com.br\/?p=26526"},"modified":"2020-03-02T21:56:56","modified_gmt":"2020-03-03T00:56:56","slug":"anitta-vira-atriz-e-sua-musica-agora-e-apenas-um-acessorio-descartavel","status":"publish","type":"post","link":"https:\/\/www.paranapraia.com.br\/index.php\/2020\/03\/02\/anitta-vira-atriz-e-sua-musica-agora-e-apenas-um-acessorio-descartavel\/","title":{"rendered":"Anitta vira atriz e sua m\u00fasica agora \u00e9 apenas um acess\u00f3rio descart\u00e1vel"},"content":{"rendered":"\n<h4 class=\"wp-block-heading\">Cantora come\u00e7a a dar uma diversificada na carreira e discos e can\u00e7\u00f5es se transformam em penduricalhos<\/h4>\n\n\n\n<p>Quando foi a \u00faltima vez que a m\u00fasica da Anitta chamou aten\u00e7\u00e3o? Talvez com&nbsp;<em>Vai Malandra<\/em>? Esta can\u00e7\u00e3o \u00e9, possivelmente, seu \u00faltimo grande hit. L\u00e1 se v\u00e3o dois anos. De l\u00e1 para c\u00e1, a cantora continua chamando muito a aten\u00e7\u00e3o, mas por outros motivos: namorados, namoradas, falas de impacto, fotinhos ousadas, carnaval etc e tal.<\/p>\n\n\n\n<p>Ela pr\u00f3pria disse recentemente que n\u00e3o quer ser cantora a vida toda e j\u00e1 vem dando seus pulos para que isso aconte\u00e7a. Na semana passada, Anitta fez uma participa\u00e7\u00e3o especial em&nbsp;<em>Amor de M\u00e3e<\/em>&nbsp;e foi sua estreia numa novela. E isso significa o qu\u00ea? Que ela vai deixar a m\u00fasica? N\u00e3o imediatamente e nem que abandonar\u00e1 os palcos e os discos para sempre. Mas d\u00e1 seus passinhos para avan\u00e7ar no mundo do entretenimento e n\u00e3o ficar apenas na m\u00fasica.<\/p>\n\n\n\n<p>N\u00e3o d\u00e1 para negar o talento de Anitta para compor e criar m\u00fasica pop grudenta. Fora a for\u00e7a de seu marketing pessoal, claro. Mas, vamos combinar, que suas can\u00e7\u00f5es viraram um acess\u00f3rio de uns tempos para c\u00e1. A pr\u00f3pria&nbsp;<em>Vai Malandra<\/em>&nbsp;foi marcada mais pelo biqu\u00edni de fita isolante do que pela m\u00fasica em si. E desde que ela tentou se internacionalizar \u2014 e at\u00e9 conseguiu alguns resultados com isso \u2014 a mocinha parece ter deixado de lado a vontade de fazer novos hits ganchudos para seu p\u00fablico local. Faz um tempo que ela parece mostrar um certo desinteresse com seu material em portugu\u00eas. Bom, \u00e9 s\u00f3 ver o show sem gra\u00e7a que fez no Rock in Rio no final do ano passado. Todo mundo esperava que essa sua apresenta\u00e7\u00e3o fosse uma hecatombe nuclear e acabou sendo apenas algo protocolar.<\/p>\n\n\n\n<figure><iframe width=\"1\" height=\"1\"><\/iframe><\/figure>\n\n\n\n<p>Fora que m\u00fasica vem dando muito trabalho ultimamente para quem trabalha com ela. Uma can\u00e7\u00e3o nova atualmente dura quanto tempo em evid\u00eancia? 15 dias? Com os aplicativos de streaming, o p\u00fablico ficou muito acostumado a ouvir uma novidade hoje e amanh\u00e3 j\u00e1 estar em outra. Quer dizer, o artista tem de ficar lan\u00e7ando material novo o tempo todo. Coisa que Anitta fez durante um bom tempo. Sobram os shows eternos, que viraram a principal fonte de renda de muito artista. Quer dizer, agora as turn\u00eas s\u00e3o eternas e n\u00e3o param mais a n\u00e3o ser que voc\u00ea seja um cantor\/cantora que tenha j\u00e1 acumulado fortuna. Deve cansar isso tudo, n\u00e9?!<\/p>\n\n\n\n<p>E a\u00ed chega um momento em que o artista pensa em dar uma diversificada. Anitta entrou em&nbsp;<em>Amor de M\u00e3<\/em>e como uma mulher aproveitadora e atr\u00e1s de fama. Deu supercerto. A audi\u00eancia foi boa e ela j\u00e1 deixou claro que \u00e9 s\u00f3 chamar que topa aparecer em outros produtos. Faz todo o sentido.<\/p>\n\n\n\n<p>Anitta n\u00e3o vai abandonar a m\u00fasica de uma vez por todas. Logo mais o que deve come\u00e7ar a acontecer \u00e9 ela se transformar numa jurada de algum reality show musical, atuar mais vezes em novelas, dar as caras em filmes e mandar ver em parar em publicidade. \u00c9 um caminho natural. Basta dar uma olhada no que est\u00e3o fazendo Ivete Sangalo, Claudia Leitte, Lulu Santos, entre outros. Todos deixam sua arte em segundo plano para privilegiar programas de TV e publicidade. Tudo isso, ali\u00e1s, ajuda a vender mais shows, sem contar que inflaciona o cach\u00ea dessa turma. \u00c9 ganha-ganha total.<\/p>\n\n\n\n<p>No caso de Anitta, ent\u00e3o, a coisa \u00e9 mais forte ainda. Ela, definitivamente, n\u00e3o precisa mais da m\u00fasica para aparecer e chamar aten\u00e7\u00e3o. Claro, bom para ela, que trabalhou para isso. Ruim para quem gosta de suas can\u00e7\u00f5es. Mas \u00e9 vida \u00e9 assim mesmo.<\/p>\n\n\n\n<p>R7<br><\/p>\n","protected":false},"excerpt":{"rendered":"<p>Cantora come\u00e7a a dar uma diversificada na carreira e discos e can\u00e7\u00f5es se transformam em penduricalhos Quando foi a \u00faltima vez que a m\u00fasica da Anitta chamou aten\u00e7\u00e3o? Talvez com&nbsp;Vai Malandra? Esta can\u00e7\u00e3o \u00e9, possivelmente, seu \u00faltimo grande hit. L\u00e1 se v\u00e3o dois anos. De l\u00e1 para c\u00e1, a cantora continua chamando muito a aten\u00e7\u00e3o, [&hellip;]<\/p>\n","protected":false},"author":2,"featured_media":26527,"comment_status":"open","ping_status":"open","sticky":false,"template":"","format":"standard","meta":{"advanced_seo_description":"","jetpack_seo_html_title":"","jetpack_seo_noindex":false,"_jetpack_memberships_contains_paid_content":false,"footnotes":""},"categories":[104],"tags":[],"class_list":{"0":"post-26526","1":"post","2":"type-post","3":"status-publish","4":"format-standard","5":"has-post-thumbnail","7":"category-televisao"},"jetpack_featured_media_url":"https:\/\/www.paranapraia.com.br\/wp-content\/uploads\/2020\/03\/anitta-novelajpg-02032020181111747.jpeg","jetpack_sharing_enabled":true,"_links":{"self":[{"href":"https:\/\/www.paranapraia.com.br\/index.php\/wp-json\/wp\/v2\/posts\/26526"}],"collection":[{"href":"https:\/\/www.paranapraia.com.br\/index.php\/wp-json\/wp\/v2\/posts"}],"about":[{"href":"https:\/\/www.paranapraia.com.br\/index.php\/wp-json\/wp\/v2\/types\/post"}],"author":[{"embeddable":true,"href":"https:\/\/www.paranapraia.com.br\/index.php\/wp-json\/wp\/v2\/users\/2"}],"replies":[{"embeddable":true,"href":"https:\/\/www.paranapraia.com.br\/index.php\/wp-json\/wp\/v2\/comments?post=26526"}],"version-history":[{"count":1,"href":"https:\/\/www.paranapraia.com.br\/index.php\/wp-json\/wp\/v2\/posts\/26526\/revisions"}],"predecessor-version":[{"id":26528,"href":"https:\/\/www.paranapraia.com.br\/index.php\/wp-json\/wp\/v2\/posts\/26526\/revisions\/26528"}],"wp:featuredmedia":[{"embeddable":true,"href":"https:\/\/www.paranapraia.com.br\/index.php\/wp-json\/wp\/v2\/media\/26527"}],"wp:attachment":[{"href":"https:\/\/www.paranapraia.com.br\/index.php\/wp-json\/wp\/v2\/media?parent=26526"}],"wp:term":[{"taxonomy":"category","embeddable":true,"href":"https:\/\/www.paranapraia.com.br\/index.php\/wp-json\/wp\/v2\/categories?post=26526"},{"taxonomy":"post_tag","embeddable":true,"href":"https:\/\/www.paranapraia.com.br\/index.php\/wp-json\/wp\/v2\/tags?post=26526"}],"curies":[{"name":"wp","href":"https:\/\/api.w.org\/{rel}","templated":true}]}}