{"id":26523,"date":"2020-03-02T21:52:16","date_gmt":"2020-03-03T00:52:16","guid":{"rendered":"https:\/\/www.paranapraia.com.br\/?p=26523"},"modified":"2020-03-02T21:52:19","modified_gmt":"2020-03-03T00:52:19","slug":"fila-do-inss-edital-abrira-8-200-vagas-temporarias-para-servidores","status":"publish","type":"post","link":"https:\/\/www.paranapraia.com.br\/index.php\/2020\/03\/02\/fila-do-inss-edital-abrira-8-200-vagas-temporarias-para-servidores\/","title":{"rendered":"Fila do INSS: edital abrir\u00e1 8.200 vagas tempor\u00e1rias para servidores"},"content":{"rendered":"\n<h4 class=\"wp-block-heading\">As remunera\u00e7\u00f5es ser\u00e3o de R$ 2,1 mil e R$ 4,2 mil, e as oportunidades poder\u00e3o ser disputadas por inativos civis e militares. Contrata\u00e7\u00e3o ser\u00e1 por at\u00e9 2 anos&nbsp;<\/h4>\n\n\n\n<p>Os servidores\u00a0aposentados\u00a0que desejam ocupar uma das vagas tempor\u00e1rias que ser\u00e3o abertas pela for\u00e7a-tarefa do governo federal para reduzir a fila do INSS (Instituto Nacional do Seguro Social) t\u00eam alguns dias para se preparar para o processo seletivo.<\/p>\n\n\n\n<p>A previs\u00e3o \u00e9 de que o edital seja lan\u00e7ado no dia 20 de&nbsp; mar\u00e7o e que a sele\u00e7\u00e3o seja conclu\u00edda \u2013 e os contratos de trabalhos assinados \u2013 entre 13 e 17 de abril.&nbsp;<\/p>\n\n\n\n<p>A sele\u00e7\u00e3o ser\u00e1 dividida entre concorr\u00eancia ampla, para fun\u00e7\u00f5es administrativas, e espec\u00edfica, para per\u00edcias m\u00e9dicas e an\u00e1lise dos processos.<\/p>\n\n\n\n<p>Ao todo ser\u00e3o 7.400 vagas para o INSS e 820 para outros \u00f3rg\u00e3os da Secretaria Especial de Previd\u00eancia e da Secretaria de Gest\u00e3o de Pessoas.<\/p>\n\n\n\n<p>As remunera\u00e7\u00f5es ser\u00e3o de R$ 2,1 mil e R$ 4,2 mil, e as vagas poder\u00e3o ser disputadas por inativos civis e militares.<\/p>\n\n\n\n<p><strong>Vagas s\u00e3o para aposentado com carreira em seguro social<\/strong><\/p>\n\n\n\n<p>Os eleg\u00edveis s\u00e3o os que se aposentaram at\u00e9 28 de fevereiro deste ano. Para a concorr\u00eancia espec\u00edfica, n\u00e3o h\u00e1 limite de vagas, uma vez que os servidores ser\u00e3o remunerados por produtividade.<\/p>\n\n\n\n<p>Apenas aposentados das carreiras do seguro social e de perito m\u00e9dico federal poder\u00e3o concorrer. Cada processo analisado, independentemente da resposta, ser\u00e1 remunerado em R$ 57,50. Cada per\u00edcia, por sua vez, ser\u00e1 remunerada em R$ 61,72.<\/p>\n\n\n\n<p>O cronograma foi divulgado nesta segunda-feira (2) pelo secret\u00e1rio especial de Previd\u00eancia e Trabalho, Bruno Bianco, em entrevista coletiva. Pela manh\u00e3, o DOU (Di\u00e1rio Oficial da Uni\u00e3o) trouxe a publica\u00e7\u00e3o da\u00a0Medida Provis\u00f3ria n\u00ba 922\/2020, que regulamenta a atividade.<\/p>\n\n\n\n<p>Segundo Bianco, o governo pretendia editar a MP na \u00faltima sexta-feira, 28, mas decidiu adiar para esta segunda para dar mais dias corridos aos parlamentares para apresenta\u00e7\u00e3o de emendas.<\/p>\n\n\n\n<p><strong>Prazo de contrata\u00e7\u00e3o \u00e9 de 2 anos<\/strong><\/p>\n\n\n\n<p>O prazo de contrata\u00e7\u00e3o \u00e9 de no m\u00e1ximo dois anos. Para 2020, o governo prev\u00ea um gasto de R$ 160 milh\u00f5es em nove meses, caso sejam preenchidas todas as vagas do edital.<\/p>\n\n\n\n<p>&#8220;N\u00e3o sabemos se haver\u00e1 demanda para todas as vagas ofertadas&#8221;, disse o secret\u00e1rio de Previd\u00eancia do Minist\u00e9rio da Economia, Narlon Gutierre.<\/p>\n\n\n\n<p>Bianco afirmou que outros \u00f3rg\u00e3os poder\u00e3o lan\u00e7ar editais pr\u00f3prios para a contrata\u00e7\u00e3o de tempor\u00e1rios.<\/p>\n\n\n\n<p>A secret\u00e1ria adjunta de Gest\u00e3o e Desempenho de Pessoas, Flavia Goulart, alertou que qualquer minist\u00e9rio precisar\u00e1 ter pr\u00e9via dota\u00e7\u00e3o or\u00e7ament\u00e1ria para recorrer ao instrumento.<\/p>\n\n\n\n<p><strong>Fila do INSS acumula&nbsp;1,883 milh\u00e3o de pedidos<\/strong><\/p>\n\n\n\n<p>O governo tem prometido p\u00f4r fim aos atrasos na an\u00e1lise de pedidos de benef\u00edcios em at\u00e9 seis meses a partir do in\u00edcio dos trabalhos.<\/p>\n\n\n\n<p>Em 27 de fevereiro, a fila acumulava 1,883 milh\u00e3o de pedidos, sendo 1,25 milh\u00e3o atrasados (sem resposta h\u00e1 mais de 45 dias).<\/p>\n\n\n\n<p>Estad\u00e3o<br><\/p>\n","protected":false},"excerpt":{"rendered":"<p>As remunera\u00e7\u00f5es ser\u00e3o de R$ 2,1 mil e R$ 4,2 mil, e as oportunidades poder\u00e3o ser disputadas por inativos civis e militares. Contrata\u00e7\u00e3o ser\u00e1 por at\u00e9 2 anos&nbsp; Os servidores\u00a0aposentados\u00a0que desejam ocupar uma das vagas tempor\u00e1rias que ser\u00e3o abertas pela for\u00e7a-tarefa do governo federal para reduzir a fila do INSS (Instituto Nacional do Seguro Social) [&hellip;]<\/p>\n","protected":false},"author":2,"featured_media":26524,"comment_status":"open","ping_status":"open","sticky":false,"template":"","format":"standard","meta":{"advanced_seo_description":"","jetpack_seo_html_title":"","jetpack_seo_noindex":false,"_jetpack_memberships_contains_paid_content":false,"footnotes":""},"categories":[50],"tags":[],"class_list":{"0":"post-26523","1":"post","2":"type-post","3":"status-publish","4":"format-standard","5":"has-post-thumbnail","7":"category-saude"},"jetpack_featured_media_url":"https:\/\/www.paranapraia.com.br\/wp-content\/uploads\/2020\/03\/ae-inss-23082019103518641.jpeg","jetpack_sharing_enabled":true,"_links":{"self":[{"href":"https:\/\/www.paranapraia.com.br\/index.php\/wp-json\/wp\/v2\/posts\/26523"}],"collection":[{"href":"https:\/\/www.paranapraia.com.br\/index.php\/wp-json\/wp\/v2\/posts"}],"about":[{"href":"https:\/\/www.paranapraia.com.br\/index.php\/wp-json\/wp\/v2\/types\/post"}],"author":[{"embeddable":true,"href":"https:\/\/www.paranapraia.com.br\/index.php\/wp-json\/wp\/v2\/users\/2"}],"replies":[{"embeddable":true,"href":"https:\/\/www.paranapraia.com.br\/index.php\/wp-json\/wp\/v2\/comments?post=26523"}],"version-history":[{"count":1,"href":"https:\/\/www.paranapraia.com.br\/index.php\/wp-json\/wp\/v2\/posts\/26523\/revisions"}],"predecessor-version":[{"id":26525,"href":"https:\/\/www.paranapraia.com.br\/index.php\/wp-json\/wp\/v2\/posts\/26523\/revisions\/26525"}],"wp:featuredmedia":[{"embeddable":true,"href":"https:\/\/www.paranapraia.com.br\/index.php\/wp-json\/wp\/v2\/media\/26524"}],"wp:attachment":[{"href":"https:\/\/www.paranapraia.com.br\/index.php\/wp-json\/wp\/v2\/media?parent=26523"}],"wp:term":[{"taxonomy":"category","embeddable":true,"href":"https:\/\/www.paranapraia.com.br\/index.php\/wp-json\/wp\/v2\/categories?post=26523"},{"taxonomy":"post_tag","embeddable":true,"href":"https:\/\/www.paranapraia.com.br\/index.php\/wp-json\/wp\/v2\/tags?post=26523"}],"curies":[{"name":"wp","href":"https:\/\/api.w.org\/{rel}","templated":true}]}}