{"id":26516,"date":"2020-03-02T21:43:39","date_gmt":"2020-03-03T00:43:39","guid":{"rendered":"https:\/\/www.paranapraia.com.br\/?p=26516"},"modified":"2020-03-02T21:43:41","modified_gmt":"2020-03-03T00:43:41","slug":"predio-feito-de-madeira-e-exemplo-de-arquitetura-sustentavel","status":"publish","type":"post","link":"https:\/\/www.paranapraia.com.br\/index.php\/2020\/03\/02\/predio-feito-de-madeira-e-exemplo-de-arquitetura-sustentavel\/","title":{"rendered":"Pr\u00e9dio feito de madeira \u00e9 exemplo de arquitetura sustent\u00e1vel"},"content":{"rendered":"\n<h4 class=\"wp-block-heading\">Inaugurado na Su\u00e9cia, Edif\u00edcio Kajstaden reduziu em 550 toneladas a emiss\u00e3o de CO2 em compara\u00e7\u00e3o a constru\u00e7\u00f5es de concreto<\/h4>\n\n\n\n<p>A constru\u00e7\u00e3o do pr\u00e9dio de madeira mais alto da Su\u00e9cia foi finalizada pelo escrit\u00f3rio de arquitetura C.F. M\u00f8ller. O edif\u00edcioKajstadenfica localizado no lagoM\u00e4laren, na cidade de V\u00e4ster\u00e5s, distante uma hora da capital Estocolmo.<\/p>\n\n\n\n<p>A escolha da madeira tem uma raz\u00e3o: o foco no impacto ambiental da constru\u00e7\u00e3o e na influ\u00eancia do edif\u00edcio para o meio ambiente e nas mudan\u00e7as clim\u00e1ticas.<\/p>\n\n\n\n<p>Ao contr\u00e1rio de outros materiais, a madeira tem a vantagem crucial de gerar emiss\u00f5es limitadas de gases de efeito estufa durante sua produ\u00e7\u00e3o \u2013 \u00e9 parte de um ciclo fechado em que o carbono fica retido na pr\u00f3pria estrutura.<\/p>\n\n\n\n<p><strong>Duas estruturas diferentes de madeira<\/strong><\/p>\n\n\n\n<figure class=\"wp-block-image\"><img decoding=\"async\" src=\"https:\/\/cdn-cv.r4you.co\/wp-content\/uploads\/2020\/02\/predio-suecia-1-1024x533.jpg\" alt=\"\" class=\"wp-image-74422\"\/><figcaption><em>Imagem: C.F. M\u00f8ller Architects<\/em><\/figcaption><\/figure>\n\n\n\n<p>A constru\u00e7\u00e3o usou basicamente madeiras laminadas e prensadas. Com tecnologia de alta precis\u00e3o, estes dois tipos de material garantem uma boa veda\u00e7\u00e3o e efici\u00eancia energ\u00e9tica, sem a necessidade de outros elementos para as paredes.<\/p>\n\n\n\n<p>Por ser um material mais leve, o n\u00famero de entregas e transporte de madeira na etapa de constru\u00e7\u00e3o foi menor, gerando menos poluentes e um ambiente mais silencioso e seguro para os trabalhadores e vizinhos.<\/p>\n\n\n\n<p>O Kajstaden precisou de tr\u00eas homens trabalhando por tr\u00eas dias para erguer cada um de seus andares.<\/p>\n\n\n\n<p>As jun\u00e7\u00f5es e articula\u00e7\u00f5es mec\u00e2nicas foram feitas com parafusos, o que significa que o edif\u00edcio pode ser desmontado e os materiais reciclados no futuro. No total, a emiss\u00e3o de gases de efeito estufa foram reduzidas em 550 toneladas de CO2, em compara\u00e7\u00e3o com uma constru\u00e7\u00e3o de concreto.<\/p>\n\n\n\n<p><strong>Madeira \u00e0 vista<\/strong><\/p>\n\n\n\n<p>Um aspecto interessante da constru\u00e7\u00e3o \u00e9 a madeira aparente, nas varandas e paredes. O uso da madeira tamb\u00e9m contribui para a sa\u00fade e bem-estar, gra\u00e7as ao seu isolamento t\u00e9rmico e ac\u00fastico, al\u00e9m de trazer uma sensa\u00e7\u00e3o de aconchego para os ocupantes.<\/p>\n\n\n\n<h3 class=\"wp-block-heading\"><strong>Sustentabilidade<\/strong><\/h3>\n\n\n\n<figure class=\"wp-block-image\"><img decoding=\"async\" src=\"https:\/\/cdn-cv.r4you.co\/wp-content\/uploads\/2020\/02\/predio-suecia-6.jpg\" alt=\"\" class=\"wp-image-74421\"\/><figcaption><em>Imagem: C.F. M\u00f8ller Architects<\/em><\/figcaption><\/figure>\n\n\n\n<p>Al\u00e9m da escolha da madeira para a constru\u00e7\u00e3o, o pr\u00e9dio tamb\u00e9m tem outras caracter\u00edsticas sustent\u00e1veis: telhados verdes, esta\u00e7\u00e3o de carregamento para carros el\u00e9tricos, estacionamento para bicicletas, incentivando o uso deste modal e uma sala refrigerada que serve de &nbsp;mercearia, garantindo o acesso a mantimentos dispensando o uso de autom\u00f3veis.<\/p>\n\n\n\n<p>O sistema el\u00e9trico do pr\u00e9dio abastace um carregador para barcos el\u00e9tricos no lago e o Kajstaden tem tamb\u00e9m uma \u00e1rea externa verde que se interliga com um parque vizinho.<\/p>\n\n\n\n<p>Abaixo desta \u00e1rea verde n\u00e3o foram constru\u00eddas garagens ou subsolos \u2013 o que garante espa\u00e7o para ra\u00edzes de grandes \u00e1rvores.<\/p>\n\n\n\n<figure class=\"wp-block-image\"><img decoding=\"async\" src=\"https:\/\/cdn-cv.r4you.co\/wp-content\/uploads\/2020\/02\/predio-suecia-7.jpg\" alt=\"\" class=\"wp-image-74427\"\/><figcaption><em>Imagem: C.F. M\u00f8ller Architects<\/em><\/figcaption><\/figure>\n\n\n\n<h4 class=\"wp-block-heading\">Ciclo Vivo<br><\/h4>\n","protected":false},"excerpt":{"rendered":"<p>Inaugurado na Su\u00e9cia, Edif\u00edcio Kajstaden reduziu em 550 toneladas a emiss\u00e3o de CO2 em compara\u00e7\u00e3o a constru\u00e7\u00f5es de concreto A constru\u00e7\u00e3o do pr\u00e9dio de madeira mais alto da Su\u00e9cia foi finalizada pelo escrit\u00f3rio de arquitetura C.F. M\u00f8ller. O edif\u00edcioKajstadenfica localizado no lagoM\u00e4laren, na cidade de V\u00e4ster\u00e5s, distante uma hora da capital Estocolmo. A escolha da [&hellip;]<\/p>\n","protected":false},"author":2,"featured_media":26517,"comment_status":"open","ping_status":"open","sticky":false,"template":"","format":"standard","meta":{"advanced_seo_description":"","jetpack_seo_html_title":"","jetpack_seo_noindex":false,"_jetpack_memberships_contains_paid_content":false,"footnotes":""},"categories":[34],"tags":[],"class_list":{"0":"post-26516","1":"post","2":"type-post","3":"status-publish","4":"format-standard","5":"has-post-thumbnail","7":"category-meio-ambiente"},"jetpack_featured_media_url":"https:\/\/www.paranapraia.com.br\/wp-content\/uploads\/2020\/03\/pred.jpg","jetpack_sharing_enabled":true,"_links":{"self":[{"href":"https:\/\/www.paranapraia.com.br\/index.php\/wp-json\/wp\/v2\/posts\/26516"}],"collection":[{"href":"https:\/\/www.paranapraia.com.br\/index.php\/wp-json\/wp\/v2\/posts"}],"about":[{"href":"https:\/\/www.paranapraia.com.br\/index.php\/wp-json\/wp\/v2\/types\/post"}],"author":[{"embeddable":true,"href":"https:\/\/www.paranapraia.com.br\/index.php\/wp-json\/wp\/v2\/users\/2"}],"replies":[{"embeddable":true,"href":"https:\/\/www.paranapraia.com.br\/index.php\/wp-json\/wp\/v2\/comments?post=26516"}],"version-history":[{"count":1,"href":"https:\/\/www.paranapraia.com.br\/index.php\/wp-json\/wp\/v2\/posts\/26516\/revisions"}],"predecessor-version":[{"id":26518,"href":"https:\/\/www.paranapraia.com.br\/index.php\/wp-json\/wp\/v2\/posts\/26516\/revisions\/26518"}],"wp:featuredmedia":[{"embeddable":true,"href":"https:\/\/www.paranapraia.com.br\/index.php\/wp-json\/wp\/v2\/media\/26517"}],"wp:attachment":[{"href":"https:\/\/www.paranapraia.com.br\/index.php\/wp-json\/wp\/v2\/media?parent=26516"}],"wp:term":[{"taxonomy":"category","embeddable":true,"href":"https:\/\/www.paranapraia.com.br\/index.php\/wp-json\/wp\/v2\/categories?post=26516"},{"taxonomy":"post_tag","embeddable":true,"href":"https:\/\/www.paranapraia.com.br\/index.php\/wp-json\/wp\/v2\/tags?post=26516"}],"curies":[{"name":"wp","href":"https:\/\/api.w.org\/{rel}","templated":true}]}}