{"id":26475,"date":"2020-03-02T18:35:22","date_gmt":"2020-03-02T21:35:22","guid":{"rendered":"https:\/\/www.paranapraia.com.br\/?p=26475"},"modified":"2020-03-02T18:35:27","modified_gmt":"2020-03-02T21:35:27","slug":"jovem-e-morto-em-suposto-confronto-com-a-pm-familia-acusa-policiais-de-execucao","status":"publish","type":"post","link":"https:\/\/www.paranapraia.com.br\/index.php\/2020\/03\/02\/jovem-e-morto-em-suposto-confronto-com-a-pm-familia-acusa-policiais-de-execucao\/","title":{"rendered":"Jovem \u00e9 morto em suposto confronto com a PM; fam\u00edlia acusa policiais de execu\u00e7\u00e3o"},"content":{"rendered":"\n<p>Um jovem de 27 anos foi morto em suposto confronto com a Pol\u00edcia Militar (PM), na manh\u00e3 desta segunda-feira (2), em Fazenda Rio Grande, na regi\u00e3o metropolitana de Curitiba. Os disparos aconteceram no Jardim Santa Maria e os policiais dizem que o suspeito teria fugido de uma abordagem. Familiares, por\u00e9m, contestam a vers\u00e3o da PM e afirmam que Anderson Ferreira de Paula Chaves foi executado depois que j\u00e1 estava rendido.<br><\/p>\n\n\n\n<p>Um familiar que se identificou apenas como Marcelo, que seria padrasto da v\u00edtima, afirmou que Anderson j\u00e1 tinha sido rendido. \u201cEle tentou fugir correndo, mas j\u00e1 estava no ch\u00e3o quando foi baleado. Aqui n\u00e3o deixaram nem a gente ver o corpo\u201d, lamentou.<\/p>\n\n\n\n<figure><iframe width=\"336\" height=\"280\"><\/iframe><\/figure>\n\n\n\n<p>Ap\u00f3s o suposto confronto, moradores iniciaram um protesto contra as equipes policiais. O clima ficou bastante tenso no local.<\/p>\n\n\n\n<p>Uma arma teria sido encontrada com Anderson, mas os familiares garantem que Anderson n\u00e3o estava armado.<\/p>\n\n\n\n<p>A Delegacia de Fazenda Rio Grande deve investigar o caso.<\/p>\n\n\n\n<p>A Banda B procurou a Pol\u00edcia Militar, que n\u00e3o se posicionou sobre o caso at\u00e9 o momento.<\/p>\n\n\n\n<p>Banda B<br><\/p>\n","protected":false},"excerpt":{"rendered":"<p>Um jovem de 27 anos foi morto em suposto confronto com a Pol\u00edcia Militar (PM), na manh\u00e3 desta segunda-feira (2), em Fazenda Rio Grande, na regi\u00e3o metropolitana de Curitiba. Os disparos aconteceram no Jardim Santa Maria e os policiais dizem que o suspeito teria fugido de uma abordagem. Familiares, por\u00e9m, contestam a vers\u00e3o da PM [&hellip;]<\/p>\n","protected":false},"author":2,"featured_media":26476,"comment_status":"open","ping_status":"open","sticky":false,"template":"","format":"standard","meta":{"advanced_seo_description":"","jetpack_seo_html_title":"","jetpack_seo_noindex":false,"_jetpack_memberships_contains_paid_content":false,"footnotes":""},"categories":[33],"tags":[],"class_list":{"0":"post-26475","1":"post","2":"type-post","3":"status-publish","4":"format-standard","5":"has-post-thumbnail","7":"category-policia"},"jetpack_featured_media_url":"https:\/\/www.paranapraia.com.br\/wp-content\/uploads\/2020\/03\/confronto-fazenda1-960x540-1.jpg","jetpack_sharing_enabled":true,"_links":{"self":[{"href":"https:\/\/www.paranapraia.com.br\/index.php\/wp-json\/wp\/v2\/posts\/26475"}],"collection":[{"href":"https:\/\/www.paranapraia.com.br\/index.php\/wp-json\/wp\/v2\/posts"}],"about":[{"href":"https:\/\/www.paranapraia.com.br\/index.php\/wp-json\/wp\/v2\/types\/post"}],"author":[{"embeddable":true,"href":"https:\/\/www.paranapraia.com.br\/index.php\/wp-json\/wp\/v2\/users\/2"}],"replies":[{"embeddable":true,"href":"https:\/\/www.paranapraia.com.br\/index.php\/wp-json\/wp\/v2\/comments?post=26475"}],"version-history":[{"count":1,"href":"https:\/\/www.paranapraia.com.br\/index.php\/wp-json\/wp\/v2\/posts\/26475\/revisions"}],"predecessor-version":[{"id":26477,"href":"https:\/\/www.paranapraia.com.br\/index.php\/wp-json\/wp\/v2\/posts\/26475\/revisions\/26477"}],"wp:featuredmedia":[{"embeddable":true,"href":"https:\/\/www.paranapraia.com.br\/index.php\/wp-json\/wp\/v2\/media\/26476"}],"wp:attachment":[{"href":"https:\/\/www.paranapraia.com.br\/index.php\/wp-json\/wp\/v2\/media?parent=26475"}],"wp:term":[{"taxonomy":"category","embeddable":true,"href":"https:\/\/www.paranapraia.com.br\/index.php\/wp-json\/wp\/v2\/categories?post=26475"},{"taxonomy":"post_tag","embeddable":true,"href":"https:\/\/www.paranapraia.com.br\/index.php\/wp-json\/wp\/v2\/tags?post=26475"}],"curies":[{"name":"wp","href":"https:\/\/api.w.org\/{rel}","templated":true}]}}