{"id":26471,"date":"2020-03-02T15:38:18","date_gmt":"2020-03-02T18:38:18","guid":{"rendered":"https:\/\/www.paranapraia.com.br\/?p=26471"},"modified":"2020-03-02T15:39:07","modified_gmt":"2020-03-02T18:39:07","slug":"eduardo-bolsonaro-e-janaina-paschoal-trocam-farpas-sobre-orcamento-impositivo","status":"publish","type":"post","link":"https:\/\/www.paranapraia.com.br\/index.php\/2020\/03\/02\/eduardo-bolsonaro-e-janaina-paschoal-trocam-farpas-sobre-orcamento-impositivo\/","title":{"rendered":"Eduardo Bolsonaro e Janaina Paschoal trocam farpas sobre or\u00e7amento impositivo"},"content":{"rendered":"\n<h4 class=\"wp-block-heading\">Janaina tem se mantido cr\u00edtica \u00e0 gest\u00e3o e est\u00e1 cada vez mais afastada do grupo bolsonarista.<\/h4>\n\n\n\n<p>O deputado federal Eduardo Bolsonaro (PSL-SP) rebateu, na noite do s\u00e1bado, 29, cr\u00edticas feitas pela deputada estadual de S\u00e3o Paulo Janaina Paschoal (PSL) aos parlamentares que, como ele, votaram pelo Or\u00e7amento impositivo e agora s\u00e3o contra proposta semelhante. Em v\u00eddeo postado na sua conta do Twitter, Eduardo atacou o voto de Janaina na escolha do l\u00edder do PSL na Assembleia Legislativa do Estado de S\u00e3o Paulo (Alesp): Rodrigo Gambale venceu Castello Branco por 8 votos \u2013 incluindo o de Janaina \u2013 contra 7.<\/p>\n\n\n\n<p>\u201cAgora, amada Janaina, explica para a gente por que voc\u00ea votou a favor do l\u00edder do (grupo do) Bozzella para o PSL na Alesp, j\u00e1 que todo mundo sabe muito bem a fama do Bozzella e o que ele quer para o nosso Brasil?\u201d, disse Eduardo, em alus\u00e3o ao deputado J\u00fanior Bozzella, presidente do PSL de S\u00e3o Paulo e aliado do deputado Luciano Bivar, presidente nacional da legenda, e com quem os Bolsonaro romperam. O v\u00eddeo de Eduardo n\u00e3o d\u00e1 maiores explica\u00e7\u00f5es sobre Bozzella, limitando-se a informar que ele faz oposi\u00e7\u00e3o a Bolsonaro.<\/p>\n\n\n\n<p>Apesar de apoiar o presidente, de quem chegou a ser cotada para ser vice, Janaina tem se mantido cr\u00edtica \u00e0 gest\u00e3o e est\u00e1 cada vez mais afastada do grupo bolsonarista. No s\u00e1bado \u00e0 tarde, a deputada publicou uma s\u00e9rie de mensagens no Twitter criticando a atua\u00e7\u00e3o de Eduardo na vota\u00e7\u00e3o que aprovou o Or\u00e7amento impositivo \u201cEle votou sim \u00e0 PEC que tornou as emendas de bancada (coletivas) impositivas (9 bilh\u00f5es, al\u00e9m das individuais). Ele faltou na vota\u00e7\u00e3o simb\u00f3lica do substitutivo que toma do pai os 30 bilh\u00f5es. Ele era o l\u00edder!\u201d, escreveu na rede social.<\/p>\n\n\n\n<p>Em entrevista \u00e0 Coluna do Estad\u00e3o publicada neste domingo, 1, Janaina elevou as cr\u00edticas e afirmou que Eduardo \u201cmina todo mundo que d\u00e1 sustenta\u00e7\u00e3o ao pai\u201d com o objetivo de ser o candidato ao Pal\u00e1cio do Planalto em 2022. Pela Constitui\u00e7\u00e3o, filhos de presidentes s\u00e3o ineleg\u00edveis, exceto em caso de reelei\u00e7\u00e3o para o mesmo cargo. A teoria de Janaina, que \u00e9 advogada constitucionalista, \u00e9 a de que, se Bolsonaro n\u00e3o conseguir terminar o mandato, Eduardo poder\u00e1 tentar a Presid\u00eancia.<\/p>\n\n\n\n<p>Procurada ontem, Janaina afirmou que Gambale era candidato desde o ano passado. \u201cEle retirou a candidatura no primeiro ano, em benef\u00edcio de Gil (Diniz), que foi assessor de Eduardo e ainda \u00e9 seu bra\u00e7o direito. N\u00e3o seria justo sacrific\u00e1-lo novamente.\u201d De acordo com a deputada, Bozzella n\u00e3o pediu voto para Gambale.<\/p>\n\n\n\n<p>\u201cCom certeza o que eu quero para o Brasil n\u00e3o \u00e9 a mesma coisa que o Eduardo quer\u201d, reagiu Bozzella em entrevista ao Estado. \u201cO sonho do Eduardo \u00e9 o \u2018sonho americano\u2019. Sabemos o quanto ele lutou pra ser embaixador e iria renunciar aos quase 2 milh\u00f5es de votos\u201d, disse.<\/p>\n\n\n\n<p>No v\u00eddeo, Eduardo negou que esteja se contradizendo na quest\u00e3o do Or\u00e7amento impositivo, motivo do atual atrito entre Executivo e Legislativo e pauta das manifesta\u00e7\u00f5es convocadas por apoiadores do presidente Jair Bolsonaro para o dia 15 de mar\u00e7o.<\/p>\n\n\n\n<p>Eduardo reconhece, no v\u00eddeo, que votou a favor das emendas impositivas de bancada no ano passado, mas argumenta que a discuss\u00e3o atual, no \u00e2mbito da Lei de Diretrizes Or\u00e7ament\u00e1rias, \u00e9 diferente. E afirma que \u00e9 contr\u00e1rio \u00e0 concentra\u00e7\u00e3o de poder de decis\u00e3o sobre o montante de emendas nas m\u00e3os do relator do Or\u00e7amento, o deputado Domingos Neto (PSD-CE).<\/p>\n\n\n\n<p>\u201cAgora, a LDO, que \u00e9 outra mat\u00e9ria, totalmente diferente, est\u00e1 dando R$ 30 bilh\u00f5es para uma \u00fanica pessoa, que \u00e9 o relator do Or\u00e7amento. E se o presidente n\u00e3o execut\u00e1-la em 90 dias, ele incorre em crime de responsabilidade\u201d, disse.<\/p>\n\n\n\n<p>Estad\u00e3o <br><\/p>\n\n\n\n<p><br><\/p>\n","protected":false},"excerpt":{"rendered":"<p>Janaina tem se mantido cr\u00edtica \u00e0 gest\u00e3o e est\u00e1 cada vez mais afastada do grupo bolsonarista. O deputado federal Eduardo Bolsonaro (PSL-SP) rebateu, na noite do s\u00e1bado, 29, cr\u00edticas feitas pela deputada estadual de S\u00e3o Paulo Janaina Paschoal (PSL) aos parlamentares que, como ele, votaram pelo Or\u00e7amento impositivo e agora s\u00e3o contra proposta semelhante. Em [&hellip;]<\/p>\n","protected":false},"author":2,"featured_media":26472,"comment_status":"open","ping_status":"open","sticky":false,"template":"","format":"standard","meta":{"advanced_seo_description":"","jetpack_seo_html_title":"","jetpack_seo_noindex":false,"_jetpack_memberships_contains_paid_content":false,"footnotes":""},"categories":[32],"tags":[],"class_list":{"0":"post-26471","1":"post","2":"type-post","3":"status-publish","4":"format-standard","5":"has-post-thumbnail","7":"category-politica"},"jetpack_featured_media_url":"https:\/\/www.paranapraia.com.br\/wp-content\/uploads\/2020\/03\/eduardo-jana-600x385-1.jpg","jetpack_sharing_enabled":true,"_links":{"self":[{"href":"https:\/\/www.paranapraia.com.br\/index.php\/wp-json\/wp\/v2\/posts\/26471"}],"collection":[{"href":"https:\/\/www.paranapraia.com.br\/index.php\/wp-json\/wp\/v2\/posts"}],"about":[{"href":"https:\/\/www.paranapraia.com.br\/index.php\/wp-json\/wp\/v2\/types\/post"}],"author":[{"embeddable":true,"href":"https:\/\/www.paranapraia.com.br\/index.php\/wp-json\/wp\/v2\/users\/2"}],"replies":[{"embeddable":true,"href":"https:\/\/www.paranapraia.com.br\/index.php\/wp-json\/wp\/v2\/comments?post=26471"}],"version-history":[{"count":2,"href":"https:\/\/www.paranapraia.com.br\/index.php\/wp-json\/wp\/v2\/posts\/26471\/revisions"}],"predecessor-version":[{"id":26474,"href":"https:\/\/www.paranapraia.com.br\/index.php\/wp-json\/wp\/v2\/posts\/26471\/revisions\/26474"}],"wp:featuredmedia":[{"embeddable":true,"href":"https:\/\/www.paranapraia.com.br\/index.php\/wp-json\/wp\/v2\/media\/26472"}],"wp:attachment":[{"href":"https:\/\/www.paranapraia.com.br\/index.php\/wp-json\/wp\/v2\/media?parent=26471"}],"wp:term":[{"taxonomy":"category","embeddable":true,"href":"https:\/\/www.paranapraia.com.br\/index.php\/wp-json\/wp\/v2\/categories?post=26471"},{"taxonomy":"post_tag","embeddable":true,"href":"https:\/\/www.paranapraia.com.br\/index.php\/wp-json\/wp\/v2\/tags?post=26471"}],"curies":[{"name":"wp","href":"https:\/\/api.w.org\/{rel}","templated":true}]}}