{"id":2647,"date":"2019-03-26T15:07:58","date_gmt":"2019-03-26T18:07:58","guid":{"rendered":"https:\/\/www.paranapraia.com.br\/?p=2647"},"modified":"2019-03-26T15:08:00","modified_gmt":"2019-03-26T18:08:00","slug":"liderancas-dos-caminhoneiros-negam-greve-prevista-para-o-dia-30-de-marco","status":"publish","type":"post","link":"https:\/\/www.paranapraia.com.br\/index.php\/2019\/03\/26\/liderancas-dos-caminhoneiros-negam-greve-prevista-para-o-dia-30-de-marco\/","title":{"rendered":"Lideran\u00e7as dos caminhoneiros negam greve prevista para o dia 30 de mar\u00e7o"},"content":{"rendered":"\n<p>Mensages pela internet afirmando que haver\u00e1 uma nova paralisa\u00e7\u00e3o geral dos caminhoneiros no dia 30 de mar\u00e7o, pr\u00f3ximo s\u00e1bado, t\u00eam circulado pelas redes sociais. No entanto, as lideran\u00e7as da categoria negam a veracidade destas informa\u00e7\u00f5es e reiteram haver a programa\u00e7\u00e3o apenas de uma carreata para a data. De acordo com esses l\u00edderes o objetivo \u00e9 chamar a aten\u00e7\u00e3o do governo para a insatisfa\u00e7\u00e3o dos caminhoneiros.&nbsp;<\/p>\n\n\n\n<p>A suposta greve seria posta em pr\u00e1tica por caminhoneiros aut\u00f4nomos de todo o Brasil em um movimento semelhante \u00e0 greve geral de maio de 2018. &#8220;Se o Diesel n\u00e3o baixar do Brasil vai parar. Greve j\u00e1&#8221;, diz uma das p\u00e1ginas que apoia a paralisa\u00e7\u00e3o.&nbsp; Entre as lideran\u00e7as da categoria, no entanto, n\u00e3o h\u00e1 greve marcada, s\u00f3 uma carreata no Paran\u00e1.&nbsp;<\/p>\n\n\n\n<p>A Confedera\u00e7\u00e3o Nacional dos Transportadores Aut\u00f4nomos (CNTA), uma das institui\u00e7\u00f5es que liderou a greve no ano passado, nega ter articulado nenhuma paralisa\u00e7\u00e3o para o pr\u00f3ximo domingo.<\/p>\n\n\n\n<p>Por meio de nota, a Associa\u00e7\u00e3o Brasileira dos Caminhoneiros (Abcam) tamb\u00e9m afirmou que n\u00e3o detectou uma proposta de paralisa\u00e7\u00e3o entre seus membros e nem convocou uma nova greve geral.<\/p>\n\n\n\n<p>Bem Paran\u00e1<\/p>\n","protected":false},"excerpt":{"rendered":"<p>Mensages pela internet afirmando que haver\u00e1 uma nova paralisa\u00e7\u00e3o geral dos caminhoneiros no dia 30 de mar\u00e7o, pr\u00f3ximo s\u00e1bado, t\u00eam circulado pelas redes sociais. No entanto, as lideran\u00e7as da categoria negam a veracidade destas informa\u00e7\u00f5es e reiteram haver a programa\u00e7\u00e3o apenas de uma carreata para a data. De acordo com esses l\u00edderes o objetivo \u00e9 [&hellip;]<\/p>\n","protected":false},"author":2,"featured_media":2648,"comment_status":"open","ping_status":"open","sticky":false,"template":"","format":"standard","meta":{"advanced_seo_description":"","jetpack_seo_html_title":"","jetpack_seo_noindex":false,"_jetpack_memberships_contains_paid_content":false,"footnotes":""},"categories":[43],"tags":[],"class_list":{"0":"post-2647","1":"post","2":"type-post","3":"status-publish","4":"format-standard","5":"has-post-thumbnail","7":"category-cotidiano"},"jetpack_featured_media_url":"https:\/\/www.paranapraia.com.br\/wp-content\/uploads\/2019\/03\/caminhoes.jpg","jetpack_sharing_enabled":true,"_links":{"self":[{"href":"https:\/\/www.paranapraia.com.br\/index.php\/wp-json\/wp\/v2\/posts\/2647"}],"collection":[{"href":"https:\/\/www.paranapraia.com.br\/index.php\/wp-json\/wp\/v2\/posts"}],"about":[{"href":"https:\/\/www.paranapraia.com.br\/index.php\/wp-json\/wp\/v2\/types\/post"}],"author":[{"embeddable":true,"href":"https:\/\/www.paranapraia.com.br\/index.php\/wp-json\/wp\/v2\/users\/2"}],"replies":[{"embeddable":true,"href":"https:\/\/www.paranapraia.com.br\/index.php\/wp-json\/wp\/v2\/comments?post=2647"}],"version-history":[{"count":1,"href":"https:\/\/www.paranapraia.com.br\/index.php\/wp-json\/wp\/v2\/posts\/2647\/revisions"}],"predecessor-version":[{"id":2649,"href":"https:\/\/www.paranapraia.com.br\/index.php\/wp-json\/wp\/v2\/posts\/2647\/revisions\/2649"}],"wp:featuredmedia":[{"embeddable":true,"href":"https:\/\/www.paranapraia.com.br\/index.php\/wp-json\/wp\/v2\/media\/2648"}],"wp:attachment":[{"href":"https:\/\/www.paranapraia.com.br\/index.php\/wp-json\/wp\/v2\/media?parent=2647"}],"wp:term":[{"taxonomy":"category","embeddable":true,"href":"https:\/\/www.paranapraia.com.br\/index.php\/wp-json\/wp\/v2\/categories?post=2647"},{"taxonomy":"post_tag","embeddable":true,"href":"https:\/\/www.paranapraia.com.br\/index.php\/wp-json\/wp\/v2\/tags?post=2647"}],"curies":[{"name":"wp","href":"https:\/\/api.w.org\/{rel}","templated":true}]}}