{"id":26464,"date":"2020-03-02T15:31:37","date_gmt":"2020-03-02T18:31:37","guid":{"rendered":"https:\/\/www.paranapraia.com.br\/?p=26464"},"modified":"2020-03-02T15:31:39","modified_gmt":"2020-03-02T18:31:39","slug":"duas-pessoas-que-pichavam-predio-em-curitiba-ficam-presas-em-telhado-e-sao-resgatadas-pelos-bombeiros","status":"publish","type":"post","link":"https:\/\/www.paranapraia.com.br\/index.php\/2020\/03\/02\/duas-pessoas-que-pichavam-predio-em-curitiba-ficam-presas-em-telhado-e-sao-resgatadas-pelos-bombeiros\/","title":{"rendered":"Duas pessoas que pichavam pr\u00e9dio em Curitiba ficam presas em telhado e s\u00e3o resgatadas pelos bombeiros"},"content":{"rendered":"\n<h4 class=\"wp-block-heading\">Alameda Doutor Muricy, no Centro, ficou bloqueada por um caminh\u00e3o do Corpo de Bombeiros para que o resgate fosse realizado.<\/h4>\n\n\n\n<p>O Corpo de Bombeiros resgatou um homem e uma mulher que ficaram presos no telhado de um pr\u00e9dio, em Curitiba, nesta segunda-feira (2).<\/p>\n\n\n\n<p>De acordo com os bombeiros, os dois disseram que subiram at\u00e9 o telhado de um pr\u00e9dio de tr\u00eas andares para pichar o im\u00f3vel, mas n\u00e3o conseguiram descer do local.<\/p>\n\n\n\n<p>Vizinhos do im\u00f3vel viram a situa\u00e7\u00e3o e chamaram o Corpo de Bombeiros.<\/p>\n\n\n\n<p>Uma quadra da Alameda Doutor Muricy, no Centro, ficou bloqueada pelo carro do Corpo de Bombeiros enquanto o resgate era realizado. Cinco bombeiros participaram do salvamento.<\/p>\n\n\n\n<p>Os dois foram conduzidos pela Pol\u00edcia Militar ao 12\u00ba Batalh\u00e3o, onde assinaram termos circunstanciados e foram liberados.<\/p>\n\n\n\n<figure class=\"wp-block-image\"><img decoding=\"async\" src=\"https:\/\/s2.glbimg.com\/ysOi49h431d0wO2sNdS5WKDoAuE=\/0x0:1280x960\/984x0\/smart\/filters:strip_icc()\/i.s3.glbimg.com\/v1\/AUTH_59edd422c0c84a879bd37670ae4f538a\/internal_photos\/bs\/2020\/7\/6\/Ngp0o8SOywCtwBs7LTqw\/whatsapp-image-2020-03-02-at-08.14.16.jpeg\" alt=\"Alameda Doutor Muricy foi bloqueada para que o resgate fosse feito, no Centro de Curitiba. \u2014 Foto: Mauricio Freire\/RPC\"\/><\/figure>\n\n\n\n<p>Alameda Doutor Muricy foi bloqueada para que o resgate fosse feito, no Centro de Curitiba. \u2014 Foto: Mauricio Freire\/RPC<\/p>\n\n\n\n<p>G!PR<br><\/p>\n","protected":false},"excerpt":{"rendered":"<p>Alameda Doutor Muricy, no Centro, ficou bloqueada por um caminh\u00e3o do Corpo de Bombeiros para que o resgate fosse realizado. O Corpo de Bombeiros resgatou um homem e uma mulher que ficaram presos no telhado de um pr\u00e9dio, em Curitiba, nesta segunda-feira (2). De acordo com os bombeiros, os dois disseram que subiram at\u00e9 o [&hellip;]<\/p>\n","protected":false},"author":2,"featured_media":26466,"comment_status":"open","ping_status":"open","sticky":false,"template":"","format":"standard","meta":{"advanced_seo_description":"","jetpack_seo_html_title":"","jetpack_seo_noindex":false,"_jetpack_memberships_contains_paid_content":false,"footnotes":""},"categories":[40],"tags":[],"class_list":{"0":"post-26464","1":"post","2":"type-post","3":"status-publish","4":"format-standard","5":"has-post-thumbnail","7":"category-destaques"},"jetpack_featured_media_url":"https:\/\/www.paranapraia.com.br\/wp-content\/uploads\/2020\/03\/whatsapp-image-2020-03-02-at-08.14.08.jpeg","jetpack_sharing_enabled":true,"_links":{"self":[{"href":"https:\/\/www.paranapraia.com.br\/index.php\/wp-json\/wp\/v2\/posts\/26464"}],"collection":[{"href":"https:\/\/www.paranapraia.com.br\/index.php\/wp-json\/wp\/v2\/posts"}],"about":[{"href":"https:\/\/www.paranapraia.com.br\/index.php\/wp-json\/wp\/v2\/types\/post"}],"author":[{"embeddable":true,"href":"https:\/\/www.paranapraia.com.br\/index.php\/wp-json\/wp\/v2\/users\/2"}],"replies":[{"embeddable":true,"href":"https:\/\/www.paranapraia.com.br\/index.php\/wp-json\/wp\/v2\/comments?post=26464"}],"version-history":[{"count":1,"href":"https:\/\/www.paranapraia.com.br\/index.php\/wp-json\/wp\/v2\/posts\/26464\/revisions"}],"predecessor-version":[{"id":26467,"href":"https:\/\/www.paranapraia.com.br\/index.php\/wp-json\/wp\/v2\/posts\/26464\/revisions\/26467"}],"wp:featuredmedia":[{"embeddable":true,"href":"https:\/\/www.paranapraia.com.br\/index.php\/wp-json\/wp\/v2\/media\/26466"}],"wp:attachment":[{"href":"https:\/\/www.paranapraia.com.br\/index.php\/wp-json\/wp\/v2\/media?parent=26464"}],"wp:term":[{"taxonomy":"category","embeddable":true,"href":"https:\/\/www.paranapraia.com.br\/index.php\/wp-json\/wp\/v2\/categories?post=26464"},{"taxonomy":"post_tag","embeddable":true,"href":"https:\/\/www.paranapraia.com.br\/index.php\/wp-json\/wp\/v2\/tags?post=26464"}],"curies":[{"name":"wp","href":"https:\/\/api.w.org\/{rel}","templated":true}]}}