{"id":2636,"date":"2019-03-26T14:54:51","date_gmt":"2019-03-26T17:54:51","guid":{"rendered":"https:\/\/www.paranapraia.com.br\/?p=2636"},"modified":"2019-03-26T14:54:53","modified_gmt":"2019-03-26T17:54:53","slug":"jovem-e-esfaqueado-e-pede-ajuda-em-pronto-atendimento-infantil","status":"publish","type":"post","link":"https:\/\/www.paranapraia.com.br\/index.php\/2019\/03\/26\/jovem-e-esfaqueado-e-pede-ajuda-em-pronto-atendimento-infantil\/","title":{"rendered":"Jovem \u00e9 esfaqueado e pede ajuda em Pronto Atendimento Infantil"},"content":{"rendered":"\n<p>Um jovem de 24 anos foi esfaqueado no centro de Londrina, na madrugada desta ter\u00e7a-feira (26). Ap\u00f3s a agress\u00e3o, a v\u00edtima procurou ajuda no Pronto Atendimento Infantil (PAI), onde recebeu os primeiros-socorros dos m\u00e9dicos.<\/p>\n\n\n\n<p>A equipe do Samu foi acionada e encaminhou o rapaz \u00e0 Santa Casa. De acordo com o jovem, ele se envolveu em uma briga e levou uma facada na barriga.<\/p>\n\n\n\n<p>A Pol\u00edcia Militar (PM) tamb\u00e9m esteve no local para apurar informa\u00e7\u00f5es da agress\u00e3o. O caso ser\u00e1 investigado.<\/p>\n\n\n\n<p>Colabora\u00e7\u00e3o La\u00eds Rodrigues e Rodrigo Marques\/Rede Massa<\/p>\n","protected":false},"excerpt":{"rendered":"<p>Um jovem de 24 anos foi esfaqueado no centro de Londrina, na madrugada desta ter\u00e7a-feira (26). Ap\u00f3s a agress\u00e3o, a v\u00edtima procurou ajuda no Pronto Atendimento Infantil (PAI), onde recebeu os primeiros-socorros dos m\u00e9dicos. A equipe do Samu foi acionada e encaminhou o rapaz \u00e0 Santa Casa. De acordo com o jovem, ele se envolveu [&hellip;]<\/p>\n","protected":false},"author":2,"featured_media":2637,"comment_status":"open","ping_status":"open","sticky":false,"template":"","format":"standard","meta":{"advanced_seo_description":"","jetpack_seo_html_title":"","jetpack_seo_noindex":false,"_jetpack_memberships_contains_paid_content":false,"footnotes":""},"categories":[33],"tags":[],"class_list":{"0":"post-2636","1":"post","2":"type-post","3":"status-publish","4":"format-standard","5":"has-post-thumbnail","7":"category-policia"},"jetpack_featured_media_url":"https:\/\/www.paranapraia.com.br\/wp-content\/uploads\/2019\/03\/samu-1.jpg","jetpack_sharing_enabled":true,"_links":{"self":[{"href":"https:\/\/www.paranapraia.com.br\/index.php\/wp-json\/wp\/v2\/posts\/2636"}],"collection":[{"href":"https:\/\/www.paranapraia.com.br\/index.php\/wp-json\/wp\/v2\/posts"}],"about":[{"href":"https:\/\/www.paranapraia.com.br\/index.php\/wp-json\/wp\/v2\/types\/post"}],"author":[{"embeddable":true,"href":"https:\/\/www.paranapraia.com.br\/index.php\/wp-json\/wp\/v2\/users\/2"}],"replies":[{"embeddable":true,"href":"https:\/\/www.paranapraia.com.br\/index.php\/wp-json\/wp\/v2\/comments?post=2636"}],"version-history":[{"count":1,"href":"https:\/\/www.paranapraia.com.br\/index.php\/wp-json\/wp\/v2\/posts\/2636\/revisions"}],"predecessor-version":[{"id":2638,"href":"https:\/\/www.paranapraia.com.br\/index.php\/wp-json\/wp\/v2\/posts\/2636\/revisions\/2638"}],"wp:featuredmedia":[{"embeddable":true,"href":"https:\/\/www.paranapraia.com.br\/index.php\/wp-json\/wp\/v2\/media\/2637"}],"wp:attachment":[{"href":"https:\/\/www.paranapraia.com.br\/index.php\/wp-json\/wp\/v2\/media?parent=2636"}],"wp:term":[{"taxonomy":"category","embeddable":true,"href":"https:\/\/www.paranapraia.com.br\/index.php\/wp-json\/wp\/v2\/categories?post=2636"},{"taxonomy":"post_tag","embeddable":true,"href":"https:\/\/www.paranapraia.com.br\/index.php\/wp-json\/wp\/v2\/tags?post=2636"}],"curies":[{"name":"wp","href":"https:\/\/api.w.org\/{rel}","templated":true}]}}