{"id":2611,"date":"2019-03-26T14:21:38","date_gmt":"2019-03-26T17:21:38","guid":{"rendered":"https:\/\/www.paranapraia.com.br\/?p=2611"},"modified":"2019-03-26T14:39:38","modified_gmt":"2019-03-26T17:39:38","slug":"rapaz-morre-em-acidente-de-moto-no-dia-do-seu-aniversario-na-br-116","status":"publish","type":"post","link":"https:\/\/www.paranapraia.com.br\/index.php\/2019\/03\/26\/rapaz-morre-em-acidente-de-moto-no-dia-do-seu-aniversario-na-br-116\/","title":{"rendered":"Rapaz morre em acidente de moto no dia do seu anivers\u00e1rio na BR-116"},"content":{"rendered":"\n<p>Um rapaz morreu depois de cair da motocicleta na BR-116, em Fazenda Rio Grande, na manh\u00e3 desta ter\u00e7a-feira (26). Willian Nathan Lima, que faria 19 anos hoje, morreu na hora.<\/p>\n\n\n\n<p>A concession\u00e1ria Arteris Planalto Sul informou que o condutor da moto seguia sentido Curitiba, quando perdeu o controle da dire\u00e7\u00e3o. A motocicleta bateu na prote\u00e7\u00e3o met\u00e1lica, no acostamento da rodovia, e ele caiu. Quando a ambul\u00e2ncia da concession\u00e1ria chegou para prestar socorro, o rapaz j\u00e1 estava morto. A moto ficou a uma dist\u00e2ncia de 100 metros do corpo.<\/p>\n\n\n\n<p>N\u00e3o h\u00e1 filas, nem lentid\u00e3o na rodovia. O tr\u00e1fego segue em uma das faixas da pista duplicada.<\/p>\n\n\n\n<figure class=\"wp-block-image\"><img loading=\"lazy\" decoding=\"async\" width=\"960\" height=\"960\" src=\"https:\/\/www.paranapraia.com.br\/wp-content\/uploads\/2019\/03\/promo1.jpg\" alt=\"\" class=\"wp-image-2623\" srcset=\"https:\/\/www.paranapraia.com.br\/wp-content\/uploads\/2019\/03\/promo1.jpg 960w, https:\/\/www.paranapraia.com.br\/wp-content\/uploads\/2019\/03\/promo1-150x150.jpg 150w, https:\/\/www.paranapraia.com.br\/wp-content\/uploads\/2019\/03\/promo1-300x300.jpg 300w, https:\/\/www.paranapraia.com.br\/wp-content\/uploads\/2019\/03\/promo1-768x768.jpg 768w, https:\/\/www.paranapraia.com.br\/wp-content\/uploads\/2019\/03\/promo1-696x696.jpg 696w, https:\/\/www.paranapraia.com.br\/wp-content\/uploads\/2019\/03\/promo1-420x420.jpg 420w\" sizes=\"(max-width: 960px) 100vw, 960px\" \/><\/figure>\n\n\n\n<p>MassaNews\/Colabora\u00e7\u00e3o Arteris Planalto Sul<\/p>\n","protected":false},"excerpt":{"rendered":"<p>Um rapaz morreu depois de cair da motocicleta na BR-116, em Fazenda Rio Grande, na manh\u00e3 desta ter\u00e7a-feira (26). Willian Nathan Lima, que faria 19 anos hoje, morreu na hora. A concession\u00e1ria Arteris Planalto Sul informou que o condutor da moto seguia sentido Curitiba, quando perdeu o controle da dire\u00e7\u00e3o. A motocicleta bateu na prote\u00e7\u00e3o [&hellip;]<\/p>\n","protected":false},"author":2,"featured_media":2612,"comment_status":"open","ping_status":"open","sticky":false,"template":"","format":"standard","meta":{"advanced_seo_description":"","jetpack_seo_html_title":"","jetpack_seo_noindex":false,"_jetpack_memberships_contains_paid_content":false,"footnotes":""},"categories":[52],"tags":[],"class_list":{"0":"post-2611","1":"post","2":"type-post","3":"status-publish","4":"format-standard","5":"has-post-thumbnail","7":"category-acidentes"},"jetpack_featured_media_url":"https:\/\/www.paranapraia.com.br\/wp-content\/uploads\/2019\/03\/kio.jpg","jetpack_sharing_enabled":true,"_links":{"self":[{"href":"https:\/\/www.paranapraia.com.br\/index.php\/wp-json\/wp\/v2\/posts\/2611"}],"collection":[{"href":"https:\/\/www.paranapraia.com.br\/index.php\/wp-json\/wp\/v2\/posts"}],"about":[{"href":"https:\/\/www.paranapraia.com.br\/index.php\/wp-json\/wp\/v2\/types\/post"}],"author":[{"embeddable":true,"href":"https:\/\/www.paranapraia.com.br\/index.php\/wp-json\/wp\/v2\/users\/2"}],"replies":[{"embeddable":true,"href":"https:\/\/www.paranapraia.com.br\/index.php\/wp-json\/wp\/v2\/comments?post=2611"}],"version-history":[{"count":3,"href":"https:\/\/www.paranapraia.com.br\/index.php\/wp-json\/wp\/v2\/posts\/2611\/revisions"}],"predecessor-version":[{"id":2624,"href":"https:\/\/www.paranapraia.com.br\/index.php\/wp-json\/wp\/v2\/posts\/2611\/revisions\/2624"}],"wp:featuredmedia":[{"embeddable":true,"href":"https:\/\/www.paranapraia.com.br\/index.php\/wp-json\/wp\/v2\/media\/2612"}],"wp:attachment":[{"href":"https:\/\/www.paranapraia.com.br\/index.php\/wp-json\/wp\/v2\/media?parent=2611"}],"wp:term":[{"taxonomy":"category","embeddable":true,"href":"https:\/\/www.paranapraia.com.br\/index.php\/wp-json\/wp\/v2\/categories?post=2611"},{"taxonomy":"post_tag","embeddable":true,"href":"https:\/\/www.paranapraia.com.br\/index.php\/wp-json\/wp\/v2\/tags?post=2611"}],"curies":[{"name":"wp","href":"https:\/\/api.w.org\/{rel}","templated":true}]}}