{"id":26068,"date":"2020-02-19T11:55:23","date_gmt":"2020-02-19T14:55:23","guid":{"rendered":"https:\/\/www.paranapraia.com.br\/?p=26068"},"modified":"2020-02-19T11:55:26","modified_gmt":"2020-02-19T14:55:26","slug":"veja-como-ficam-os-servicos-municipais-de-curitiba-neste-feriado-de-carnaval","status":"publish","type":"post","link":"https:\/\/www.paranapraia.com.br\/index.php\/2020\/02\/19\/veja-como-ficam-os-servicos-municipais-de-curitiba-neste-feriado-de-carnaval\/","title":{"rendered":"Veja como ficam os servi\u00e7os municipais de Curitiba neste feriado de Carnaval"},"content":{"rendered":"\n<p>A cidade tem programa\u00e7\u00e3o especial de Carnaval para todas as idades e todos os gostos. Confira no\u00a0<a rel=\"noreferrer noopener\" href=\"http:\/\/www.fundacaoculturaldecuritiba.com.br\/pub\/guia\/guia_curitiba_apresenta_fevereiro_2020.pdf\" target=\"_blank\">Guia da Funda\u00e7\u00e3o Cultural de Curitiba<\/a>.<\/p>\n\n\n\n<p>Este ano, a crian\u00e7ada tamb\u00e9m poder\u00e1 ouvir hist\u00f3rias das bruxas da Casa da Bruxa do Bosque Alem\u00e3o e curtir marchinhas de Carnaval no Mercado Municipal. No s\u00e1bado (22\/2), o hor\u00e1rio ser\u00e1 das 10h \u00e0s 15h e, domingo (23\/2), das 10h \u00e0s 13h.<\/p>\n\n\n\n<hr class=\"wp-block-separator\"\/>\n\n\n\n<p>REGIONAIS E RUAS DA CIDADANIA<\/p>\n\n\n\n<p>N\u00facleos de Administra\u00e7\u00e3o Regional e servi\u00e7os das Ruas da Cidadania n\u00e3o abrem na segunda-feira (24\/2) e ter\u00e7a-feira (25\/2). Na quarta-feira (26\/2), a partir das 14h, retorna o funcionamento normal.<\/p>\n\n\n\n<hr class=\"wp-block-separator\"\/>\n\n\n\n<p>TRANSPORTE E URBS<\/p>\n\n\n\n<p>URBS<br>A Urbaniza\u00e7\u00e3o de Curitiba S\/A (Urbs) n\u00e3o ter\u00e1 expediente externo na segunda-feira (24\/2) e ter\u00e7a-feira (25\/2). Volta a funcionar na quarta-feira (26\/2).<\/p>\n\n\n\n<p>Linhas de \u00f4nibus<br>S\u00e1bado (22\/2) e Domingo (23\/2) \u2013 hor\u00e1rios normais de fim de semana<br>Segunda-feira (24\/2) \u2013 funciona em hor\u00e1rio de s\u00e1bado<br>Ter\u00e7a-feira (25\/2) \u2013 funciona em hor\u00e1rio de domingo<br>Quarta-feira (26\/2) \u2013 funciona normalmente com refor\u00e7o a partir das 11h.<br><br>Mercado Central \u2013 Matriz<br>Segunda-feira (24\/2) \u2013 fechado<br>Ter\u00e7a-feira (25\/2) \u2013 fechado<br>Quarta-feira (26\/2) \u2013 funciona das 13h \u00e0s 19h.<\/p>\n\n\n\n<p>Estacionamento Rui Barbosa<br>Segunda-feira (24\/2) \u2013 fechado<br>Ter\u00e7a-feira (25\/2) \u2013 fechado<br>Quarta-feira (26\/2) \u2013 funciona das 7h \u00e0s 20h.<\/p>\n\n\n\n<p>Mercado Municipal Cap\u00e3o Raso<br>Segunda-feira (24\/2) \u2013 fechado<br>Ter\u00e7a-feira (25\/2) \u2013 fechado<br>Quarta-feira (26\/2) \u2013 funciona das 13h \u00e0s 21h.<\/p>\n\n\n\n<p>Pelourinho<br>Abre todos os dias.<\/p>\n\n\n\n<p>Arcadas do S\u00e3o Francisco<br>Domingo (23\/2) \u2013 aberto<br>Segunda-feira (24\/2) \u2013 fechado<br>Ter\u00e7a-feira (25\/2) \u2013 fechado<br>Quarta-feira (26\/2) \u2013 aberto<\/p>\n\n\n\n<hr class=\"wp-block-separator\"\/>\n\n\n\n<p>AG\u00caNCIA CURITIBA<\/p>\n\n\n\n<p>Espa\u00e7o Empreendedor \u2013&nbsp;Unidades fechadas na segunda-feira (24\/2) e ter\u00e7a-feira (25\/2). Na quarta-feira (26\/2), a partir das 14h, retorna o funcionamento normal.<\/p>\n\n\n\n<hr class=\"wp-block-separator\"\/>\n\n\n\n<p>IMAP<\/p>\n\n\n\n<p>Central de Est\u00e1gios, Central de Seguro e Worktiba Barigui \u2013 fechados na segunda (24\/2) e na ter\u00e7a (25\/2). Reabrem na quarta-feira (26\/2).<\/p>\n\n\n\n<hr class=\"wp-block-separator\"\/>\n\n\n\n<p>EDUCA\u00c7\u00c3O<\/p>\n\n\n\n<p>Escolas e creches municipais&nbsp;\u2013 Escolas, Centros Municipais de Educa\u00e7\u00e3o Infantil (CMEIs) e Centros Municipais de Atendimento Educacional Especializado (CMAEEs) ficam fechados para o recesso de Carnaval e retomam as atividades na quinta-feira (27\/2).<\/p>\n\n\n\n<p>Far\u00f3is do Saber&nbsp;\u2013 fechados de s\u00e1bado (22\/2) a quarta-feira (26\/2). Voltam na quinta, dia 27\/2.<\/p>\n\n\n\n<p>Toda programa\u00e7\u00e3o est\u00e1 dispon\u00edvel no&nbsp;<a href=\"https:\/\/mid-educacao.curitiba.pr.gov.br\/2019\/12\/pdf\/00262496.pdf\" target=\"_blank\" rel=\"noreferrer noopener\">site da educa\u00e7\u00e3o<\/a>.<\/p>\n\n\n\n<p>Comunidade Escola&nbsp;\u2013 atividades ser\u00e3o retomadas em 14\/3.<\/p>\n\n\n\n<hr class=\"wp-block-separator\"\/>\n\n\n\n<p>ATRATIVOS E ATENDIMENTO TUR\u00cdSTICOS<\/p>\n\n\n\n<p>Museu de Hist\u00f3ria Natural Cap\u00e3o da Imbuia&nbsp;\u2013&nbsp;Abre no&nbsp;s\u00e1bado&nbsp;(22\/2) e&nbsp;domingo&nbsp;(23\/2), das 9h \u00e0s 17h. Fecha na&nbsp;segunda-feira (24\/2),&nbsp;ter\u00e7a-feira (25\/2) e&nbsp;quarta-feira (26\/2).&nbsp;<br>Jardim Bot\u00e2nico&nbsp;\u2013 Aberto todos os dias das 6h \u00e0s 19h30. O Jardim das Sensa\u00e7\u00f5es funciona das 9h \u00e0s 17h, com \u00faltimo acesso \u00e0s 16h30, e abre nesta segunda-feira (24\/2), excepcionalmente, em raz\u00e3o do feriado.<br>Passeio P\u00fablico&nbsp;\u2013&nbsp;Aberto todos os dias, das 6h \u00e0s 20h.<br>Zool\u00f3gico de Curitiba&nbsp;\u2013&nbsp;Aberto todos os dias das 10h \u00e0s 16h30. Fechado para manuten\u00e7\u00e3o nas segundas-feiras.<br>Memorial \u00c1rabe&nbsp;\u2013 Fechado todos os dias.&nbsp;<br>Bosque Alem\u00e3o e Casa Encantada&nbsp;\u2013 O bosque estar\u00e1 aberto normalmente. A Casa Encantada ter\u00e1 conta\u00e7\u00e3o de hist\u00f3rias no s\u00e1bado, domingo, segunda e ter\u00e7a-feira, \u00e0s 11h, 14h e 16h. Na quarta-feira de Cinzas, a conta\u00e7\u00e3o ser\u00e1 \u00e0s 15h.<br>Bosque Zaninelli\/Unilivre&nbsp;\u2013 Aberto todos os dias.<br>Parque S\u00e3o Louren\u00e7o&nbsp;\u2013 Aberto todos os dias.<br>\u00d3pera de Arame e Parque das Pedreiras&nbsp;\u2013 Aberto todos os dias. Pode ocorrer o fechamento sem aviso pr\u00e9vio.<br>Parque Tangu\u00e1&nbsp;\u2013 Aberto todos os dias.<br>Parque Tingui e Memorial Ucraniano&nbsp;\u2013 O parque estar\u00e1 aberto todos os dias e o Memorial Ucraniano funciona das 10h \u00e0s 18h.<br>Parque Barigui&nbsp;\u2013 Aberto todos os dias.<br>Bosque Reinhard Maack&nbsp;\u2013 Aberto das 8h \u00e0s 18h. Em caso de chuva, pode acontecer fechamento sem aviso pr\u00e9vio.<br>Torre Panor\u00e2mica&nbsp;\u2013 Aberta todos os dias, das 10h \u00e0s 18h30.<\/p>\n\n\n\n<p>Atendimento ao Turista<br>Hor\u00e1rio de atendimento dos pontos de atendimento ao turista:<\/p>\n\n\n\n<p>&#8211; Torre Panor\u00e2mica das Merc\u00eas<br>Das 10h \u00e0s 19h<\/p>\n\n\n\n<p>&#8211; Jardim Bot\u00e2nico<br>Das 9h \u00e0s 18h<\/p>\n\n\n\n<p>&#8211; Aeroporto Afonso Pena<br>Das 8h \u00e0s 17h<\/p>\n\n\n\n<p>&#8211; Rodovi\u00e1ria<br>Das 9h \u00e0s 18h<\/p>\n\n\n\n<p>Linha Turismo<br>O servi\u00e7o vai operar normalmente durante todo o per\u00edodo.<\/p>\n\n\n\n<p>Lojas #CuritibaSuaLinda<br>&#8211; Palacete Wolf \u2013 Largo da Ordem<br>Domingo (23\/2) \u2013 9h \u00e0s 14h<br>Segunda-feira (24\/2) \u2013 fechada<br>Ter\u00e7a-feira (25\/2) \u2013 fechada<br>Quarta-feira (26\/2) \u2013 9h \u00e0s 17h.<\/p>\n\n\n\n<p>&#8211; Torre Panor\u00e2mica<br>Domingo (23\/2) \u2013 10h \u00e0s 18h<br>Segunda-feira (24\/2) \u2013 12h \u00e0s 18h<br>Ter\u00e7a-feira (25\/2) \u2013 12h \u00e0s 18h<br>Quarta-feira (26\/2) \u2013 12h \u00e0s 18h.<\/p>\n\n\n\n<p>&#8211; Mercado Municipal<br>Domingo (23\/2) \u2013 9h \u00e0s 13h<br>Segunda-feira (24\/2) \u2013 fechada<br>Ter\u00e7a-feira (25\/2) \u2013 fechada<br>Quarta-feira (26\/2) \u2013 fechada.<\/p>\n\n\n\n<p>&#8211; David Carneiro<br>S\u00e1bado (22\/2) \u2013 fechada<br>Domingo (23\/2) \u2013 fechada<br>Segunda-feira (24\/2) \u2013 fechada<br>Ter\u00e7a-feira (25\/2) \u2013 fechada<br>Quarta-feira (26\/2) \u2013 fechada.<\/p>\n\n\n\n<hr class=\"wp-block-separator\"\/>\n\n\n\n<p>SA\u00daDE<\/p>\n\n\n\n<p>Unidades B\u00e1sicas de Sa\u00fade<br>Fecham na&nbsp;segunda-feira (24\/2) e&nbsp;ter\u00e7a-feira (25\/2). Reabrem na&nbsp;quarta-feira de Cinzas (26\/2), a partir das 13h.&nbsp;&nbsp;<\/p>\n\n\n\n<p>Caps<br>Funcionam normalmente. Ou seja, os Caps abrir\u00e3o na segunda-feira (24\/2), ter\u00e7a-feira (25\/2) e quarta-feira (26\/2). No fim de semana (22\/2 e 23\/2), os Caps III atendem apenas pacientes que est\u00e3o em leito.<\/p>\n\n\n\n<p>Hospital Municipal do Idoso Zilda Arns<br>Aberto 24 horas.<\/p>\n\n\n\n<p>Maternidade Bairro Novo<br>Aberta 24 horas.<\/p>\n\n\n\n<p>Unidades de Pronto Atendimento (UPAs)<br>Abertas 24 horas.<\/p>\n\n\n\n<ul class=\"wp-block-list\"><li>UPA S\u00edtio Cercado: Rua Levi Buquera, 158, S\u00edtio Cercado.<\/li><li>UPA Boa Vista: Avenida Paran\u00e1, 3.654, Boa Vista.<\/li><li>UPA Cajuru: Rua Engenheiro Benedito M\u00e1rio da Silva, 555, Cajuru.<\/li><li>UPA Fazendinha: Rua Carlos Klemtz, 1.883, Fazendinha.<\/li><li>UPA Boqueir\u00e3o: Rua Professora Maria de Assump\u00e7\u00e3o, 2,590, Boqueir\u00e3o.<\/li><li>UPA Campo Comprido: Rua Monsenhor Ivo Zanlorenzi, 3.495, Campo Comprido.<\/li><li>UPA Tatuquara: Rua Jornalista Em\u00edlio Zol\u00e1 Florenzano, 835, Tatuquara.<\/li><li>UPA CIC: Rua Senador Accioly Filho, 3370, Cidade Industrial.<\/li><li>UPA Pinheirinho: Rua Leon Nicolas, s\/n esq. com Winston Churchill, Cap\u00e3o Raso.<\/li><\/ul>\n\n\n\n<hr class=\"wp-block-separator\"\/>\n\n\n\n<p>UNIDADES DO ABASTECIMENTO<\/p>\n\n\n\n<p>Mercado Municipal<br>S\u00e1bado (22\/2) \u2013 atendimento das 8h \u00e0s 18h<br>Domingo (23\/2) \u2013 atendimento das 8h \u00e0s 13h<br>Segunda (24\/2) \u2013 fechado<br>Ter\u00e7a (25\/2) \u2013 fechado<br>Quarta (26\/2) \u2013 fechado.<\/p>\n\n\n\n<p>Mercado Regional Cajuru<br>S\u00e1bado (22\/2) \u2013 atendimento das 7h \u00e0s 18h<br>Domingo (23\/2) \u2013 atendimento das 7h \u00e0s 12h<br>Segunda (24\/2) \u2013 fechado<br>Ter\u00e7a (25\/2) \u2013 fechado<br>Quarta (26\/2) \u2013 fechado.<\/p>\n\n\n\n<p>Armaz\u00e9m da Fam\u00edlia<br>S\u00e1bado (22\/2) \u2013 atendimento das 8h30 \u00e0s 13h<br>Domingo (23\/2) \u2013 fechado<br>Segunda (24\/2) \u2013 fechado<br>Ter\u00e7a (25\/2) \u2013 fechado<br>Quarta (26\/2) \u2013 fechado.<\/p>\n\n\n\n<p>Restaurante Popular<br>S\u00e1bado (22\/2) \u2013 fechado<br>Domingo (23\/2) \u2013 fechado<br>Segunda (24\/2) \u2013 fechado<br>Ter\u00e7a (25\/2) \u2013 fechado<br>Quarta (26\/2) \u2013 fechado.<\/p>\n\n\n\n<p>Feiras Livres Diurnas<br>S\u00e1bado (22\/2) \u2013 facultativo<br>Domingo (23\/2) &#8211; facultativo<br>Segunda (24\/2) \u2013 fechado<br>Ter\u00e7a (25\/2) &#8211; facultativo<br>Quarta (26\/2) \u2013 facultativo.<\/p>\n\n\n\n<p>Feiras livres noturnas e gastron\u00f4micas<br>S\u00e1bado (22\/2) \u2013 facultativo<br>Domingo (23\/2) \u2013 fechado<br>Segunda (24\/2) \u2013 facultativo<br>Ter\u00e7a (25\/2) \u2013 facultativo<br>Quarta (26\/2) \u2013 facultativo.<\/p>\n\n\n\n<p>Feiras org\u00e2nicas<br>S\u00e1bado (22\/2) \u2013 facultativo<br>Domingo (23\/2) \u2013 fechado<br>Segunda (24\/2) \u2013 fechado<br>Ter\u00e7a (25\/2) \u2013 facultativo<br>Quarta (26\/2) \u2013 facultativo.<\/p>\n\n\n\n<p>Programa Nossa Feira&nbsp;<br>S\u00e1bado (22\/2) \u2013 fechado<br>Domingo (23\/2) \u2013 fechado<br>Segunda (24\/2) \u2013 facultativo<br>Ter\u00e7a (25\/2) \u2013 facultativo<br>Quarta (26\/2) \u2013 facultativo.<\/p>\n\n\n\n<p>Sacol\u00e3o da Fam\u00edlia<br>&#8211; Sacol\u00e3o Bairro Novo<br>S\u00e1bado (22\/2) \u2013 atendimento das 8h \u00e0s 14h<br>Domingo (23\/2) \u2013 fechado<br>Segunda (24\/2) \u2013 fechado<br>Ter\u00e7a (25\/2) \u2013 fechado<br>Quarta (26\/2) \u2013 atendimento das 14h \u00e0s 18h.&nbsp;<\/p>\n\n\n\n<p>&#8211; Sacol\u00e3o Boa Vista<br>S\u00e1bado (22\/2) \u2013 atendimento das 8h \u00e0s 17h<br>Domingo (23\/2) \u2013 fechado<br>Segunda (24\/2) \u2013 fechado<br>Ter\u00e7a (25\/2) \u2013 fechado<br>Quarta (26\/2) \u2013 atendimento das 8h \u00e0s 19h.&nbsp;<\/p>\n\n\n\n<p>&#8211; Sacol\u00e3o Boqueir\u00e3o<br>S\u00e1bado (22\/2) \u2013 atendimento das 8h \u00e0s 18h<br>Domingo (23\/2) \u2013 fechado<br>Segunda (24\/2) \u2013 atendimento das 8h30 \u00e0s 20h<br>Ter\u00e7a (25\/2) \u2013 fechado<br>Quarta (26\/2) \u2013 atendimento das 8h \u00e0s 19h.&nbsp;<\/p>\n\n\n\n<p>&#8211; Sacol\u00e3o Carmo<br>S\u00e1bado (22\/2) \u2013 fechado<br>Domingo (23\/2) \u2013 atendimento das 8h30 \u00e0s 13h<br>Segunda (24\/2) \u2013 atendimento das 9h \u00e0s 19h30<br>Ter\u00e7a (25\/2) \u2013 atendimento das 9h \u00e0s 19h30<br>Quarta (26\/2) \u2013 atendimento das 9h \u00e0s 19h30.&nbsp;<\/p>\n\n\n\n<p>&#8211; Sacol\u00e3o Fazendinha<br>S\u00e1bado (22\/2) \u2013 atendimento das 8h \u00e0s 19h15<br>Domingo (23\/2) \u2013 fechado<br>Segunda (24\/2) \u2013 fechado<br>Ter\u00e7a (25\/2) \u2013 fechado<br>Quarta (26\/2) \u2013 atendimento das 8h \u00e0s 20h15.&nbsp;<\/p>\n\n\n\n<p>&#8211; Sacol\u00e3o Jardim Paranaense<br>S\u00e1bado (22\/2) \u2013 fechado<br>Domingo (23\/2) \u2013 atendimento das 8h30 \u00e0s 13h<br>Segunda (24\/2) \u2013 atendimento das 8h30 \u00e0s 19h<br>Ter\u00e7a (25\/2) \u2013 atendimento das 8h30 \u00e0s 19h<br>Quarta (26\/2) \u2013 atendimento das 8h30 \u00e0s 19h.<\/p>\n\n\n\n<p>&#8211; Sacol\u00e3o Osternack<br>S\u00e1bado (22\/2) \u2013 atendimento das 8h \u00e0s 14h<br>Domingo (23\/2) \u2013 fechado<br>Segunda (24\/2) \u2013 fechado<br>Ter\u00e7a (25\/2) \u2013 fechado<br>Quarta (26\/2) \u2013 atendimento das 14h \u00e0s 18h.&nbsp;<\/p>\n\n\n\n<p>&#8211; Sacol\u00e3o Pinheirinho<br>S\u00e1bado (22\/2) \u2013 atendimento das 9h \u00e0s 20h<br>Domingo (23\/2) \u2013 fechado<br>Segunda (24\/2) \u2013 fechado<br>Ter\u00e7a (25\/2) \u2013 fechado<br>Quarta (26\/2) \u2013 atendimento das 9h \u00e0s 20h30.<\/p>\n\n\n\n<p>&#8211;&nbsp;Sacol\u00e3o Rui Barbosa<br>S\u00e1bado (22\/2) \u2013 atendimento das 8h \u00e0s 18h<br>Domingo (23\/2) \u2013 fechado<br>Segunda (24\/2) \u2013 fechado<br>Ter\u00e7a (25\/2) \u2013 fechado<br>Quarta (26\/2) \u2013 atendimento das 8h \u00e0s 19h.&nbsp;<\/p>\n\n\n\n<p>&#8211; Sacol\u00e3o Santa C\u00e2ndida<br>S\u00e1bado (22\/2) \u2013 atendimento das 10h \u00e0s 14h<br>Domingo (23\/2) \u2013 fechado<br>Segunda (24\/2) \u2013 atendimento das 10h \u00e0s 19h<br>Ter\u00e7a (25\/2) \u2013 atendimento das 10h \u00e0s 19h<br>Quarta (26\/2) \u2013 atendimento das 10h \u00e0s 19h.&nbsp;<\/p>\n\n\n\n<p>&#8211; Sacol\u00e3o Santa Efig\u00eania<br>S\u00e1bado (22\/2) \u2013 atendimento das 9h \u00e0s 18h30<br>Domingo (23\/2) \u2013 atendimento das 8h30 \u00e0s 13h<br>Segunda (24\/2) \u2013 atendimento das 9h \u00e0s 18h30<br>Ter\u00e7a (25\/2) \u2013 atendimento das 9h \u00e0s 18h30<br>Quarta (26\/2) \u2013 atendimento das 9h \u00e0s 18h30.&nbsp;<\/p>\n\n\n\n<p>&#8211; Sacol\u00e3o Santa Felicidade<br>S\u00e1bado (22\/2) \u2013 atendimento das 9h \u00e0s 19h<br>Domingo (23\/2) \u2013 atendimento das 8h30 \u00e0s 13h<br>Segunda (24\/2) \u2013 atendimento das 9h \u00e0s 19h<br>Ter\u00e7a (25\/2) \u2013 atendimento das 9h \u00e0s 19h<br>Quarta (26\/2) \u2013 atendimento das 9h \u00e0s 19h.&nbsp;<\/p>\n\n\n\n<p>&#8211; Sacol\u00e3o Vila Oficinas<br>S\u00e1bado (22\/2) \u2013 atendimento das 9h \u00e0s 13h<br>Domingo (23\/2) \u2013 fechado<br>Segunda (24\/2) \u2013 fechado<br>Ter\u00e7a (25\/2) \u2013 fechado<br>Quarta (26\/2) \u2013 atendimento das 14h \u00e0s 17h.&nbsp;<\/p>\n\n\n\n<p>&#8211; Sacol\u00e3o Vila Sandra<br>S\u00e1bado (22\/2) \u2013 atendimento das 8h \u00e0s 19h<br>Domingo (23\/2) \u2013 fechado<br>Segunda (24\/2) \u2013 fechado<br>Ter\u00e7a (25\/2) \u2013 fechado<br>Quarta (26\/2) \u2013 atendimento das 8h \u00e0s 20h.<\/p>\n\n\n\n<hr class=\"wp-block-separator\"\/>\n\n\n\n<p>PROTE\u00c7\u00c3O ANIMAL<\/p>\n\n\n\n<p>Ado\u00e7\u00e3o de animais&nbsp;\u2013 Crar funciona em regime de plant\u00e3o das 9h30 \u00e0s 12h e das 13h30 \u00e0s 15h30. Rua Lodovico Kaminski, 1.381 \u2013 CIC<br>Atendimento de emerg\u00eancia (ambul\u00e2ncia)&nbsp;\u2013 Atendimento das 7h30 \u00e0s 16h30, com acionamento via Central 156.<\/p>\n\n\n\n<hr class=\"wp-block-separator\"\/>\n\n\n\n<p>LIMPEZA P\u00daBLICA&nbsp;<br>Coleta Domiciliar (org\u00e2nico) \u2013 normal, aos domingos n\u00e3o h\u00e1 coleta.<br>Coleta Seletiva (Lixo Que N\u00e3o \u00e9 Lixo) \u2013 normal, aos domingos n\u00e3o h\u00e1 coleta.<br>Varri\u00e7\u00e3o Manual \u2013 normal (com atendimento tamb\u00e9m aos eventos do munic\u00edpio).<br>Lixo T\u00f3xico \u2013 normal, aos domingos n\u00e3o h\u00e1 coleta.<br>C\u00e2mbio Verde \u2013 n\u00e3o trabalha na ter\u00e7a-feira (25\/2) e na quarta-feira (26\/2), retorna na quinta-feira (27\/2). N\u00e3o h\u00e1 C\u00e2mbio Verde aos s\u00e1bados, domingos e segundas-feiras.<br>Coleta Vegetal \u2013 normal, aos domingos n\u00e3o h\u00e1 coleta.<\/p>\n\n\n\n<hr class=\"wp-block-separator\"\/>\n\n\n\n<p>CEMIT\u00c9RIOS MUNICIPAIS<\/p>\n\n\n\n<p>Funcionam das 9h \u00e0s 18h todos os dias. O Servi\u00e7o Funer\u00e1rio Municipal (sepultamentos) tem atendimento ininterrupto.<\/p>\n\n\n\n<hr class=\"wp-block-separator\"\/>\n\n\n\n<p>PROCURADORIA GERAL DO MUNIC\u00cdPIO \u2013 D\u00cdVIDA ATIVA<\/p>\n\n\n\n<p>Fechada na segunda-feira (24\/2) e ter\u00e7a-feira (25\/2). Reabre na quarta-feira (26\/2), \u00e0s 14h.<br>&nbsp;<\/p>\n\n\n\n<hr class=\"wp-block-separator\"\/>\n\n\n\n<p>SETRAN<br>Em raz\u00e3o do feriado, n\u00e3o haver\u00e1 fiscaliza\u00e7\u00e3o do Estacionamento Regulamentado (EstaR) na segunda (24\/2) e na ter\u00e7a (25\/2). No s\u00e1bado (22\/2) e na quarta-feira (26\/2), o servi\u00e7o funciona normalmente.<\/p>\n\n\n\n<p>Tamb\u00e9m houve adequa\u00e7\u00e3o nas datas-limite para regulariza\u00e7\u00e3o dos avisos de infra\u00e7\u00e3o das vagas do EstaR:<\/p>\n\n\n\n<figure class=\"wp-block-table\"><table class=\"\"><thead><tr><th scope=\"col\">Data de Emiss\u00e3o<\/th><th scope=\"col\">Prazo de Regulariza\u00e7\u00e3o<\/th><\/tr><\/thead><tbody><tr><td>17\/02\/2020<\/td><td>27\/02\/2020<\/td><\/tr><tr><td>18\/02\/2020<\/td><td>28\/02\/2020<\/td><\/tr><tr><td>19\/02\/2020<\/td><td>02\/03\/2020<\/td><\/tr><tr><td>20\/02\/2020<\/td><td>03\/03\/2020<\/td><\/tr><tr><td>21\/02\/2020<\/td><td>05\/03\/2020<\/td><\/tr><tr><td>22\/02\/2020<\/td><td>05\/03\/2020<\/td><\/tr><tr><td>26\/02\/2020<\/td><td>06\/03\/2020<\/td><\/tr><tr><td>27\/02\/2020<\/td><td>09\/03\/2020<\/td><\/tr><tr><td>28\/02\/2020<\/td><td>10\/03\/2020<\/td><\/tr><tr><td>29\/02\/2020<\/td><td>10\/03\/2020<\/td><\/tr><tr><td>02\/03\/2020<\/td><td>11\/03\/2020<\/td><\/tr><tr><td>03\/03\/2020<\/td><td>12\/03\/2020<\/td><\/tr><tr><td>04\/03\/2020<\/td><td>13\/03\/2020<\/td><\/tr><tr><td>05\/03\/2020<\/td><td>16\/03\/2020<\/td><\/tr><tr><td>06\/03\/2020<\/td><td>17\/03\/2020<\/td><\/tr><tr><td>07\/03\/2020<\/td><td>17\/03\/2020<\/td><\/tr><tr><td>09\/03\/2020<\/td><td>18\/03\/2020<\/td><\/tr><tr><td>10\/03\/2020<\/td><td>18\/03\/2020<\/td><\/tr><tr><td>11\/03\/2020<\/td><td>19\/03\/2020<\/td><\/tr><\/tbody><\/table><\/figure>\n\n\n\n<hr class=\"wp-block-separator\"\/>\n\n\n\n<p>COHAB<\/p>\n\n\n\n<p>A sede da Cohab e as 10 ag\u00eancias nas Administra\u00e7\u00f5es Regionais estar\u00e3o fechadas na segunda-feira (24\/2) e ter\u00e7a-feira (25\/2). Reabrem na quarta-feira (26\/2), \u00e0s 14h.<\/p>\n\n\n\n<hr class=\"wp-block-separator\"\/>\n\n\n\n<p>CASA DA MULHER<\/p>\n\n\n\n<p>Casa da Mulher Brasileira vai funcionar normalmente todos os dias. O funcionamento \u00e9 24 horas por dia, todos os dias da semana.<\/p>\n\n\n\n<hr class=\"wp-block-separator\"\/>\n\n\n\n<p>ESPA\u00c7OS CULTURAIS<\/p>\n\n\n\n<p>Alguns espa\u00e7os gerenciados pela Funda\u00e7\u00e3o Cultural de Curitiba ter\u00e3o hor\u00e1rios de atendimento alterados, em raz\u00e3o do feriado de Carnaval.<\/p>\n\n\n\n<p>A programa\u00e7\u00e3o pode ser acessada em&nbsp;<a href=\"http:\/\/www.fundacaoculturaldecuritiba.com.br\/\" target=\"_blank\" rel=\"noreferrer noopener\">fundacaoculturaldecuritiba.com.br<\/a>.<\/p>\n\n\n\n<p>Bondinho da XV e Casas da Leitura<br>&#8211; Funcionam no dia 22\/2 (s\u00e1bado)<br>Bondinho da Leitura \u2013 10h \u00e0s 14h<br>Casa da Leitura Hilda Hilst \u2013 11h \u00e0s 15h<br>Casa da Leitura Miguel de Cervantes \u2013 10h \u00e0s 14h<br>Casa da Leitura Manoel Carlos Karam \u2013 12h \u00e0s 16h<br>Casa da Leitura Paulo Leminski \u2013 8h30 \u00e0s 12h30<br>Casa da Leitura Wilson Bueno \u2013 10h \u00e0s 19h<br><br>&#8211;&nbsp;Nos dias 23, 24 e 25\/2 nenhum espa\u00e7o ter\u00e1 atendimento.<\/p>\n\n\n\n<p>Gibiteca\u00a0\u2013 fechada de s\u00e1bado (22\/2) a ter\u00e7a (25\/2).<br>Conservat\u00f3rio de MPB\u00a0\u2013 fechado, reabre 27\/2 (quinta-feira).\u00a0<br>Novelas Curitibanas\u00a0\u2013 programa\u00e7\u00e3o normal.<br>TUC e Clube de Xadrez\u00a0\u2013 fechados de 22 a 25\/2 (s\u00e1bado a ter\u00e7a-feira).<br>Ant\u00f4nio Carlos Kraide\u00a0\u2013 fechado no feriado.<br>Teatro do Paiol\u00a0\u2013 fechado nos dias 24 e 25\/2 (segunda e ter\u00e7a-feira).<br>Teatro do Pi\u00e1\u00a0\u2013 retorna em mar\u00e7o.<br>Museu de Arte Sacra\u00a0\u2013 fechado para obras de restaura\u00e7\u00e3o.<br>Circo da Cidade\u00a0\u2013 retoma atividades em mar\u00e7o.<br>Solar do Bar\u00e3o (Museus da Gravura e da Fotografia e demais atividades)\u00a0\u2013 Fechado na segunda-feira (24\/2). Abre ter\u00e7a-feira (25\/2), das 10h \u00e0s 18h.\u00a0<br>Salas expositivas do MuMa (Port\u00e3o Cultural)\u00a0\u2013 fechadas na segunda-feira (24\/2). Funcionamento parcial na ter\u00e7a-feira (25\/2), das 10h \u00e0s 19h.\u00a0<br>Cinemateca e Cine Guarani (Port\u00e3o Cultural)\u00a0\u2013 programa\u00e7\u00e3o normal.<br>Casa Hoffmann\u00a0\u2013 fechada de 22\/2 (s\u00e1bado) a 25\/2 (ter\u00e7a-feira).<br>Memorial de Curitiba e Teatro Londrina\u00a0\u2013 fechados nos dias 24\/2 (segunda-feira) e 25\/2 (ter\u00e7a-feira).<br>Memorial Ucraniano e Memorial Polon\u00eas\u00a0\u2013 funcionamento normal.<br>Cine Passeio\u00a0\u2013 programa\u00e7\u00e3o normal.<br>Centro de Criatividade e Teatro Cleon Jacques (Parque S\u00e3o Louren\u00e7o)\u00a0\u2013 fechados para reforma.<br>Casa da Mem\u00f3ria (pesquisa)\u00a0\u2013 fechada, reabre em 26\/2 (quarta-feira).<br>Casa Rom\u00e1rio Martins\u00a0\u2013 fechada na segunda-feira (24\/2), abre na ter\u00e7a (25\/2) das 14h \u00e0s 18h.\u00a0<br><br><br>Fonte: Bem Paran\u00e1<\/p>\n","protected":false},"excerpt":{"rendered":"<p>A cidade tem programa\u00e7\u00e3o especial de Carnaval para todas as idades e todos os gostos. Confira no\u00a0Guia da Funda\u00e7\u00e3o Cultural de Curitiba. Este ano, a crian\u00e7ada tamb\u00e9m poder\u00e1 ouvir hist\u00f3rias das bruxas da Casa da Bruxa do Bosque Alem\u00e3o e curtir marchinhas de Carnaval no Mercado Municipal. No s\u00e1bado (22\/2), o hor\u00e1rio ser\u00e1 das 10h [&hellip;]<\/p>\n","protected":false},"author":2,"featured_media":26070,"comment_status":"open","ping_status":"open","sticky":false,"template":"","format":"standard","meta":{"advanced_seo_description":"","jetpack_seo_html_title":"","jetpack_seo_noindex":false,"_jetpack_memberships_contains_paid_content":false,"footnotes":""},"categories":[89],"tags":[],"class_list":{"0":"post-26068","1":"post","2":"type-post","3":"status-publish","4":"format-standard","5":"has-post-thumbnail","7":"category-carnaval-2020"},"jetpack_featured_media_url":"https:\/\/www.paranapraia.com.br\/wp-content\/uploads\/2020\/02\/noticia_903041_img1_feriado.jpg","jetpack_sharing_enabled":true,"_links":{"self":[{"href":"https:\/\/www.paranapraia.com.br\/index.php\/wp-json\/wp\/v2\/posts\/26068"}],"collection":[{"href":"https:\/\/www.paranapraia.com.br\/index.php\/wp-json\/wp\/v2\/posts"}],"about":[{"href":"https:\/\/www.paranapraia.com.br\/index.php\/wp-json\/wp\/v2\/types\/post"}],"author":[{"embeddable":true,"href":"https:\/\/www.paranapraia.com.br\/index.php\/wp-json\/wp\/v2\/users\/2"}],"replies":[{"embeddable":true,"href":"https:\/\/www.paranapraia.com.br\/index.php\/wp-json\/wp\/v2\/comments?post=26068"}],"version-history":[{"count":1,"href":"https:\/\/www.paranapraia.com.br\/index.php\/wp-json\/wp\/v2\/posts\/26068\/revisions"}],"predecessor-version":[{"id":26071,"href":"https:\/\/www.paranapraia.com.br\/index.php\/wp-json\/wp\/v2\/posts\/26068\/revisions\/26071"}],"wp:featuredmedia":[{"embeddable":true,"href":"https:\/\/www.paranapraia.com.br\/index.php\/wp-json\/wp\/v2\/media\/26070"}],"wp:attachment":[{"href":"https:\/\/www.paranapraia.com.br\/index.php\/wp-json\/wp\/v2\/media?parent=26068"}],"wp:term":[{"taxonomy":"category","embeddable":true,"href":"https:\/\/www.paranapraia.com.br\/index.php\/wp-json\/wp\/v2\/categories?post=26068"},{"taxonomy":"post_tag","embeddable":true,"href":"https:\/\/www.paranapraia.com.br\/index.php\/wp-json\/wp\/v2\/tags?post=26068"}],"curies":[{"name":"wp","href":"https:\/\/api.w.org\/{rel}","templated":true}]}}