{"id":2598,"date":"2019-03-26T13:20:02","date_gmt":"2019-03-26T16:20:02","guid":{"rendered":"https:\/\/www.paranapraia.com.br\/?p=2598"},"modified":"2019-03-26T14:36:57","modified_gmt":"2019-03-26T17:36:57","slug":"crise-na-venezuela-o-que-se-sabe-sobre-os-avioes-militares-russos-que-chegaram-ao-pais","status":"publish","type":"post","link":"https:\/\/www.paranapraia.com.br\/index.php\/2019\/03\/26\/crise-na-venezuela-o-que-se-sabe-sobre-os-avioes-militares-russos-que-chegaram-ao-pais\/","title":{"rendered":"Crise na Venezuela: O que se sabe sobre os avi\u00f5es militares russos que chegaram ao pa\u00eds"},"content":{"rendered":"\n<p>A chegada de dois avi\u00f5es da For\u00e7a A\u00e9rea russa carregados de militares e armamentos \u00e0 Venezuela, no \u00faltimo fim de semana, gerou uma s\u00e9rie de especula\u00e7\u00f5es e reacendeu o temor de uma escalada da tens\u00e3o internacional.<\/p>\n\n\n\n<p>A crise no pa\u00eds se agrava desde janeiro deste ano, quando o l\u00edder oposicionista Juan Guaid\u00f3 se autoproclamou presidente interino, acusando Nicol\u00e1s Maduro de usurpar o poder por meio de elei\u00e7\u00f5es ileg\u00edtimas.<\/p>\n\n\n\n<p>O cen\u00e1rio da Venezuela, que vem sofrendo com diversos apag\u00f5es, exp\u00f4s a rivalidade do pa\u00eds sul-americano com os Estados Unidos e seus aliados (que apoiam Guaid\u00f3); por outro lado, R\u00fassia, Cuba e China seguem, por raz\u00f5es diversas, dando suporte ao governo chavista.<\/p>\n\n\n\n<p>A presen\u00e7a militar russa na Venezuela foi alvo de protestos do secret\u00e1rio de Estado americano, Mike Pompeo &#8211; os EUA foram os primeiros a reconhecerem Guaid\u00f3 como presidente interino.<\/p>\n\n\n\n<p>Em conversa por telefone com o ministro das Rela\u00e7\u00f5es Exteriores russo, Sergu\u00e9i Lavrov, Pompeo disse que Washington &#8220;n\u00e3o ficaria de bra\u00e7os cruzados, enquanto a R\u00fassia exacerbava as tens\u00f5es na Venezuela&#8221;.<\/p>\n\n\n\n<p>Os Estados Unidos afirmam que todas as cartas est\u00e3o na mesa, sem descartar uma eventual a\u00e7\u00e3o militar do pa\u00eds sul-americano. Essa posi\u00e7\u00e3o \u00e9 partilhada pelo Brasil.<\/p>\n\n\n\n<figure class=\"wp-block-image\"><img decoding=\"async\" src=\"https:\/\/ichef.bbci.co.uk\/news\/624\/cpsprodpb\/12AF8\/production\/_106163567_hi053153570.jpg\" alt=\"Avi\u00e3o com bandeira russa pousa no aeroporto Simon Bolivar no domingo\"\/><figcaption>Image captionA presen\u00e7a militar russa na Venezuela foi alvo de protestos dos EUA<\/figcaption><\/figure>\n\n\n\n<h2 class=\"wp-block-heading\">Como a R\u00fassia armou a Venezuela chavista<\/h2>\n\n\n\n<p>A colabora\u00e7\u00e3o militar da R\u00fassia com a Venezuela chavista n\u00e3o \u00e9 novidade.<\/p>\n\n\n\n<p>Os russos foram, junto com os chineses, os principais fornecedores de material b\u00e9lico para Caracas desde a Revolu\u00e7\u00e3o Bolivariana, liderada por Hugo Ch\u00e1vez, quando chegou ao poder em 1999.<\/p>\n\n\n\n<figure class=\"wp-block-image\"><img decoding=\"async\" src=\"https:\/\/ichef.bbci.co.uk\/news\/624\/cpsprodpb\/1173F\/production\/_106178417_gettyimages-71524651.jpg\" alt=\"Ch\u00e1vez e Putin\"\/><figcaption>Image captionA hist\u00f3rica coopera\u00e7\u00e3o militar russa com a Venezuela remonta \u00e0 \u00e9poca de Hugo Ch\u00e1vez<\/figcaption><\/figure>\n\n\n\n<p>Disposto a transformar a Venezuela em uma pot\u00eancia regional capaz de contrapor o poder dos EUA, Ch\u00e1vez investiu uma grande quantia proveniente das receitas de petr\u00f3leo na moderniza\u00e7\u00e3o da For\u00e7a Armada Nacional Bolivariana (Fanb).<\/p>\n\n\n\n<p>Por anos, a R\u00fassia abasteceu o pa\u00eds com v\u00e1rios modelos de aeronaves e helic\u00f3pteros, assim como tanques e unidades de artilharia.<\/p>\n\n\n\n<p>Uma das principais contribui\u00e7\u00f5es russas foi a venda de ca\u00e7as Su-30Mk2 que, de acordo com especialistas, era capaz de competir com os avi\u00f5es de combate americanos mais avan\u00e7ados, gra\u00e7as ao seu poder de fogo, capacidade de manobra e desempenho.<\/p>\n\n\n\n<p>A ind\u00fastria militar russa forneceu ainda tanques e unidades de artilharia.<\/p>\n\n\n\n<p>Al\u00e9m disso, as For\u00e7as Armadas venezuelanas adotaram os fuzis kalashnikov, possivelmente a arma russa mais fabricada no mundo, e concordaram at\u00e9 mesmo em construir uma unidade para produ\u00e7\u00e3o do mesmo na cidade de Maracay.<\/p>\n\n\n\n<figure class=\"wp-block-image\"><img decoding=\"async\" src=\"https:\/\/ichef.bbci.co.uk\/news\/624\/cpsprodpb\/164FB\/production\/_106178319_gettyimages-127558050.jpg\" alt=\"Hugo Ch\u00e1vez\"\/><figcaption>Image captionO ex-presidente venezuelano Hugo Ch\u00e1vez visitou uma f\u00e1brica de Kalashnikov na R\u00fassia em 2006<\/figcaption><\/figure>\n\n\n\n<p>Fora o abastecimento de armas, o&nbsp;<a href=\"https:\/\/www.bbc.com\/portuguese\/internacional-46536262\">Ex\u00e9rcito russo realizou exerc\u00edcios de coopera\u00e7\u00e3o militar em territ\u00f3rio venezuelano<\/a>, sendo o \u00faltimo deles em dezembro do ano passado.<\/p>\n\n\n\n<h2 class=\"wp-block-heading\">Com a crise econ\u00f4mica vieram os problemas<\/h2>\n\n\n\n<p>&#8220;Os russos apostaram muito na Venezuela, mas descobriu-se que n\u00e3o recebiam&#8221;, disse um especialista \u00e0 BBC News Mundo (servi\u00e7o da BBC em espanhol), sob condi\u00e7\u00e3o de anonimato.<\/p>\n\n\n\n<p>Segundo ele, os problemas de liquidez venezuelanos afetaram a coopera\u00e7\u00e3o t\u00e9cnico-militar.<\/p>\n\n\n\n<p>&#8220;Nos \u00faltimos anos, eles tentaram que os russos e os chineses cuidassem da manuten\u00e7\u00e3o, mas o problema \u00e9 que agora eles n\u00e3o conseguem pagar ningu\u00e9m&#8221;, afirmou o especialista entrevistado pela BBC.<\/p>\n\n\n\n<figure class=\"wp-block-image\"><img decoding=\"async\" src=\"https:\/\/ichef.bbci.co.uk\/news\/624\/cpsprodpb\/CCA3\/production\/_106178325_gettyimages-476866685.jpg\" alt=\"S-300 em desfile militar na Venezuela\"\/><figcaption>Image captionNa \u00e9poca de Ch\u00e1vez, Caracas comprou de Moscou equipamentos de m\u00edsseis antia\u00e9reos, como o S-300<\/figcaption><\/figure>\n\n\n\n<p>Os problemas se agravaram a partir de 2014, quando a economia venezuelana come\u00e7ou a sofrer um decl\u00ednio acentuado.<\/p>\n\n\n\n<p>A falta de recursos colocou em xeque a capacidade operacional das equipes venezuelanas, algo que o governo Nicol\u00e1s Maduro parece interessado em resolver, depois de os Estados Unidos terem insistido em manter aberta a possibilidade de uma interven\u00e7\u00e3o militar para promover a troca do atual governo.<\/p>\n\n\n\n<p>De acordo com a ag\u00eancia de not\u00edcias estatal russa Sputnik, uma fonte an\u00f4nima da embaixada russa em Caracas disse que &#8220;a R\u00fassia tem v\u00e1rios contratos em vias de terminar, contratos de natureza militar&#8221;.<\/p>\n\n\n\n<p>Uma das hip\u00f3teses levantadas pelos analistas para explicar a chegada do \u00faltimo contingente russo \u00e9 que se trata de uma equipe dedicada a concretizar o planejamento de manter em dia os equipamentos que a Venezuela j\u00e1 comprou da R\u00fassia.<\/p>\n\n\n\n<p>Um especialista militar estrangeiro que vive em Caracas e que pediu para n\u00e3o a ser identificado disse \u00e0 BBC News Mundo, que &#8220;h\u00e1 muitas d\u00favidas sobre a capacidade operacional real do arsenal (da Venezuela), devido \u00e0 falta de manuten\u00e7\u00e3o&#8221;, outra consequ\u00eancia da crise econ\u00f4mica grave que o pa\u00eds enfrenta.<\/p>\n\n\n\n<p>A escassez de pe\u00e7as de reposi\u00e7\u00e3o \u00e9 vis\u00edvel mesmo na base a\u00e9rea em La Carlota, no cora\u00e7\u00e3o de Caracas, onde os helic\u00f3pteros ali estacionados sofrem o que no jarg\u00e3o militar \u00e9 conhecido como &#8220;canibaliza\u00e7\u00e3o&#8221;, ou seja, o uso de partes de aeronaves em bom estado para a repara\u00e7\u00e3o de outras danificadas.<\/p>\n\n\n\n<p>A falta de reparo e de pe\u00e7as sobressalentes torna-se um problema particularmente s\u00e9rio para o arsenal mais antigo, como os helic\u00f3pteros de transporte de fabrica\u00e7\u00e3o francesa, os Super Puma, ou os ca\u00e7as americanos F-16, que foram adquiridos antes do triunfo da Revolu\u00e7\u00e3o Bolivariana em 1998.<\/p>\n\n\n\n<h2 class=\"wp-block-heading\">O sistema antim\u00edssil S-300<\/h2>\n\n\n\n<p>Durante o governo Ch\u00e1vez, a Venezuela tamb\u00e9m comprou m\u00edsseis antia\u00e9reos russos que ajudaram a estabelecer o que o especialista europeu consultado pela BBC News Mundo descreveu como &#8220;o melhor sistema de defesa aeroespacial da regi\u00e3o&#8221;.<\/p>\n\n\n\n<p>Um desses equipamentos \u00e9 o S-300, sistema de defesa antia\u00e9reo que operou acima do normal no m\u00eas de fevereiro, segundo a ISI, empresa especializada na coleta e an\u00e1lise de imagens via sat\u00e9lite para elaborar an\u00e1lises de intelig\u00eancia.<\/p>\n\n\n\n<figure class=\"wp-block-image\"><img decoding=\"async\" src=\"https:\/\/ichef.bbci.co.uk\/news\/485\/socialembed\/https:\/\/twitter.com\/ImageSatIntl\/status\/1109831650853171200~\/portuguese\/internacional-47706201\" alt=\"Twitter post de @ImageSatIntl: #Followup  #Venezuela has put the #S300 into #operational readiness, after conducting drills in February 2019 (as reported previously by #ISI).#Colombia #intelligence #Satellite #military #defence #defense #MaduroRegime #Update #imagery \"\/><\/figure>\n\n\n\n<p>No m\u00eas de fevereiro, a tens\u00e3o entre Maduro e Guaid\u00f3 atingiu seu \u00e1pice e um ataque americano parecia mais prov\u00e1vel.<\/p>\n\n\n\n<p>A ISI detectou diferentes exerc\u00edcios militares com o S-300 na base a\u00e9rea de Capit\u00e1n Manuel R\u00edos, localizada em El Sombrero, no estado de Gu\u00e1rico, no centro da Venezuela.<\/p>\n\n\n\n<figure class=\"wp-block-image\"><img decoding=\"async\" src=\"https:\/\/ichef.bbci.co.uk\/news\/624\/cpsprodpb\/3063\/production\/_106178321_gettyimages-1045061126.jpg\" alt=\"M\u00edsseis antia\u00e9reos russos S-300 entregues \u00e0 R\u00fassia\"\/><figcaption>Image captionO fornecimento de sistemas de defesa antia\u00e9reos russos para a S\u00edria teve grande import\u00e2ncia para o pa\u00eds<\/figcaption><\/figure>\n\n\n\n<p>Essa &#8220;atividade significativa&#8221;, como descrita pela ISI, levou alguns analistas a pensar que a chegada de militares russos poderia estar relacionada \u00e0 manuten\u00e7\u00e3o ou ao manuseio desses equipamentos.<\/p>\n\n\n\n<p>O S-300 tem sido um elemento presente na guerra na S\u00edria, contribuindo para que as for\u00e7as do presidente Bashar al-Assad, aliado da R\u00fassia, prevale\u00e7am.<\/p>\n\n\n\n<p>No entanto, quando o presidente dos EUA, Donald Trump,&nbsp;<a href=\"https:\/\/www.bbc.com\/portuguese\/internacional-43776924\">ordenou o lan\u00e7amento de m\u00edsseis Tomahawk contra a S\u00edria<\/a>&nbsp;em resposta ao suposto uso de armas qu\u00edmicas contra a popula\u00e7\u00e3o civil, o S-300 n\u00e3o os interceptou.<\/p>\n\n\n\n<h2 class=\"wp-block-heading\">Qual \u00e9 o tamanho do efetivo das For\u00e7as Armadas da Venezuela?<\/h2>\n\n\n\n<p>De acordo com dados do Minist\u00e9rio da Defesa do pa\u00eds, a For\u00e7a Armada Nacional Bolivariana tem entre 95 mil e 150 mil integrantes, n\u00famero que n\u00e3o inclui os membros da Mil\u00edcia Nacional Bolivariana, um grupo paralelo descrito como paramilitar pelos cr\u00edticos do governo e formado por volunt\u00e1rios que assumem v\u00e1rias fun\u00e7\u00f5es a servi\u00e7o do Estado.<\/p>\n\n\n\n<p>Esses milicianos recebem treinamento no manejo de armas e usam rifles antigos que pertenciam anteriormente ao Ex\u00e9rcito.<\/p>\n\n\n\n<p>A Mil\u00edcia Nacional baseia-se na premissa da &#8220;uni\u00e3o c\u00edvico-militar&#8221;, cunhada pelo presidente Hugo Ch\u00e1vez, morto em 2013, pela qual toda a sociedade deve complementar o esfor\u00e7o do Ex\u00e9rcito na &#8220;defesa da na\u00e7\u00e3o&#8221;.<\/p>\n\n\n\n<p>Maduro manteve seu compromisso com a mil\u00edcia, apesar das acusa\u00e7\u00f5es de militariza\u00e7\u00e3o da vida civil e anunciou, em janeiro deste ano, que o corpo de seguran\u00e7a est\u00e1 pr\u00f3ximo de atingir 2 milh\u00f5es de integrantes.<\/p>\n\n\n\n<figure class=\"wp-block-image\"><img decoding=\"async\" src=\"https:\/\/ichef.bbci.co.uk\/news\/624\/cpsprodpb\/10C39\/production\/_105656686_gettyimages-73879102.jpg\" alt=\"Soldados da Venezuela em desfile\"\/><figcaption>Image captionGuaid\u00f3, autoproclamado presidente interino da Venezuela, pediu apoio dos militares<\/figcaption><\/figure>\n\n\n\n<p>N\u00e3o h\u00e1 informa\u00e7\u00f5es precisas, no entanto, sobre o n\u00famero real de integrantes e a qualidade de seu armamento e treinamento militar.<\/p>\n\n\n\n<p>Tamb\u00e9m formam as For\u00e7as Armadas os integrantes da Guarda Nacional, um corpo militar respons\u00e1vel pela ordem p\u00fablica e pela prote\u00e7\u00e3o dos cidad\u00e3os. Conhecida por todos os venezuelanos, uma de suas atribui\u00e7\u00f5es mais comuns \u00e9 fazer o policiamento das ruas e das rodovias do pa\u00eds.<\/p>\n\n\n\n<p>Nos \u00faltimos anos, a Guarda Nacional vem ganhando maior destaque pela repress\u00e3o violenta contra os manifestantes de oposi\u00e7\u00e3o, especialmente durante os protestos de 2017, e sua conduta tem sido objeto de pol\u00eamica. Tamb\u00e9m n\u00e3o h\u00e1 informa\u00e7\u00f5es precisas sobre o tamanho do efetivo da Guarda Nacional.<\/p>\n\n\n\n<figure class=\"wp-block-image\"><img decoding=\"async\" src=\"https:\/\/ichef.bbci.co.uk\/news\/624\/cpsprodpb\/B1FD\/production\/_105656554_gettyimages-809449352.jpg\" alt=\"Tanque do Ex\u00e9rcito da Venezuela\"\/><figcaption>Image captionEstimativas oficiais indicam que For\u00e7as Armadas venezuelanas contam com 95 mil a 150 mil integrantes<br><\/figcaption><\/figure>\n\n\n\n<figure class=\"wp-block-image\"><img loading=\"lazy\" decoding=\"async\" width=\"656\" height=\"656\" src=\"https:\/\/www.paranapraia.com.br\/wp-content\/uploads\/2019\/03\/geral.jpg\" alt=\"\" class=\"wp-image-2619\" srcset=\"https:\/\/www.paranapraia.com.br\/wp-content\/uploads\/2019\/03\/geral.jpg 656w, https:\/\/www.paranapraia.com.br\/wp-content\/uploads\/2019\/03\/geral-150x150.jpg 150w, https:\/\/www.paranapraia.com.br\/wp-content\/uploads\/2019\/03\/geral-300x300.jpg 300w, https:\/\/www.paranapraia.com.br\/wp-content\/uploads\/2019\/03\/geral-420x420.jpg 420w\" sizes=\"(max-width: 656px) 100vw, 656px\" \/><\/figure>\n\n\n\n<p><em>BBC<\/em><\/p>\n","protected":false},"excerpt":{"rendered":"<p>A chegada de dois avi\u00f5es da For\u00e7a A\u00e9rea russa carregados de militares e armamentos \u00e0 Venezuela, no \u00faltimo fim de semana, gerou uma s\u00e9rie de especula\u00e7\u00f5es e reacendeu o temor de uma escalada da tens\u00e3o internacional. A crise no pa\u00eds se agrava desde janeiro deste ano, quando o l\u00edder oposicionista Juan Guaid\u00f3 se autoproclamou presidente [&hellip;]<\/p>\n","protected":false},"author":2,"featured_media":2599,"comment_status":"open","ping_status":"open","sticky":false,"template":"","format":"standard","meta":{"advanced_seo_description":"","jetpack_seo_html_title":"","jetpack_seo_noindex":false,"_jetpack_memberships_contains_paid_content":false,"footnotes":""},"categories":[32],"tags":[],"class_list":{"0":"post-2598","1":"post","2":"type-post","3":"status-publish","4":"format-standard","5":"has-post-thumbnail","7":"category-politica"},"jetpack_featured_media_url":"https:\/\/www.paranapraia.com.br\/wp-content\/uploads\/2019\/03\/vene.jpg","jetpack_sharing_enabled":true,"_links":{"self":[{"href":"https:\/\/www.paranapraia.com.br\/index.php\/wp-json\/wp\/v2\/posts\/2598"}],"collection":[{"href":"https:\/\/www.paranapraia.com.br\/index.php\/wp-json\/wp\/v2\/posts"}],"about":[{"href":"https:\/\/www.paranapraia.com.br\/index.php\/wp-json\/wp\/v2\/types\/post"}],"author":[{"embeddable":true,"href":"https:\/\/www.paranapraia.com.br\/index.php\/wp-json\/wp\/v2\/users\/2"}],"replies":[{"embeddable":true,"href":"https:\/\/www.paranapraia.com.br\/index.php\/wp-json\/wp\/v2\/comments?post=2598"}],"version-history":[{"count":2,"href":"https:\/\/www.paranapraia.com.br\/index.php\/wp-json\/wp\/v2\/posts\/2598\/revisions"}],"predecessor-version":[{"id":2620,"href":"https:\/\/www.paranapraia.com.br\/index.php\/wp-json\/wp\/v2\/posts\/2598\/revisions\/2620"}],"wp:featuredmedia":[{"embeddable":true,"href":"https:\/\/www.paranapraia.com.br\/index.php\/wp-json\/wp\/v2\/media\/2599"}],"wp:attachment":[{"href":"https:\/\/www.paranapraia.com.br\/index.php\/wp-json\/wp\/v2\/media?parent=2598"}],"wp:term":[{"taxonomy":"category","embeddable":true,"href":"https:\/\/www.paranapraia.com.br\/index.php\/wp-json\/wp\/v2\/categories?post=2598"},{"taxonomy":"post_tag","embeddable":true,"href":"https:\/\/www.paranapraia.com.br\/index.php\/wp-json\/wp\/v2\/tags?post=2598"}],"curies":[{"name":"wp","href":"https:\/\/api.w.org\/{rel}","templated":true}]}}