{"id":2589,"date":"2019-03-26T12:53:33","date_gmt":"2019-03-26T15:53:33","guid":{"rendered":"https:\/\/www.paranapraia.com.br\/?p=2589"},"modified":"2019-03-26T12:53:41","modified_gmt":"2019-03-26T15:53:41","slug":"indios-ocupam-predio-de-ministerio-em-curitiba-contra-municipalizacao-da-saude","status":"publish","type":"post","link":"https:\/\/www.paranapraia.com.br\/index.php\/2019\/03\/26\/indios-ocupam-predio-de-ministerio-em-curitiba-contra-municipalizacao-da-saude\/","title":{"rendered":"\u00cdndios ocupam pr\u00e9dio de Minist\u00e9rio em Curitiba contra municipaliza\u00e7\u00e3o da Sa\u00fade"},"content":{"rendered":"\n<h4 class=\"wp-block-heading\">Acompanhando a manifesta\u00e7\u00e3o dos \u00edndios, o deputado Goura (PDT) lamentou que se esque\u00e7a a d\u00edvida hist\u00f3rica que o Brasil tem com este povo<\/h4>\n\n\n\n<p>Dezenas de ind\u00edgenas ocupam, na manh\u00e3 desta ter\u00e7a-feira (26), o pr\u00e9dio do Minist\u00e9rio da Sa\u00fade na Rua C\u00e2ndido Lopes, no&nbsp;<strong>Centro de Curitiba<\/strong>. Eles protestam contra proposta que prev\u00ea a extin\u00e7\u00e3o da Secretaria Especial de Sa\u00fade Ind\u00edgena (Sesai), que passaria a atuar como um departamento, incorporando os servi\u00e7os destinados \u00e0s aldeias a uma nova&nbsp;<strong>Secretaria Nacional da Aten\u00e7\u00e3o Prim\u00e1ria.<\/strong>&nbsp;Com isso, aconteceria uma municipaliza\u00e7\u00e3o nos servi\u00e7os de sa\u00fade ind\u00edgena.<\/p>\n\n\n\n<p>Presente no evento, o cacique Jacinto afirmou que a proposta traz riscos \u00e0 popula\u00e7\u00e3o ind\u00edgena. \u201cDecidimos vir at\u00e9 o pr\u00e9dio do minist\u00e9rio porque essa mudan\u00e7a vai afetar diretamente o nosso povo. Querem extinguir a Sesai e nos jogar a um departamento que acaba com as equipes multidisciplinares\u201d, lamentou.<\/p>\n\n\n\n<p>Para Mauro Bueno, chefe do escrit\u00f3rio local da Funai (Funda\u00e7\u00e3o Nacional do \u00cdndio) em Curitiba, os \u00edndios precisam participar deste processo de mudan\u00e7a. \u201cN\u00f3s acompanhamos a quest\u00e3o dos direitos dos ind\u00edgenas, garantindo que eles sejam ouvidos neste processo. A retirada da Sesai fragiliza muito, porque passa ao poder municipal a quest\u00e3o da sa\u00fade, para cidades que j\u00e1 n\u00e3o conseguem resolver essas quest\u00f5es. Cidades pequenas v\u00e3o ter um aumento de 40% na demanda\u201d, explicou.<\/p>\n\n\n\n<p>Acompanhando a manifesta\u00e7\u00e3o dos \u00edndios, o deputado Goura (PDT) lamentou que se esque\u00e7a a d\u00edvida hist\u00f3rica que o Brasil tem com este povo. \u201cTemos uma d\u00edvida hist\u00f3rica com os povos ind\u00edgenas e n\u00e3o podemos admitir um desmonte das pol\u00edticas de ajudas. Isso est\u00e1 vindo de cima (Governo Federal) para baixo. Municipalizar a sa\u00fade ind\u00edgena \u00e9 algo muito grave. Precisamos de uma a\u00e7\u00e3o diferenciada. Viemos para fazer esse apoio e intermediaremos as negocia\u00e7\u00f5es\u201d, disse Goura.<\/p>\n\n\n\n<h1 class=\"wp-block-heading\"><strong>Mudan\u00e7as s\u00e3o criticadas<\/strong><\/h1>\n\n\n\n<p>A mudan\u00e7a tem sido criticada pelos povos ind\u00edgenas. Em fevereiro, representantes das etnias Tapirap\u00e9 e Caraj\u00e1 \u2013 que vivem na regi\u00e3o da Ilha do Bananal e do Rio Araguaia, em Mato Grosso e Tocantins, \u2013 se reuniram com o subprocurador-geral da Rep\u00fablica Ant\u00f4nio Carlos Bigonha, a coordenadoria da C\u00e2mara de Popula\u00e7\u00f5es Ind\u00edgenas e Comunidades Tradicionais do MPF (6CCR) e parlamentares ligados \u00e0 Comiss\u00e3o de Direitos Humanos e Minorias da C\u00e2mara dos Deputados.<\/p>\n\n\n\n<p>No encontro, relataram o sentimento de amea\u00e7a diante da proposta de municipaliza\u00e7\u00e3o da sa\u00fade, excluindo o atendimento pelos Distritos Sanit\u00e1rios Especiais Ind\u00edgenas, que at\u00e9 ent\u00e3o era feito a partir de profissionais e recursos espec\u00edficos.<\/p>\n\n\n\n<p>Fonte:BandaB<\/p>\n","protected":false},"excerpt":{"rendered":"<p>Acompanhando a manifesta\u00e7\u00e3o dos \u00edndios, o deputado Goura (PDT) lamentou que se esque\u00e7a a d\u00edvida hist\u00f3rica que o Brasil tem com este povo Dezenas de ind\u00edgenas ocupam, na manh\u00e3 desta ter\u00e7a-feira (26), o pr\u00e9dio do Minist\u00e9rio da Sa\u00fade na Rua C\u00e2ndido Lopes, no&nbsp;Centro de Curitiba. Eles protestam contra proposta que prev\u00ea a extin\u00e7\u00e3o da Secretaria [&hellip;]<\/p>\n","protected":false},"author":2,"featured_media":2590,"comment_status":"open","ping_status":"open","sticky":false,"template":"","format":"standard","meta":{"advanced_seo_description":"","jetpack_seo_html_title":"","jetpack_seo_noindex":false,"_jetpack_memberships_contains_paid_content":false,"footnotes":""},"categories":[43],"tags":[],"class_list":{"0":"post-2589","1":"post","2":"type-post","3":"status-publish","4":"format-standard","5":"has-post-thumbnail","7":"category-cotidiano"},"jetpack_featured_media_url":"https:\/\/www.paranapraia.com.br\/wp-content\/uploads\/2019\/03\/indios.jpeg","jetpack_sharing_enabled":true,"_links":{"self":[{"href":"https:\/\/www.paranapraia.com.br\/index.php\/wp-json\/wp\/v2\/posts\/2589"}],"collection":[{"href":"https:\/\/www.paranapraia.com.br\/index.php\/wp-json\/wp\/v2\/posts"}],"about":[{"href":"https:\/\/www.paranapraia.com.br\/index.php\/wp-json\/wp\/v2\/types\/post"}],"author":[{"embeddable":true,"href":"https:\/\/www.paranapraia.com.br\/index.php\/wp-json\/wp\/v2\/users\/2"}],"replies":[{"embeddable":true,"href":"https:\/\/www.paranapraia.com.br\/index.php\/wp-json\/wp\/v2\/comments?post=2589"}],"version-history":[{"count":1,"href":"https:\/\/www.paranapraia.com.br\/index.php\/wp-json\/wp\/v2\/posts\/2589\/revisions"}],"predecessor-version":[{"id":2591,"href":"https:\/\/www.paranapraia.com.br\/index.php\/wp-json\/wp\/v2\/posts\/2589\/revisions\/2591"}],"wp:featuredmedia":[{"embeddable":true,"href":"https:\/\/www.paranapraia.com.br\/index.php\/wp-json\/wp\/v2\/media\/2590"}],"wp:attachment":[{"href":"https:\/\/www.paranapraia.com.br\/index.php\/wp-json\/wp\/v2\/media?parent=2589"}],"wp:term":[{"taxonomy":"category","embeddable":true,"href":"https:\/\/www.paranapraia.com.br\/index.php\/wp-json\/wp\/v2\/categories?post=2589"},{"taxonomy":"post_tag","embeddable":true,"href":"https:\/\/www.paranapraia.com.br\/index.php\/wp-json\/wp\/v2\/tags?post=2589"}],"curies":[{"name":"wp","href":"https:\/\/api.w.org\/{rel}","templated":true}]}}