{"id":2577,"date":"2019-03-26T12:41:26","date_gmt":"2019-03-26T15:41:26","guid":{"rendered":"https:\/\/www.paranapraia.com.br\/?p=2577"},"modified":"2019-03-26T14:45:42","modified_gmt":"2019-03-26T17:45:42","slug":"homem-e-executado-com-tiros-de-fuzil-e-pistola-9mm-ao-chegar-em-casa-com-carro-de-luxo-2","status":"publish","type":"post","link":"https:\/\/www.paranapraia.com.br\/index.php\/2019\/03\/26\/homem-e-executado-com-tiros-de-fuzil-e-pistola-9mm-ao-chegar-em-casa-com-carro-de-luxo-2\/","title":{"rendered":"Homem \u00e9 executado com tiros de fuzil e pistola 9mm ao chegar em casa com carro de luxo"},"content":{"rendered":"\n<p>Uma emboscada. \u00c9 assim&nbsp;que os policiais da Divis\u00e3o de Homic\u00eddios e Prote\u00e7\u00e3o \u00e0 Pessoa (DHPP) est\u00e3o tratando a morte de um homem identificado apenas como Reginaldo, na manh\u00e3 desta segunda-feira (25). O crime aconteceu no momento em que ele chegava em casa, no cruzamento das ruas Ant\u00f4nio Andriguetto com Am\u00e9rica da Costa Sab\u00f3ia, no bairro Uberaba, em Curitiba. Para a pol\u00edcia, o crime se trata de uma queima de arquivo. <\/p>\n\n\n\n<p>Conforme o delegado Tito Barichello, toda a a\u00e7\u00e3o dos atiradores foi registrada por c\u00e2meras de seguran\u00e7a. \u201cAs imagens v\u00e3o nos ajudar muito nas investiga\u00e7\u00f5es. O v\u00eddeo mostra um Peugeot branco parando e dele descendo pessoas encapuzadas, fortemente armadas\u201d, detalhou.<\/p>\n\n\n\n<p>Reginaldo tinha acabado de parar o carro, um Jeep Compass, no port\u00e3o de casa quando os atiradores lhe abordaram. \u201cEles usavam pelo menos um fuzil calibre 556 e uma pistola 9 mil\u00edmetros. Foram realmente com o objetivo de voltar com a certeza de que matariam o homem\u201d, disse o delegado.<\/p>\n\n\n\n<p> Apuraram que Reginaldo estaria ligado a algum tipo de atividade criminosa, mas o delegado que atendeu ao local do crime preferiu n\u00e3o confirmar a informa\u00e7\u00e3o. \u201cComo foi recente, prefiro investigar todos os detalhes, para chegarmos \u00e0 motiva\u00e7\u00e3o do crime e, principalmente, aos autores. Apesar disso, j\u00e1 temos a certeza de que foi uma queima de arquivo\u201d, explicou Tito Barichello. Den\u00fancias que possam ajudar a DHPP podem ser feitas pelo telefone 0800-643-1121. <\/p>\n\n\n\n<figure class=\"wp-block-image\"><img loading=\"lazy\" decoding=\"async\" width=\"800\" height=\"800\" src=\"https:\/\/www.paranapraia.com.br\/wp-content\/uploads\/2019\/03\/Karranka-1.jpg\" alt=\"\" class=\"wp-image-2630\" srcset=\"https:\/\/www.paranapraia.com.br\/wp-content\/uploads\/2019\/03\/Karranka-1.jpg 800w, https:\/\/www.paranapraia.com.br\/wp-content\/uploads\/2019\/03\/Karranka-1-150x150.jpg 150w, https:\/\/www.paranapraia.com.br\/wp-content\/uploads\/2019\/03\/Karranka-1-300x300.jpg 300w, https:\/\/www.paranapraia.com.br\/wp-content\/uploads\/2019\/03\/Karranka-1-768x768.jpg 768w, https:\/\/www.paranapraia.com.br\/wp-content\/uploads\/2019\/03\/Karranka-1-696x696.jpg 696w, https:\/\/www.paranapraia.com.br\/wp-content\/uploads\/2019\/03\/Karranka-1-420x420.jpg 420w\" sizes=\"(max-width: 800px) 100vw, 800px\" \/><\/figure>\n","protected":false},"excerpt":{"rendered":"<p>Uma emboscada. \u00c9 assim&nbsp;que os policiais da Divis\u00e3o de Homic\u00eddios e Prote\u00e7\u00e3o \u00e0 Pessoa (DHPP) est\u00e3o tratando a morte de um homem identificado apenas como Reginaldo, na manh\u00e3 desta segunda-feira (25). O crime aconteceu no momento em que ele chegava em casa, no cruzamento das ruas Ant\u00f4nio Andriguetto com Am\u00e9rica da Costa Sab\u00f3ia, no bairro [&hellip;]<\/p>\n","protected":false},"author":2,"featured_media":2578,"comment_status":"open","ping_status":"open","sticky":false,"template":"","format":"standard","meta":{"advanced_seo_description":"","jetpack_seo_html_title":"","jetpack_seo_noindex":false,"_jetpack_memberships_contains_paid_content":false,"footnotes":""},"categories":[40,33],"tags":[],"class_list":{"0":"post-2577","1":"post","2":"type-post","3":"status-publish","4":"format-standard","5":"has-post-thumbnail","7":"category-destaques","8":"category-policia"},"jetpack_featured_media_url":"https:\/\/www.paranapraia.com.br\/wp-content\/uploads\/2019\/03\/homi-1.jpg","jetpack_sharing_enabled":true,"_links":{"self":[{"href":"https:\/\/www.paranapraia.com.br\/index.php\/wp-json\/wp\/v2\/posts\/2577"}],"collection":[{"href":"https:\/\/www.paranapraia.com.br\/index.php\/wp-json\/wp\/v2\/posts"}],"about":[{"href":"https:\/\/www.paranapraia.com.br\/index.php\/wp-json\/wp\/v2\/types\/post"}],"author":[{"embeddable":true,"href":"https:\/\/www.paranapraia.com.br\/index.php\/wp-json\/wp\/v2\/users\/2"}],"replies":[{"embeddable":true,"href":"https:\/\/www.paranapraia.com.br\/index.php\/wp-json\/wp\/v2\/comments?post=2577"}],"version-history":[{"count":2,"href":"https:\/\/www.paranapraia.com.br\/index.php\/wp-json\/wp\/v2\/posts\/2577\/revisions"}],"predecessor-version":[{"id":2631,"href":"https:\/\/www.paranapraia.com.br\/index.php\/wp-json\/wp\/v2\/posts\/2577\/revisions\/2631"}],"wp:featuredmedia":[{"embeddable":true,"href":"https:\/\/www.paranapraia.com.br\/index.php\/wp-json\/wp\/v2\/media\/2578"}],"wp:attachment":[{"href":"https:\/\/www.paranapraia.com.br\/index.php\/wp-json\/wp\/v2\/media?parent=2577"}],"wp:term":[{"taxonomy":"category","embeddable":true,"href":"https:\/\/www.paranapraia.com.br\/index.php\/wp-json\/wp\/v2\/categories?post=2577"},{"taxonomy":"post_tag","embeddable":true,"href":"https:\/\/www.paranapraia.com.br\/index.php\/wp-json\/wp\/v2\/tags?post=2577"}],"curies":[{"name":"wp","href":"https:\/\/api.w.org\/{rel}","templated":true}]}}