{"id":25722,"date":"2020-02-12T21:34:27","date_gmt":"2020-02-13T00:34:27","guid":{"rendered":"https:\/\/www.paranapraia.com.br\/?p=25722"},"modified":"2020-02-12T21:34:29","modified_gmt":"2020-02-13T00:34:29","slug":"mortes-de-macacos-por-febre-amarela-aumentam-para-53-no-parana-diz-secretaria","status":"publish","type":"post","link":"https:\/\/www.paranapraia.com.br\/index.php\/2020\/02\/12\/mortes-de-macacos-por-febre-amarela-aumentam-para-53-no-parana-diz-secretaria\/","title":{"rendered":"Mortes de macacos por febre amarela aumentam para 53 no Paran\u00e1, diz secretaria"},"content":{"rendered":"\n<h4 class=\"wp-block-heading\">Foram cinco mortes confirmadas em uma semana, conforme o boletim divulgado nesta quarta-feira (12); n\u00e3o h\u00e1 casos confirmados em humanos no estado.<\/h4>\n\n\n\n<p>O n\u00famero de mortes de macacos por febre amarela no Paran\u00e1 cresceu para 53, de acordo com o boletim da Secretaria de Estado da Sa\u00fade (Sesa) divulgado nesta quarta-feira (12). Em uma semana, houve aumento de cinco confirma\u00e7\u00f5es de mortes.<\/p>\n\n\n\n<p>As ocorr\u00eancias s\u00e3o desde julho do ano passado. Nesse per\u00edodo, segundo o boletim, n\u00e3o h\u00e1 casos confirmados da doen\u00e7a em humanos, mas h\u00e1 19 suspeitas em investiga\u00e7\u00e3o. Outras 60 foram descartadas.<\/p>\n\n\n\n<p>Por\u00e9m, conforme a Sesa, as mortes de macacos indicam que o v\u00edrus est\u00e1 em circula\u00e7\u00e3o nos locais onde ocorreram.<\/p>\n\n\n\n<p>\u201c\u00c9 importante ressaltarmos sempre que o macaco n\u00e3o transmite febre amarela; da mesma forma que o homem, ele \u00e9 infectado pela picada do mosquito contaminado\u201d, explicou o secret\u00e1rio da Sa\u00fade, Beto Preto.<\/p>\n\n\n\n<p>Nesta semana, as mortes confirmadas ocorreram em S\u00e3o Jo\u00e3o do Triunfo, no sul do estado, que passou de um para cinco casos. A outra confirma\u00e7\u00e3o foi em Castro, nos Campos Gerais, que chegou a 12 mortes de macacos por febre amarela.<\/p>\n\n\n\n<h2 class=\"wp-block-heading\">Mortes de macacos por cidade:<\/h2>\n\n\n\n<ul class=\"wp-block-list\"><li>Castro: 12<\/li><li>Ponta Grossa: 8<\/li><li>S\u00e3o Jo\u00e3o do Triunfo e Lapa: 5<\/li><li>Ipiranga, Pira\u00ed do Sul, Teixeira Soares, Ant\u00f4nio Olinto, Sapopema e C\u00e2ndido Abreu: 2<\/li><li>Arauc\u00e1ria, Balsa Nova, Mandirituba, Pi\u00ean, Quatro Barras, Rio Negro, Palmeira, Imbituva, Mallet, S\u00e3o Mateus do Sul e Prudent\u00f3polis: 1<\/li><\/ul>\n\n\n\n<h2 class=\"wp-block-heading\">Vacina\u00e7\u00e3o<\/h2>\n\n\n\n<p>A vacina contra a febre amarela, que \u00e9 a forma mais eficaz de se proteger, est\u00e1 dispon\u00edvel nas Unidades B\u00e1sicas de Sa\u00fade (UBSs).<\/p>\n\n\n\n<p>O p\u00fablico-alvo para vacina\u00e7\u00e3o da febre amarela \u00e9 dos nove meses at\u00e9 59 anos. Desde 2018, todos os munic\u00edpios do estado passaram a ser \u00e1rea com recomenda\u00e7\u00e3o vacinal contra a febre amarela.<\/p>\n\n\n\n<p>Em janeiro deste ano, o Minist\u00e9rio da Sa\u00fade recomendou o refor\u00e7o vacinal para as crian\u00e7as aos quatro anos de idade.<\/p>\n\n\n\n<p>G1PR<br><\/p>\n","protected":false},"excerpt":{"rendered":"<p>Foram cinco mortes confirmadas em uma semana, conforme o boletim divulgado nesta quarta-feira (12); n\u00e3o h\u00e1 casos confirmados em humanos no estado. O n\u00famero de mortes de macacos por febre amarela no Paran\u00e1 cresceu para 53, de acordo com o boletim da Secretaria de Estado da Sa\u00fade (Sesa) divulgado nesta quarta-feira (12). Em uma semana, [&hellip;]<\/p>\n","protected":false},"author":2,"featured_media":25723,"comment_status":"open","ping_status":"open","sticky":false,"template":"","format":"standard","meta":{"advanced_seo_description":"","jetpack_seo_html_title":"","jetpack_seo_noindex":false,"_jetpack_memberships_contains_paid_content":false,"footnotes":""},"categories":[50],"tags":[],"class_list":{"0":"post-25722","1":"post","2":"type-post","3":"status-publish","4":"format-standard","5":"has-post-thumbnail","7":"category-saude"},"jetpack_featured_media_url":"https:\/\/www.paranapraia.com.br\/wp-content\/uploads\/2020\/02\/vacina2.jpg","jetpack_sharing_enabled":true,"_links":{"self":[{"href":"https:\/\/www.paranapraia.com.br\/index.php\/wp-json\/wp\/v2\/posts\/25722"}],"collection":[{"href":"https:\/\/www.paranapraia.com.br\/index.php\/wp-json\/wp\/v2\/posts"}],"about":[{"href":"https:\/\/www.paranapraia.com.br\/index.php\/wp-json\/wp\/v2\/types\/post"}],"author":[{"embeddable":true,"href":"https:\/\/www.paranapraia.com.br\/index.php\/wp-json\/wp\/v2\/users\/2"}],"replies":[{"embeddable":true,"href":"https:\/\/www.paranapraia.com.br\/index.php\/wp-json\/wp\/v2\/comments?post=25722"}],"version-history":[{"count":1,"href":"https:\/\/www.paranapraia.com.br\/index.php\/wp-json\/wp\/v2\/posts\/25722\/revisions"}],"predecessor-version":[{"id":25724,"href":"https:\/\/www.paranapraia.com.br\/index.php\/wp-json\/wp\/v2\/posts\/25722\/revisions\/25724"}],"wp:featuredmedia":[{"embeddable":true,"href":"https:\/\/www.paranapraia.com.br\/index.php\/wp-json\/wp\/v2\/media\/25723"}],"wp:attachment":[{"href":"https:\/\/www.paranapraia.com.br\/index.php\/wp-json\/wp\/v2\/media?parent=25722"}],"wp:term":[{"taxonomy":"category","embeddable":true,"href":"https:\/\/www.paranapraia.com.br\/index.php\/wp-json\/wp\/v2\/categories?post=25722"},{"taxonomy":"post_tag","embeddable":true,"href":"https:\/\/www.paranapraia.com.br\/index.php\/wp-json\/wp\/v2\/tags?post=25722"}],"curies":[{"name":"wp","href":"https:\/\/api.w.org\/{rel}","templated":true}]}}