{"id":25718,"date":"2020-02-12T21:30:42","date_gmt":"2020-02-13T00:30:42","guid":{"rendered":"https:\/\/www.paranapraia.com.br\/?p=25718"},"modified":"2020-02-12T21:32:26","modified_gmt":"2020-02-13T00:32:26","slug":"passageira-denuncia-motorista-de-aplicativo-por-enviar-audios-racistas-depois-de-corrida-cancelada-diz-policia","status":"publish","type":"post","link":"https:\/\/www.paranapraia.com.br\/index.php\/2020\/02\/12\/passageira-denuncia-motorista-de-aplicativo-por-enviar-audios-racistas-depois-de-corrida-cancelada-diz-policia\/","title":{"rendered":"Passageira denuncia motorista de aplicativo por enviar \u00e1udios racistas depois de corrida cancelada, diz pol\u00edcia"},"content":{"rendered":"\n<h4 class=\"wp-block-heading\">Motorista conseguiu o telefone da mulher no pr\u00f3prio aplicativo, que mostra o n\u00famero do celular dos usu\u00e1rios; Pol\u00edcia Civil abriu um inqu\u00e9rito para investigar os \u00e1udios enviados pelo homem.<\/h4>\n\n\n\n<p>Uma mulher afirmou ter sido v\u00edtima de inj\u00faria racial de um motorista do aplicativo de carona inDriver, em Curitiba. A Pol\u00edcia Civil abriu um inqu\u00e9rito para investigar os \u00e1udios enviados pelo homem.\u00a0<\/p>\n\n\n\n<p>O motorista conseguiu o telefone da passageira no pr\u00f3prio aplicativo, que mostra o n\u00famero do celular dos usu\u00e1rios.<\/p>\n\n\n\n<p>A mulher, que \u00e9 negra, afirma que pediu um carro no aplicativo, na segunda-feira (10), e que cancelou a corrida por conta da demora do motorista. No boletim de ocorr\u00eancia, a mulher disse que, depois disso, come\u00e7ou a receber os \u00e1udios.<\/p>\n\n\n\n<blockquote class=\"wp-block-quote is-layout-flow wp-block-quote-is-layout-flow\"><p>&#8220;Por que voc\u00ea pede o carro se n\u00e3o precisa, sua filha da p***? Preta do c***. Gente como voc\u00ea a gente trata como verme. Teu endere\u00e7o, eu sei qual \u00e9, t\u00e1? Eu sei os dois endere\u00e7os que voc\u00ea colocou. A gente se cruza a\u00ed, sua a***, sua preta do inferno&#8221;, diz trecho do \u00e1udio.<\/p><\/blockquote>\n\n\n\n<p>Ao todo, s\u00e3o quatro \u00e1udios que, juntos, duram pouco mais de um minuto. Em outro trecho, o motorista afirma que vai mandar a foto da passageira para outros motoristas.<\/p>\n\n\n\n<blockquote class=\"wp-block-quote is-layout-flow wp-block-quote-is-layout-flow\"><p>&#8220;Tua fotinho vai para o grupo dos motoristas aqui, para quando aparecer a sua cara na solicita\u00e7\u00e3o, a gente bloquear. Vai arrumar o que fazer, escrava do c***&#8221;, diz o homem.<\/p><\/blockquote>\n\n\n\n<p>Conforme a Pol\u00edcia Civil, o motorista est\u00e1 sendo procurado para prestar esclarecimentos e pode responder por amea\u00e7a e inj\u00faria racial.<\/p>\n\n\n\n<p>&#8220;Ser\u00e1 encaminhado esse material das ofensas para a per\u00edcia. O motorista desse aplicativo, que j\u00e1 foi identificado por n\u00f3s, ser\u00e1 intimado e formalmente interrogado&#8221;, explica o delegado Cassiano Aufiero.<br><\/p>\n\n\n\n<p>G1PR<\/p>\n","protected":false},"excerpt":{"rendered":"<p>Motorista conseguiu o telefone da mulher no pr\u00f3prio aplicativo, que mostra o n\u00famero do celular dos usu\u00e1rios; Pol\u00edcia Civil abriu um inqu\u00e9rito para investigar os \u00e1udios enviados pelo homem. Uma mulher afirmou ter sido v\u00edtima de inj\u00faria racial de um motorista do aplicativo de carona inDriver, em Curitiba. A Pol\u00edcia Civil abriu um inqu\u00e9rito para [&hellip;]<\/p>\n","protected":false},"author":2,"featured_media":25719,"comment_status":"open","ping_status":"open","sticky":false,"template":"","format":"standard","meta":{"advanced_seo_description":"","jetpack_seo_html_title":"","jetpack_seo_noindex":false,"_jetpack_memberships_contains_paid_content":false,"footnotes":""},"categories":[40],"tags":[],"class_list":{"0":"post-25718","1":"post","2":"type-post","3":"status-publish","4":"format-standard","5":"has-post-thumbnail","7":"category-destaques"},"jetpack_featured_media_url":"https:\/\/www.paranapraia.com.br\/wp-content\/uploads\/2020\/02\/indriver.jpg","jetpack_sharing_enabled":true,"_links":{"self":[{"href":"https:\/\/www.paranapraia.com.br\/index.php\/wp-json\/wp\/v2\/posts\/25718"}],"collection":[{"href":"https:\/\/www.paranapraia.com.br\/index.php\/wp-json\/wp\/v2\/posts"}],"about":[{"href":"https:\/\/www.paranapraia.com.br\/index.php\/wp-json\/wp\/v2\/types\/post"}],"author":[{"embeddable":true,"href":"https:\/\/www.paranapraia.com.br\/index.php\/wp-json\/wp\/v2\/users\/2"}],"replies":[{"embeddable":true,"href":"https:\/\/www.paranapraia.com.br\/index.php\/wp-json\/wp\/v2\/comments?post=25718"}],"version-history":[{"count":2,"href":"https:\/\/www.paranapraia.com.br\/index.php\/wp-json\/wp\/v2\/posts\/25718\/revisions"}],"predecessor-version":[{"id":25721,"href":"https:\/\/www.paranapraia.com.br\/index.php\/wp-json\/wp\/v2\/posts\/25718\/revisions\/25721"}],"wp:featuredmedia":[{"embeddable":true,"href":"https:\/\/www.paranapraia.com.br\/index.php\/wp-json\/wp\/v2\/media\/25719"}],"wp:attachment":[{"href":"https:\/\/www.paranapraia.com.br\/index.php\/wp-json\/wp\/v2\/media?parent=25718"}],"wp:term":[{"taxonomy":"category","embeddable":true,"href":"https:\/\/www.paranapraia.com.br\/index.php\/wp-json\/wp\/v2\/categories?post=25718"},{"taxonomy":"post_tag","embeddable":true,"href":"https:\/\/www.paranapraia.com.br\/index.php\/wp-json\/wp\/v2\/tags?post=25718"}],"curies":[{"name":"wp","href":"https:\/\/api.w.org\/{rel}","templated":true}]}}