{"id":2570,"date":"2019-03-26T10:12:28","date_gmt":"2019-03-26T13:12:28","guid":{"rendered":"https:\/\/www.paranapraia.com.br\/?p=2570"},"modified":"2019-03-26T10:12:38","modified_gmt":"2019-03-26T13:12:38","slug":"mais-uma-reuniao-do-conselho-de-seguranca-foi-realizada","status":"publish","type":"post","link":"https:\/\/www.paranapraia.com.br\/index.php\/2019\/03\/26\/mais-uma-reuniao-do-conselho-de-seguranca-foi-realizada\/","title":{"rendered":"Mais uma reuni\u00e3o do Conselho de Seguran\u00e7a foi realizada"},"content":{"rendered":"\n<p> O quartel da Pol\u00edcia Militar, em Praia de Leste recebeu mais uma reuni\u00e3o do Conselho Comunit\u00e1rio de Seguran\u00e7a \u2013 Conseg, nesta segunda-feira (25).<\/p>\n\n\n\n<p>Mais uma vez as for\u00e7as de seguran\u00e7a do munic\u00edpio estiveram unidas para debaterem diversas pautas, entre elas a apresenta\u00e7\u00e3o do sistema de monitoramento implantado pela Prefeitura de Pontal do Paran\u00e1, a novidade \u00e9 que o munic\u00edpio conta com C\u00e2meras OCR, que registram a leitura das placas dos ve\u00edculos, tamb\u00e9m foi discutido o processo de cria\u00e7\u00e3o da terceira companhia em Pontal do Paran\u00e1, que pode aumentar consideravelmente o efetivo da Pol\u00edcia Militar.<\/p>\n\n\n\n<p>A reuni\u00e3o, mediada pelo presidente Roberto Stelmacki, contou com a presen\u00e7a do Coronel Marcos Rodrigues &#8211; Comandante do 9\u00b0 Batalh\u00e3o, delegado de Pol\u00edcia Civil &#8211; Dr.L\u00facio Lugli, comandante da Guarda Municipal \u2013 Sub. Jacques, Secret\u00e1rio Municipal de Seguran\u00e7a &#8211; Coronel Nem\u00e9sio Xavier e do Deputado Estadual Rubens Recalcatti, al\u00e9m da dire\u00e7\u00e3o dos Conselhos de Matinhos e Paranagu\u00e1.<\/p>\n\n\n\n<p>O Secret\u00e1rio Xavier ressaltou a participa\u00e7\u00e3o da comunidade: \u201cForam explanados diversos temas relacionados \u00e0 seguran\u00e7a da popula\u00e7\u00e3o, \u00e9 interessante essa uni\u00e3o das for\u00e7as policiais em prol dos mun\u00edcipes.\u201d<\/p>\n\n\n\n<p>O prefeito Marcos Casquinha tamb\u00e9m comentou sobre a reuni\u00e3o: \u201cMais uma oportunidade de discutir diversos assuntos que interessam ao Pontalense, agradecemos o desempenho dos nossos \u00f3rg\u00e3os de seguran\u00e7a e da participa\u00e7\u00e3o da comunidade.\u201d <\/p>\n\n\n\n<p>Assessoria<\/p>\n","protected":false},"excerpt":{"rendered":"<p>O quartel da Pol\u00edcia Militar, em Praia de Leste recebeu mais uma reuni\u00e3o do Conselho Comunit\u00e1rio de Seguran\u00e7a \u2013 Conseg, nesta segunda-feira (25). Mais uma vez as for\u00e7as de seguran\u00e7a do munic\u00edpio estiveram unidas para debaterem diversas pautas, entre elas a apresenta\u00e7\u00e3o do sistema de monitoramento implantado pela Prefeitura de Pontal do Paran\u00e1, a novidade [&hellip;]<\/p>\n","protected":false},"author":2,"featured_media":2571,"comment_status":"open","ping_status":"open","sticky":false,"template":"","format":"standard","meta":{"advanced_seo_description":"","jetpack_seo_html_title":"","jetpack_seo_noindex":false,"_jetpack_memberships_contains_paid_content":false,"footnotes":""},"categories":[40],"tags":[],"class_list":{"0":"post-2570","1":"post","2":"type-post","3":"status-publish","4":"format-standard","5":"has-post-thumbnail","7":"category-destaques"},"jetpack_featured_media_url":"https:\/\/www.paranapraia.com.br\/wp-content\/uploads\/2019\/03\/conseg.jpg","jetpack_sharing_enabled":true,"_links":{"self":[{"href":"https:\/\/www.paranapraia.com.br\/index.php\/wp-json\/wp\/v2\/posts\/2570"}],"collection":[{"href":"https:\/\/www.paranapraia.com.br\/index.php\/wp-json\/wp\/v2\/posts"}],"about":[{"href":"https:\/\/www.paranapraia.com.br\/index.php\/wp-json\/wp\/v2\/types\/post"}],"author":[{"embeddable":true,"href":"https:\/\/www.paranapraia.com.br\/index.php\/wp-json\/wp\/v2\/users\/2"}],"replies":[{"embeddable":true,"href":"https:\/\/www.paranapraia.com.br\/index.php\/wp-json\/wp\/v2\/comments?post=2570"}],"version-history":[{"count":1,"href":"https:\/\/www.paranapraia.com.br\/index.php\/wp-json\/wp\/v2\/posts\/2570\/revisions"}],"predecessor-version":[{"id":2572,"href":"https:\/\/www.paranapraia.com.br\/index.php\/wp-json\/wp\/v2\/posts\/2570\/revisions\/2572"}],"wp:featuredmedia":[{"embeddable":true,"href":"https:\/\/www.paranapraia.com.br\/index.php\/wp-json\/wp\/v2\/media\/2571"}],"wp:attachment":[{"href":"https:\/\/www.paranapraia.com.br\/index.php\/wp-json\/wp\/v2\/media?parent=2570"}],"wp:term":[{"taxonomy":"category","embeddable":true,"href":"https:\/\/www.paranapraia.com.br\/index.php\/wp-json\/wp\/v2\/categories?post=2570"},{"taxonomy":"post_tag","embeddable":true,"href":"https:\/\/www.paranapraia.com.br\/index.php\/wp-json\/wp\/v2\/tags?post=2570"}],"curies":[{"name":"wp","href":"https:\/\/api.w.org\/{rel}","templated":true}]}}