{"id":2562,"date":"2019-03-26T09:55:16","date_gmt":"2019-03-26T12:55:16","guid":{"rendered":"https:\/\/www.paranapraia.com.br\/?p=2562"},"modified":"2019-03-26T09:55:21","modified_gmt":"2019-03-26T12:55:21","slug":"estudantes-retomam-atividades-em-escola-de-suzano-13-dias-apos-ataques","status":"publish","type":"post","link":"https:\/\/www.paranapraia.com.br\/index.php\/2019\/03\/26\/estudantes-retomam-atividades-em-escola-de-suzano-13-dias-apos-ataques\/","title":{"rendered":"Estudantes retomam atividades em escola de Suzano 13 dias ap\u00f3s ataques"},"content":{"rendered":"\n<p>A partir desta ter\u00e7a-feira, 26, a&nbsp;<a href=\"http:\/\/agenciabrasil.ebc.com.br\/geral\/noticia\/2019-03\/tiroteio-em-escola-deixa-pelo-menos-oito-mortos-na-grande-sao-paulo\" target=\"_blank\" rel=\"noreferrer noopener\">Escola Estadual Raul Brasil&nbsp;<\/a>estar\u00e1 aberta para os estudantes em hor\u00e1rio regular, at\u00e9 as 18h, com atividades pedag\u00f3gicas de acolhimento. Eles ser\u00e3o recebidos com apresenta\u00e7\u00e3o da Orquestra Locomotiva, din\u00e2micas, leitura de cartas de apoio, exibi\u00e7\u00e3o e debate de filmes. De acordo com a Secretaria Estadual de Educa\u00e7\u00e3o, ainda n\u00e3o h\u00e1 data para o retorno das aulas. A medida ser\u00e1 definida pela dire\u00e7\u00e3o da escola a partir do trabalho com os alunos e professores nesta semana.<\/p>\n\n\n\n<p>As aulas foram suspensas no dia 13 deste m\u00eas, quando dois ex-alunos, de 17 e 25 anos, entraram na escola, encapuzados e armados, e promoveram um ataque que resultou, ao todo, na<a href=\"http:\/\/agenciabrasil.ebc.com.br\/geral\/noticia\/2019-03\/sobe-para-dez-numero-de-mortos-em-tiroteio-em-suzano\" target=\"_blank\" rel=\"noreferrer noopener\">&nbsp;morte de dez pessoas<\/a>&nbsp;\u2013 cinco estudantes e duas professoras. Os atiradores, que antes de invadir a escola mataram um empres\u00e1rio, tamb\u00e9m morreram na a\u00e7\u00e3o.<\/p>\n\n\n\n<p>As atividades de retorno estavam sendo planejadas por cerca de 50 professores e funcion\u00e1rios da escola desde a semana passada e foram&nbsp;<a href=\"http:\/\/agenciabrasil.ebc.com.br\/geral\/noticia\/2019-03\/professores-da-escola-raul-brasil-em-suzano-retornam-atividades\" target=\"_blank\" rel=\"noreferrer noopener\">finalizadas nessa segunda-feira (25)<\/a>. Eles contaram com o apoio da secretaria de Educa\u00e7\u00e3o e da equipe do Grupo de Estudos e Pesquisas em Educa\u00e7\u00e3o Moral (Gepem), que re\u00fane pesquisadores da Universidade Estadual de Campinas (Unicamp) e da Universidade Estadual Paulista (Unesp).<\/p>\n\n\n\n<p>Representantes de sala e do gr\u00eamio estudantil da escola \u2013 totalizando 19 alunos \u2013 participaram de um encontro nessa segunda para alinhar com a Diretoria de Ensino de Suzano e a Escola de Forma\u00e7\u00e3o de Professores da Secretaria Estadual de Educa\u00e7\u00e3o as pr\u00f3ximas a\u00e7\u00f5es na escola.<\/p>\n\n\n\n<p>Alunos e professores de outras escolas da cidade tamb\u00e9m estiveram na Raul Brasil pra prestar solidariedade. A Escola Estadual Inah Jacy de Castro Aguiar, por exemplo, enviou cartas de estudantes com mensagens de apoio. J\u00e1 os alunos e professores do Col\u00e9gio Nossa Senhora do Sagrado Cora\u00e7\u00e3o entregaram flores e cartazes para os professores atingidos pelo atentado.<\/p>\n\n\n\n<h2 class=\"wp-block-heading\">Acompanhamento<\/h2>\n\n\n\n<p>Ter\u00e3o continuidade nos pr\u00f3ximos dias, os atendimentos individuais e coletivos feitos por t\u00e9cnicos do Centro de Refer\u00eancia e Apoio \u00e0 V\u00edtima (Cravi), da Secretaria Estadual de Justi\u00e7a. Os acolhimentos de sa\u00fade mental ser\u00e3o oferecidos em todas as Unidades B\u00e1sicas de Sa\u00fade (UBS) e em quatro Centros de Apoio Psicossocial da prefeitura de Suzano. A secretaria de Educa\u00e7\u00e3o informou que est\u00e1 em tramita\u00e7\u00e3o um conv\u00eanio entre o governo estadual e a prefeitura para refor\u00e7ar esse atendimento.<\/p>\n\n\n\n<p>De acordo com a secretaria, diversas institui\u00e7\u00f5es se colocaram \u00e0 disposi\u00e7\u00e3o para contribuir tanto no \u00e2mbito pedag\u00f3gico quanto no suporte psicol\u00f3gico de alunos e funcion\u00e1rios. Al\u00e9m da prefeitura, do Caps, do Cravi, da Unicamp e da Unesp, estavam a Universidade Braz Cubas, a Universidade Cruzeiro do Sul; o Instituto de Psicologia da Universidade de S\u00e3o Paulo, a Subse\u00e7\u00e3o da Ordem dos Advogados do Brasil (OAB) em Suzano; a Neuroconecte; o Conselho Regional de Psicologia; a Defensoria P\u00fablica; e a Universidade Federal Mato Grosso do Sul (UFSM).<\/p>\n\n\n\n<p>Ag\u00eancia Brasil<\/p>\n","protected":false},"excerpt":{"rendered":"<p>A partir desta ter\u00e7a-feira, 26, a&nbsp;Escola Estadual Raul Brasil&nbsp;estar\u00e1 aberta para os estudantes em hor\u00e1rio regular, at\u00e9 as 18h, com atividades pedag\u00f3gicas de acolhimento. Eles ser\u00e3o recebidos com apresenta\u00e7\u00e3o da Orquestra Locomotiva, din\u00e2micas, leitura de cartas de apoio, exibi\u00e7\u00e3o e debate de filmes. De acordo com a Secretaria Estadual de Educa\u00e7\u00e3o, ainda n\u00e3o h\u00e1 data [&hellip;]<\/p>\n","protected":false},"author":2,"featured_media":2563,"comment_status":"open","ping_status":"open","sticky":false,"template":"","format":"standard","meta":{"advanced_seo_description":"","jetpack_seo_html_title":"","jetpack_seo_noindex":false,"_jetpack_memberships_contains_paid_content":false,"footnotes":""},"categories":[43],"tags":[],"class_list":{"0":"post-2562","1":"post","2":"type-post","3":"status-publish","4":"format-standard","5":"has-post-thumbnail","7":"category-cotidiano"},"jetpack_featured_media_url":"https:\/\/www.paranapraia.com.br\/wp-content\/uploads\/2019\/03\/abraco.jpg","jetpack_sharing_enabled":true,"_links":{"self":[{"href":"https:\/\/www.paranapraia.com.br\/index.php\/wp-json\/wp\/v2\/posts\/2562"}],"collection":[{"href":"https:\/\/www.paranapraia.com.br\/index.php\/wp-json\/wp\/v2\/posts"}],"about":[{"href":"https:\/\/www.paranapraia.com.br\/index.php\/wp-json\/wp\/v2\/types\/post"}],"author":[{"embeddable":true,"href":"https:\/\/www.paranapraia.com.br\/index.php\/wp-json\/wp\/v2\/users\/2"}],"replies":[{"embeddable":true,"href":"https:\/\/www.paranapraia.com.br\/index.php\/wp-json\/wp\/v2\/comments?post=2562"}],"version-history":[{"count":1,"href":"https:\/\/www.paranapraia.com.br\/index.php\/wp-json\/wp\/v2\/posts\/2562\/revisions"}],"predecessor-version":[{"id":2564,"href":"https:\/\/www.paranapraia.com.br\/index.php\/wp-json\/wp\/v2\/posts\/2562\/revisions\/2564"}],"wp:featuredmedia":[{"embeddable":true,"href":"https:\/\/www.paranapraia.com.br\/index.php\/wp-json\/wp\/v2\/media\/2563"}],"wp:attachment":[{"href":"https:\/\/www.paranapraia.com.br\/index.php\/wp-json\/wp\/v2\/media?parent=2562"}],"wp:term":[{"taxonomy":"category","embeddable":true,"href":"https:\/\/www.paranapraia.com.br\/index.php\/wp-json\/wp\/v2\/categories?post=2562"},{"taxonomy":"post_tag","embeddable":true,"href":"https:\/\/www.paranapraia.com.br\/index.php\/wp-json\/wp\/v2\/tags?post=2562"}],"curies":[{"name":"wp","href":"https:\/\/api.w.org\/{rel}","templated":true}]}}