{"id":25605,"date":"2020-01-30T16:04:52","date_gmt":"2020-01-30T19:04:52","guid":{"rendered":"https:\/\/www.paranapraia.com.br\/?p=25605"},"modified":"2020-01-30T16:04:54","modified_gmt":"2020-01-30T19:04:54","slug":"ong-pede-indenizacao-por-danos-morais-a-pit-bull-que-sofreu-maus-tratos","status":"publish","type":"post","link":"https:\/\/www.paranapraia.com.br\/index.php\/2020\/01\/30\/ong-pede-indenizacao-por-danos-morais-a-pit-bull-que-sofreu-maus-tratos\/","title":{"rendered":"ONG pede indeniza\u00e7\u00e3o por danos morais a pit bull que sofreu maus-tratos"},"content":{"rendered":"\n<h4 class=\"wp-block-heading\">&#8216;A gente precisa instigar o judici\u00e1rio a reconhecer os animais como sujeitos de direitos&#8217;, disse a advogada da ONG que resgatou Jack, em Cascavel, no oeste do Paran\u00e1. Pedido foi negado e organiza\u00e7\u00e3o deve recorrer.<\/h4>\n\n\n\n<p>A Organiza\u00e7\u00e3o N\u00e3o-Governamental (ONG) Sou Amigo, de Cascavel, no oeste do Paran\u00e1, colocou o pit bull Jack como autor de uma a\u00e7\u00e3o na Justi\u00e7a. No processo, a ONG pede indeniza\u00e7\u00e3o para o cachorro por danos morais, pois o c\u00e3o sofreu maus-tratos.<\/p>\n\n\n\n<p>De acordo com a advogada e presidente da ONG, Evelyne Paludo, o autor da a\u00e7\u00e3o \u00e9 o animal porque foi ele quem sofreu maus-tratos e n\u00e3o a ONG. A organiza\u00e7\u00e3o teve o pedido negado pela Justi\u00e7a e, segundo a advogada, ir\u00e1 recorrer.<\/p>\n\n\n\n<p>\u201cA gente precisa instigar o poder judici\u00e1rio a reconhecer os animais como sujeitos de direitos, porque a lei j\u00e1 consegue esse direito para eles. Os animais t\u00eam direito a uma vida digna e sem crueldade, isso est\u00e1 na nossa constitui\u00e7\u00e3o federal.&#8221;<\/p>\n\n\n\n<p>Na a\u00e7\u00e3o, a advogada que teve a ideia do processo, pediu a retrata\u00e7\u00e3o financeira de R$ 2,5 mil ao animal. O valor seria pelos custos do tratamento que Jack precisou fazer ap\u00f3s os maus-tratos.<\/p>\n\n\n\n<p>O pedido tamb\u00e9m inclui R$ 2 mil por danos morais, pelos maus-tratos que o cachorro sofreu. Al\u00e9m do pagamento de R$ 150 mensal pelo lar tempor\u00e1rio e de R$ 300 como pens\u00e3o, at\u00e9 Jack ser adotado.<\/p>\n\n\n\n<h2 class=\"wp-block-heading\">Maus-tratos<\/h2>\n\n\n\n<p>Segundo a equipe de resgate da Sou Amigo, o pit bull ficava amarrado com uma corrente curta, sem alimenta\u00e7\u00e3o.<\/p>\n\n\n\n<p>O cachorro estava 13 quilos mais magro, com febre, infec\u00e7\u00e3o bacteriana e um grande machucado na ponta do rabo, que ele batia no concreto por falta de espa\u00e7o pra se movimentar, conforme a ONG.<\/p>\n\n\n\n<p>De acordo com a advogada, Jack era agressivo antes de ser resgatado pela ONG e ir para a cl\u00ednica veterin\u00e1ria.<\/p>\n\n\n\n<figure class=\"wp-block-image\"><img decoding=\"async\" src=\"https:\/\/s2.glbimg.com\/sVKqkjsYzUdchXCn5Zz649HZwow=\/0x0:1920x1080\/984x0\/smart\/filters:strip_icc()\/i.s3.glbimg.com\/v1\/AUTH_59edd422c0c84a879bd37670ae4f538a\/internal_photos\/bs\/2020\/Y\/g\/QBfWjoS1KkAt2tQac2hQ\/pit-bull-1-.png\" alt=\"Segundo a ONG Sou Anjo, o animal ficava preso sem espa\u00e7o para se locomover e sem comida \u2014 Foto: RPC Cascavel\/Reprodu\u00e7\u00e3o\"\/><\/figure>\n\n\n\n<p>Segundo a ONG Sou Anjo, o animal ficava preso sem espa\u00e7o para se locomover e sem comida \u2014 Foto: RPC Cascavel\/Reprodu\u00e7\u00e3o<\/p>\n\n\n\n<h2 class=\"wp-block-heading\">Decis\u00e3o<\/h2>\n\n\n\n<p>A advogada de Jack disse que, na segunda-feira (27), a organiza\u00e7\u00e3o recebeu a informa\u00e7\u00e3o de que o pedido feito com a autoria do c\u00e3o foi negado pela Justi\u00e7a.<\/p>\n\n\n\n<p>Na decis\u00e3o, a ju\u00edza Gabrielle Britto de Oliveira, da 4\u00aa Vara C\u00edvel de Cascavel, disse que n\u00e3o h\u00e1 como reconhecer a capacidade de Jack, em nome pr\u00f3prio, para formular o requerimento em ju\u00edzo.<\/p>\n\n\n\n<p>A decis\u00e3o tamb\u00e9m informou que a ONG deve ser a autora da a\u00e7\u00e3o, porque \u00e9 ela que deve ser ressarcida de eventual dano material, pois pagou os custos do tratamento do cachorro.<\/p>\n\n\n\n<p>A ju\u00edza ainda argumentou que n\u00e3o se pode acreditar &#8220;que o pr\u00f3prio cachorro tenha ido at\u00e9 a cl\u00ednica e farm\u00e1cia, contra\u00eddo d\u00e9bitos para seu tratamento em nome pr\u00f3prio, raz\u00e3o pela qual n\u00e3o pode por si pleitear ressarcimento. Basta olhar em nome de quem foram emitidas as notas fiscais&#8221;, como citou na decis\u00e3o<\/p>\n\n\n\n<figure class=\"wp-block-image\"><img decoding=\"async\" src=\"https:\/\/s2.glbimg.com\/4NKLeKDNyNFZ4mFi7FpM7Jvy2aA=\/0x0:1920x1080\/984x0\/smart\/filters:strip_icc()\/i.s3.glbimg.com\/v1\/AUTH_59edd422c0c84a879bd37670ae4f538a\/internal_photos\/bs\/2020\/S\/4\/6TfYyyRASL9FU78sVAzw\/pit-bull-3-.png\" alt=\"Conforme a Justi\u00e7a, a advogada deve representar o c\u00e3o e ter o nome na a\u00e7\u00e3o \u2014 Foto: RPC Cascavel\/Reprodu\u00e7\u00e3o\"\/><\/figure>\n\n\n\n<p>Conforme a Justi\u00e7a, a advogada deve representar o c\u00e3o e ter o nome na a\u00e7\u00e3o \u2014 Foto: RPC Cascavel\/Reprodu\u00e7\u00e3o<\/p>\n\n\n\n<p>Segundo a decis\u00e3o, a advogada da ONG dever\u00e1 adequar a a\u00e7\u00e3o, trocando o nome de Jack pelo dela, como representante da organiza\u00e7\u00e3o. Entretanto, a advogada disse que ir\u00e1 recorrer.<\/p>\n\n\n\n<p>\u201cA inten\u00e7\u00e3o n\u00e3o \u00e9 que a ONG seja reparada dos danos que sofreu, porque a ONG n\u00e3o sofreu dano nenhum, quem sofreu esse dano foi o animal. Por isso, \u00e9 ele que tem o direito de buscar o judici\u00e1rio. N\u00f3s vamos buscar ao m\u00e1ximo que o judici\u00e1rio reconhe\u00e7a esse direito.\u201d<\/p>\n\n\n\n<p>De acordo com o juiz federal de Curitiba e especialista em direito animal Vicente de Paula Ata\u00edde J\u00fanior, o sofrimento do animal \u00e9 real e, por isso, defende que eles t\u00eam direitos garantidos pela constitui\u00e7\u00e3o.<\/p>\n\n\n\n<p>\u201cOs animais podem ir \u00e0 Justi\u00e7a para proteger seus direitos fundamentais catalogados em lei&#8221;, disse o juiz.<\/p>\n\n\n\n<p>Dessa forma, para J\u00fanior, os animais podem ser autores de a\u00e7\u00f5es judiciais, como beb\u00eas e pessoas incapazes.<\/p>\n\n\n\n<figure class=\"wp-block-image\"><img decoding=\"async\" src=\"https:\/\/s2.glbimg.com\/o7z6AfJEATtjaB6In1VOxtCvqNY=\/0x0:1920x1080\/984x0\/smart\/filters:strip_icc()\/i.s3.glbimg.com\/v1\/AUTH_59edd422c0c84a879bd37670ae4f538a\/internal_photos\/bs\/2020\/K\/n\/BF35H8S2uuj3yAsmDZhw\/pit-bull-2-.png\" alt=\"Jack est\u00e1 em uma cl\u00ednica veterin\u00e1ria, aguardando ser adotado  \u2014 Foto: Argeu Almeida\/RPC\"\/><\/figure>\n\n\n\n<p>Jack est\u00e1 em uma cl\u00ednica veterin\u00e1ria, aguardando ser adotado \u2014 Foto: Argeu Almeida\/RPC<\/p>\n\n\n\n<p>G1PR<br><\/p>\n","protected":false},"excerpt":{"rendered":"<p>&#8216;A gente precisa instigar o judici\u00e1rio a reconhecer os animais como sujeitos de direitos&#8217;, disse a advogada da ONG que resgatou Jack, em Cascavel, no oeste do Paran\u00e1. Pedido foi negado e organiza\u00e7\u00e3o deve recorrer. A Organiza\u00e7\u00e3o N\u00e3o-Governamental (ONG) Sou Amigo, de Cascavel, no oeste do Paran\u00e1, colocou o pit bull Jack como autor de [&hellip;]<\/p>\n","protected":false},"author":2,"featured_media":25608,"comment_status":"open","ping_status":"open","sticky":false,"template":"","format":"standard","meta":{"advanced_seo_description":"","jetpack_seo_html_title":"","jetpack_seo_noindex":false,"_jetpack_memberships_contains_paid_content":false,"footnotes":""},"categories":[40],"tags":[],"class_list":{"0":"post-25605","1":"post","2":"type-post","3":"status-publish","4":"format-standard","5":"has-post-thumbnail","7":"category-destaques"},"jetpack_featured_media_url":"https:\/\/www.paranapraia.com.br\/wp-content\/uploads\/2020\/01\/pit-bull-4-.jpg","jetpack_sharing_enabled":true,"_links":{"self":[{"href":"https:\/\/www.paranapraia.com.br\/index.php\/wp-json\/wp\/v2\/posts\/25605"}],"collection":[{"href":"https:\/\/www.paranapraia.com.br\/index.php\/wp-json\/wp\/v2\/posts"}],"about":[{"href":"https:\/\/www.paranapraia.com.br\/index.php\/wp-json\/wp\/v2\/types\/post"}],"author":[{"embeddable":true,"href":"https:\/\/www.paranapraia.com.br\/index.php\/wp-json\/wp\/v2\/users\/2"}],"replies":[{"embeddable":true,"href":"https:\/\/www.paranapraia.com.br\/index.php\/wp-json\/wp\/v2\/comments?post=25605"}],"version-history":[{"count":1,"href":"https:\/\/www.paranapraia.com.br\/index.php\/wp-json\/wp\/v2\/posts\/25605\/revisions"}],"predecessor-version":[{"id":25609,"href":"https:\/\/www.paranapraia.com.br\/index.php\/wp-json\/wp\/v2\/posts\/25605\/revisions\/25609"}],"wp:featuredmedia":[{"embeddable":true,"href":"https:\/\/www.paranapraia.com.br\/index.php\/wp-json\/wp\/v2\/media\/25608"}],"wp:attachment":[{"href":"https:\/\/www.paranapraia.com.br\/index.php\/wp-json\/wp\/v2\/media?parent=25605"}],"wp:term":[{"taxonomy":"category","embeddable":true,"href":"https:\/\/www.paranapraia.com.br\/index.php\/wp-json\/wp\/v2\/categories?post=25605"},{"taxonomy":"post_tag","embeddable":true,"href":"https:\/\/www.paranapraia.com.br\/index.php\/wp-json\/wp\/v2\/tags?post=25605"}],"curies":[{"name":"wp","href":"https:\/\/api.w.org\/{rel}","templated":true}]}}