{"id":25602,"date":"2020-01-30T15:59:04","date_gmt":"2020-01-30T18:59:04","guid":{"rendered":"https:\/\/www.paranapraia.com.br\/?p=25602"},"modified":"2020-01-30T15:59:08","modified_gmt":"2020-01-30T18:59:08","slug":"brasil-tem-9-casos-suspeitos-de-coronavirus-em-6-estados","status":"publish","type":"post","link":"https:\/\/www.paranapraia.com.br\/index.php\/2020\/01\/30\/brasil-tem-9-casos-suspeitos-de-coronavirus-em-6-estados\/","title":{"rendered":"Brasil tem 9 casos suspeitos de coronav\u00edrus em 6 estados"},"content":{"rendered":"\n<h4 class=\"wp-block-heading\">Desde 18 de janeiro, pa\u00eds descartou 4 casos. Pa\u00eds recebeu 33 notifica\u00e7\u00f5es do 2019-nCoV, e j\u00e1 excluiu 20.<\/h4>\n\n\n\n<p>O Brasil tem nove casos suspeitos de coronav\u00edrus em seis estados. As informa\u00e7\u00f5es foram divulgadas nesta quarta-feira (29) em coletiva de imprensa do\u00a0Minist\u00e9rio da Sa\u00fade, em Bras\u00edlia. Os dados s\u00e3o referentes ao per\u00edodo de 18 a 29 de janeiro.<\/p>\n\n\n\n<h2 class=\"wp-block-heading\">Coronav\u00edrus no Brasil:<\/h2>\n\n\n\n<ul class=\"wp-block-list\"><li>9 casos suspeitos<\/li><li>33 notifica\u00e7\u00f5es<\/li><li>0 caso prov\u00e1vel e 0 confirmado<\/li><li>4 descartados \u2013 chegaram a ser uma suspeita, mas a investiga\u00e7\u00e3o descartou o v\u00edrus<\/li><li>20 exclu\u00eddos &#8211; n\u00e3o apresentaram os requisitos para serem enquadrados como suspeita<\/li><\/ul>\n\n\n\n<p>Os casos suspeitos foram registrados em Minas Gerais, Rio de Janeiro,\u00a0Santa Catarina,\u00a0S\u00e3o Paulo, Paran\u00e1 e Cear\u00e1. Todos os pacientes est\u00e3o passando por testes gen\u00f4micos para uma poss\u00edvel confirma\u00e7\u00e3o do v\u00edrus 2019-nCoV. Por enquanto, os exames ser\u00e3o centralizados na Funda\u00e7\u00e3o Oswaldo Cruz (Fiocruz), no Rio de Janeiro.<\/p>\n\n\n\n<blockquote class=\"wp-block-quote is-layout-flow wp-block-quote-is-layout-flow\"><p>&#8220;Nenhum de n\u00f3s tem possibilidade de dizer com que velocidade esse poss\u00edvel surto ir\u00e1 se desenvolver no pa\u00eds. No momento atual, faremos uma campanha de recomenda\u00e7\u00f5es do mesmo modo que fazemos no caso do influenza&#8221;, disse Jo\u00e3o Gabbardo dos Reis, secret\u00e1rio-executivo do Minist\u00e9rio da Sa\u00fade.<\/p><\/blockquote>\n\n\n\n<p>Reis tamb\u00e9m informou que n\u00e3o h\u00e1 previs\u00e3o de interfer\u00eancia no carnaval devido ao v\u00edrus. Por enquanto, n\u00e3o haver\u00e1 bloqueio de passageiros da China nos aeroportos &#8211; cerca 250 pessoas desembarcam por dia. H\u00e1 recomenda\u00e7\u00e3o do governo chin\u00eas para que os moradores n\u00e3o saiam de l\u00e1.<\/p>\n\n\n\n<h2 class=\"wp-block-heading\">Taxa de mortalidade<\/h2>\n\n\n\n<p>O diretor-executivo do programa de emerg\u00eancias da Organiza\u00e7\u00e3o Mundial da Sa\u00fade (OMS), Michael Ryan, disse que\u00a02% dos casos do novo coronav\u00edrus confirmados at\u00e9 agora\u00a0resultaram em morte.<\/p>\n\n\n\n<p>Segundo a OMS, o \u00f3rg\u00e3o vai realizar uma nova reuni\u00e3o do seu comit\u00ea na quinta-feira (30) para analisar se ser\u00e1 declarado situa\u00e7\u00e3o de emerg\u00eancia global para o novo coronav\u00edrus.<\/p>\n\n\n\n<blockquote class=\"wp-block-quote is-layout-flow wp-block-quote-is-layout-flow\"><p>&#8220;O mundo inteiro precisa estar alerta, precisa agir e estar pronto para qualquer caso que apare\u00e7a&#8221;, disse Michael Ryan.<\/p><\/blockquote>\n\n\n\n<p>O diretor elogiou os esfor\u00e7os da China para conter o surto e disse que ainda h\u00e1 oportunidade de parar o v\u00edrus. &#8220;Temos que basear nossas a\u00e7\u00f5es em evid\u00eancias imperfeitas para criar uma estrat\u00e9gia de bloqueio da doen\u00e7a com um impacto m\u00ednimo na sociedade e economia&#8221;, disse o diretor.<\/p>\n\n\n\n<h2 class=\"wp-block-heading\">Maior contamina\u00e7\u00e3o, menor letalidade<\/h2>\n\n\n\n<p>Apesar das medidas de preven\u00e7\u00e3o e isolamento decretadas pelo governo chin\u00eas, os casos confirmados de coronav\u00edrus no pa\u00eds j\u00e1 superam os da epidemia da Sars, ocorrida h\u00e1 quase 20 anos.<\/p>\n\n\n\n<p>Nesta quarta-feira, as autoridades de sa\u00fade anunciaram que o coronav\u00edrus causou a morte de 132 pessoas, com 6.065 casos confirmados no mundo. A China registra 98% das infec\u00e7\u00f5es.<\/p>\n\n\n\n<p>A cifra j\u00e1 supera o n\u00famero de infec\u00e7\u00f5es da epidemia de S\u00edndrome Respirat\u00f3ria Aguda Grave (Sars) de 2002 e 2003, outro coronav\u00edrus que contaminou 5.327 pessoas no pa\u00eds. A Sars deixou 774 mortos no mundo, 349 deles na China continental.<\/p>\n\n\n\n<p>Apesar do alto \u00edndice de transmiss\u00e3o, o novo coronav\u00edrus apresentou at\u00e9 o momento menor mortalidade que o Sars. De acordo com a Organiza\u00e7\u00e3o Mundial da Sa\u00fade (OMS), a epidemia de 2003 matou 10% dos infectados enquanto que as mortes do novo coronav\u00edrus s\u00e3o 2% dos afetados.<\/p>\n\n\n\n<p>G1PR<br><\/p>\n\n\n\n<p><br><\/p>\n","protected":false},"excerpt":{"rendered":"<p>Desde 18 de janeiro, pa\u00eds descartou 4 casos. Pa\u00eds recebeu 33 notifica\u00e7\u00f5es do 2019-nCoV, e j\u00e1 excluiu 20. O Brasil tem nove casos suspeitos de coronav\u00edrus em seis estados. As informa\u00e7\u00f5es foram divulgadas nesta quarta-feira (29) em coletiva de imprensa do\u00a0Minist\u00e9rio da Sa\u00fade, em Bras\u00edlia. Os dados s\u00e3o referentes ao per\u00edodo de 18 a 29 [&hellip;]<\/p>\n","protected":false},"author":2,"featured_media":25603,"comment_status":"open","ping_status":"open","sticky":false,"template":"","format":"standard","meta":{"advanced_seo_description":"","jetpack_seo_html_title":"","jetpack_seo_noindex":false,"_jetpack_memberships_contains_paid_content":false,"footnotes":""},"categories":[40],"tags":[],"class_list":{"0":"post-25602","1":"post","2":"type-post","3":"status-publish","4":"format-standard","5":"has-post-thumbnail","7":"category-destaques"},"jetpack_featured_media_url":"https:\/\/www.paranapraia.com.br\/wp-content\/uploads\/2020\/01\/000-1oa6tt.jpg","jetpack_sharing_enabled":true,"_links":{"self":[{"href":"https:\/\/www.paranapraia.com.br\/index.php\/wp-json\/wp\/v2\/posts\/25602"}],"collection":[{"href":"https:\/\/www.paranapraia.com.br\/index.php\/wp-json\/wp\/v2\/posts"}],"about":[{"href":"https:\/\/www.paranapraia.com.br\/index.php\/wp-json\/wp\/v2\/types\/post"}],"author":[{"embeddable":true,"href":"https:\/\/www.paranapraia.com.br\/index.php\/wp-json\/wp\/v2\/users\/2"}],"replies":[{"embeddable":true,"href":"https:\/\/www.paranapraia.com.br\/index.php\/wp-json\/wp\/v2\/comments?post=25602"}],"version-history":[{"count":1,"href":"https:\/\/www.paranapraia.com.br\/index.php\/wp-json\/wp\/v2\/posts\/25602\/revisions"}],"predecessor-version":[{"id":25604,"href":"https:\/\/www.paranapraia.com.br\/index.php\/wp-json\/wp\/v2\/posts\/25602\/revisions\/25604"}],"wp:featuredmedia":[{"embeddable":true,"href":"https:\/\/www.paranapraia.com.br\/index.php\/wp-json\/wp\/v2\/media\/25603"}],"wp:attachment":[{"href":"https:\/\/www.paranapraia.com.br\/index.php\/wp-json\/wp\/v2\/media?parent=25602"}],"wp:term":[{"taxonomy":"category","embeddable":true,"href":"https:\/\/www.paranapraia.com.br\/index.php\/wp-json\/wp\/v2\/categories?post=25602"},{"taxonomy":"post_tag","embeddable":true,"href":"https:\/\/www.paranapraia.com.br\/index.php\/wp-json\/wp\/v2\/tags?post=25602"}],"curies":[{"name":"wp","href":"https:\/\/api.w.org\/{rel}","templated":true}]}}