{"id":25597,"date":"2020-01-30T15:56:55","date_gmt":"2020-01-30T18:56:55","guid":{"rendered":"https:\/\/www.paranapraia.com.br\/?p=25597"},"modified":"2020-01-30T15:56:59","modified_gmt":"2020-01-30T18:56:59","slug":"com-petroleo-no-quintal-familia-e-obrigada-a-abandonar-a-pecuaria-e-se-apega-a-possibilidade-de-ficar-rica","status":"publish","type":"post","link":"https:\/\/www.paranapraia.com.br\/index.php\/2020\/01\/30\/com-petroleo-no-quintal-familia-e-obrigada-a-abandonar-a-pecuaria-e-se-apega-a-possibilidade-de-ficar-rica\/","title":{"rendered":"Com petr\u00f3leo no quintal, fam\u00edlia \u00e9 obrigada a abandonar a pecu\u00e1ria e se apega \u00e0 possibilidade de ficar rica"},"content":{"rendered":"\n<h4 class=\"wp-block-heading\">Fam\u00edlia descobriu petr\u00f3leo em propriedade do interior do Paran\u00e1 em 2012 e desde ent\u00e3o espera resposta da ANP; \u00f3leo inviabilizou produ\u00e7\u00e3o de leite, que era fonte de renda.<\/h4>\n\n\n\n<p>H\u00e1 oito anos a fam\u00edlia Maciel espera por uma resposta. Ela aguarda o retorno da Ag\u00eancia Nacional de Petr\u00f3leo (ANP) sobre a explora\u00e7\u00e3o das terras do Ervino Maciel, em Itapejara D&#8217;Oeste, no sudoeste do Paran\u00e1, onde foi encontrado petr\u00f3leo.<\/p>\n\n\n\n<p>A descoberta ocorreu em 2012, ap\u00f3s uma an\u00e1lise da Minera\u00e7\u00e3o do Paran\u00e1 (Mineropar). O estudo concluiu que o solo da propriedade de Ervino possui, a mil metros de profundidade,\u00a0rochas semelhantes \u00e0s encontradas em \u00e1reas petrol\u00edferas.<\/p>\n\n\n\n<p>Procurada a ANP disse que, n\u00e3o h\u00e1, no momento, \u00e1rea licitada ou previs\u00e3o de licitar regi\u00e3o que abranja Itapejara D&#8217;Oeste para produ\u00e7\u00e3o de petr\u00f3leo.<\/p>\n\n\n\n<p>A ag\u00eancia explicou que, pela legisla\u00e7\u00e3o brasileira, quando uma \u00e1rea com o recurso natural \u00e9 licitada, explorada e as operadoras produzem petr\u00f3leo ou g\u00e1s natural em uma propriedade particular, a empresa paga ao dono das terras uma participa\u00e7\u00e3o sobre o que foi produzido. Contudo, os recursos s\u00e3o do governo federal.<em>&nbsp;(Entenda mais ao final da reportagem).<\/em><\/p>\n\n\n\n<h2 class=\"wp-block-heading\">Preju\u00edzos<\/h2>\n\n\n\n<p>Mesmo com o passar dos anos, a fam\u00edlia revelou que tem esperan\u00e7a de, um dia, ter o retorno positivo da ag\u00eancia, segundo a neta Patr\u00edcia Aparecida Misturini.<\/p>\n\n\n\n<p>&#8220;Quando o pessoal da ANP veio no s\u00edtio, eles disseram que essas coisas demoram mesmo. Sinto que 2020 ser\u00e1 o ano! Tomara que esse 2020 venha para resolver todos os problemas.&#8221;<\/p>\n\n\n\n<p>Apesar das expectativas positivas, a fam\u00edlia disse que j\u00e1 pagou caro pelo petr\u00f3leo no solo do s\u00edtio. Eles foram obrigados a abandonar a pecu\u00e1ria.<\/p>\n\n\n\n<p>Conforme a neta de Ervino, os exames que descobriram o petr\u00f3leo s\u00f3 foram feitos ap\u00f3s algumas vacas da propriedade morrerem.<\/p>\n\n\n\n<p>Patr\u00edcia explicou que, por causa do petr\u00f3leo no solo, as \u00e1guas do s\u00edtio ficaram contaminadas e mataram os animais.<\/p>\n\n\n\n<p>Al\u00e9m de a fam\u00edlia ter que se desfazer do gado de leite, os av\u00f3s dela tamb\u00e9m ficaram sem \u00e1gua pot\u00e1vel.<\/p>\n\n\n\n<p>Com a \u00e1gua contaminada, um vizinho de Maciel cedeu a \u00e1gua de um po\u00e7o, que foi encanada, para que a fam\u00edlia pudesse ter \u00e1gua limpa novamente.<\/p>\n\n\n\n<figure class=\"wp-block-image\"><img decoding=\"async\" src=\"https:\/\/s2.glbimg.com\/kG8xKfo00Cc2gWdnRHTyJNmWnTI=\/0x0:622x1003\/984x0\/smart\/filters:strip_icc()\/i.s3.glbimg.com\/v1\/AUTH_59edd422c0c84a879bd37670ae4f538a\/internal_photos\/bs\/2020\/o\/0\/YdDnNYRDup1Jnq4LqriQ\/petroleo-4-.jpeg\" alt=\"Com solo contaminado, Ervino Maciel precisou encanar \u00e1gua do vizinho \u2014 Foto: Patr\u00edcia Aparecida Misturini\/Divulga\u00e7\u00e3o\"\/><\/figure>\n\n\n\n<p>Com solo contaminado, Ervino Maciel precisou encanar \u00e1gua do vizinho \u2014 Foto: Patr\u00edcia Aparecida Misturini\/Divulga\u00e7\u00e3o<\/p>\n\n\n\n<p>\u201cO s\u00edtio \u00e9 rico em \u00e1gua, onde voc\u00ea cava encontra \u00e1gua, mas n\u00e3o d\u00e1 mais para usar. O v\u00f4 tem que coletar \u00e1gua da chuva para lavar as coisas. Ele tem c\u00e2ncer de pele, acho at\u00e9 que \u00e9 por causa da \u00e1gua contaminada, com que ele tomou tanto banho&#8221;, disse a neta.<\/p>\n\n\n\n<p>De acordo com Patr\u00edcia, quando a av\u00f3 dela era viva, em 2018, precisou trabalhar na cidade. Sem as vacas de leite, ela viu a necessidade de procurar emprego como diarista, fora do s\u00edtio.<\/p>\n\n\n\n<p>As frutas e as hortali\u00e7as produzidas no s\u00edtio, conforme a neta, tamb\u00e9m n\u00e3o puderam ser mais consumidas.<\/p>\n\n\n\n<h2 class=\"wp-block-heading\">Esperan\u00e7a<\/h2>\n\n\n\n<p>Diante de v\u00e1rias mudan\u00e7as para reorganizar a vida depois da descoberta do petr\u00f3leo, Patr\u00edcia contou que n\u00e3o pode perder a esperan\u00e7a de enriquecer com o produto.<\/p>\n\n\n\n<p>Segundo ela, o av\u00f4 disse que daria um pouco do dinheiro para cada filho, que ajudaria todo mundo da fam\u00edlia.<\/p>\n\n\n\n<blockquote class=\"wp-block-quote is-layout-flow wp-block-quote-is-layout-flow\"><p>&#8220;J\u00e1 pensou que beleza? Se Deus quiser vamos ficar ricos!&#8221;, disse Patr\u00edcia.<\/p><\/blockquote>\n\n\n\n<figure class=\"wp-block-image\"><img decoding=\"async\" src=\"https:\/\/s2.glbimg.com\/JEu2Rc65D0LDnLKeOwKKervzce8=\/0x0:622x898\/984x0\/smart\/filters:strip_icc()\/i.s3.glbimg.com\/v1\/AUTH_59edd422c0c84a879bd37670ae4f538a\/internal_photos\/bs\/2020\/4\/d\/MlEASpQIWu33zXqxBSqA\/petroleo-1-.jpeg\" alt=\"Seu Maciel espera um retorno sobre a explora\u00e7\u00e3o das terras dele desde 2012 \u2014 Foto: Patr\u00edcia Aparecida Misturini\/Arquivo pessoal\"\/><\/figure>\n\n\n\n<p>Seu Maciel espera um retorno sobre a explora\u00e7\u00e3o das terras dele desde 2012 \u2014 Foto: Patr\u00edcia Aparecida Misturini\/Arquivo pessoal<\/p>\n\n\n\n<p>De acordo com a neta de Maciel, ap\u00f3s a descoberta ela fez um curso sobre a explora\u00e7\u00e3o do petr\u00f3leo e ficou impressionada com a riqueza que pode ser gerada com ele.<\/p>\n\n\n\n<p>&#8220;Eu acredito que, se eles vierem explorar as terras, Itapejara vai crescer muito. Geraria muito emprego na cidade. Al\u00e9m disso, uma parte desse dinheiro fica para o munic\u00edpio, que pode investir em sa\u00fade e educa\u00e7\u00e3o.&#8221;<\/p>\n\n\n\n<h2 class=\"wp-block-heading\">O que diz a lei<\/h2>\n\n\n\n<p>O subsolo de todo territ\u00f3rio brasileiro \u00e9 da Uni\u00e3o, concluiu a ANP. Ou seja, quando um brasileiro encontra petr\u00f3leo ou g\u00e1s natural, os recursos s\u00e3o do governo federal.<\/p>\n\n\n\n<p>Nesses casos, ainda conforme a ANP, o valor da participa\u00e7\u00e3o a ser distribu\u00edda entre os propriet\u00e1rios de terra \u00e9 apurado a cada m\u00eas, multiplicando-se o percentual, entre 0,5% e 1%, sobre a receita bruta de produ\u00e7\u00e3o em cada po\u00e7o que est\u00e1 nas terras do propriet\u00e1rio.<\/p>\n\n\n\n<h2 class=\"wp-block-heading\">Petr\u00f3leo no Paran\u00e1<\/h2>\n\n\n\n<p>De acordo com a ANP, existem dois blocos de explora\u00e7\u00e3o de petr\u00f3leo no Paran\u00e1, e ambos est\u00e3o com as atividades suspensas. Portanto, at\u00e9 30 janeiro de 2020, n\u00e3o existia produ\u00e7\u00e3o de petr\u00f3leo no estado.<\/p>\n\n\n\n<p>Segundo a ag\u00eancia, o \u00faltimo ano que houve esse tipo de\u00a0produ\u00e7\u00e3o no Paran\u00e1 foi em 2008.<\/p>\n\n\n\n<figure class=\"wp-block-image\"><img decoding=\"async\" src=\"https:\/\/s2.glbimg.com\/EXx1MV93uE7nscS8yN3Bh458sPU=\/0x0:662x380\/984x0\/smart\/filters:strip_icc()\/i.s3.glbimg.com\/v1\/AUTH_59edd422c0c84a879bd37670ae4f538a\/internal_photos\/bs\/2020\/B\/0\/MMX2w5SiG42gKFycZtnA\/petroleo-no-pr.png\" alt=\"No Paran\u00e1, existem apenas dois blocos de explora\u00e7\u00e3o e est\u00e3o com as atividades suspensas. Em amarelo, est\u00e1 identificado a cidade de Itapejara D'Oeste, onde a fam\u00edlia Maciel encontrou petr\u00f3leo, mas n\u00e3o h\u00e1 explora\u00e7\u00e3o no local. \u2014 Foto: ANP\/Divulga\u00e7\u00e3o\"\/><\/figure>\n\n\n\n<p>No Paran\u00e1, existem apenas dois blocos de explora\u00e7\u00e3o e est\u00e3o com as atividades suspensas. Em amarelo, est\u00e1 identificado a cidade de Itapejara D&#8217;Oeste, onde a fam\u00edlia Maciel encontrou petr\u00f3leo, mas n\u00e3o h\u00e1 explora\u00e7\u00e3o no local. \u2014 Foto: ANP\/Divulga\u00e7\u00e3o<\/p>\n\n\n\n<h2 class=\"wp-block-heading\">Processo para produ\u00e7\u00e3o do petr\u00f3leo<\/h2>\n\n\n\n<ul class=\"wp-block-list\"><li>ANP realiza as rodadas de licita\u00e7\u00e3o para explora\u00e7\u00e3o de petr\u00f3leo e g\u00e1s<\/li><li>Caso as empresas interessadas arrematem a licita\u00e7\u00e3o, elas poder\u00e3o realizar estudos em busca de petr\u00f3leo e g\u00e1s natural<\/li><li>Ap\u00f3s o bloco ser arrematado, e o contrato ser assinado, a empresa pode explorar a \u00e1rea (pesquisa e perfura\u00e7\u00e3o de po\u00e7os) para buscar reservat\u00f3rios de petr\u00f3leo e\/ou g\u00e1s natural<\/li><li>Se n\u00e3o encontrar o reservat\u00f3rio, a empresa pode devolver a \u00e1rea \u00e0 ANP<\/li><li>Se encontrar o reservat\u00f3rio de petr\u00f3leo ou g\u00e1s natural, a empresa declara que a \u00e1rea \u00e9 comercial<\/li><li>A partir dessa etapa, a operadora deve apresentar um plano de desenvolvimento \u00e0 ANP<\/li><li>Ap\u00f3s aprovado o plano, a \u00e1rea delimitada pela empresa torna-se um campo de produ\u00e7\u00e3o<\/li><li>S\u00f3 assim, a \u00e1rea passa para a fase de desenvolvimento da produ\u00e7\u00e3o<\/li><li>Por \u00faltimo, come\u00e7a a fase de produ\u00e7\u00e3o, em que, de fato, as operadoras produzem petr\u00f3leo.<\/li><\/ul>\n\n\n\n<h2 class=\"wp-block-heading\">Descoberta<\/h2>\n\n\n\n<p>No s\u00edtio de menos de 10 hectares, o petr\u00f3leo s\u00f3 foi descoberto ap\u00f3s um mist\u00e9rio nas \u00e1guas que cortam a propriedade da fam\u00edlia Maciel.<\/p>\n\n\n\n<p>A desconfian\u00e7a surgiu quando as vacas do s\u00edtio come\u00e7aram a morrer. Segundo Patr\u00edcia, a terra e a \u00e1gua do lugar sempre tiveram a colora\u00e7\u00e3o diferente.<\/p>\n\n\n\n<figure class=\"wp-block-image\"><img decoding=\"async\" src=\"https:\/\/s2.glbimg.com\/GVbpHXA3rZPmcixHROmk9e9a-Cc=\/0x0:622x933\/984x0\/smart\/filters:strip_icc()\/i.s3.glbimg.com\/v1\/AUTH_59edd422c0c84a879bd37670ae4f538a\/internal_photos\/bs\/2020\/f\/t\/ncuKbsQMmCfPsXR9FDcQ\/petroleo-7-.jpeg\" alt=\"Fam\u00edlia sempre desconfiou que as terras do s\u00edtio eram diferentes, em Itapejara D'Oeste \u2014 Foto: Patr\u00edcia Aparecida Misturini\/Arquivo pessoal\"\/><\/figure>\n\n\n\n<p>Fam\u00edlia sempre desconfiou que as terras do s\u00edtio eram diferentes, em Itapejara D&#8217;Oeste \u2014 Foto: Patr\u00edcia Aparecida Misturini\/Arquivo pessoal<\/p>\n\n\n\n<p>\u201cForam feitos v\u00e1rios exames, mas os veterin\u00e1rios n\u00e3o descobriam o que as vacas tinham. At\u00e9 que um deles disse: &#8216;s\u00f3 pode ser a \u00e1gua&#8217;. Dito e feito. Mandamos a \u00e1gua para um laborat\u00f3rio, e o resultado apontou que tava contaminada.\u201d<\/p>\n\n\n\n<p>Al\u00e9m disso, em alguns pontos da propriedade, o barro preto forma pedras azuladas. Conforme a fam\u00edlia, em outros lugares do s\u00edtio, a textura da terra muda e fica mais grudenta, com apar\u00eancia escura.<\/p>\n\n\n\n<p>Foi diante desses fatos que a fam\u00edlia buscou um laborat\u00f3rio para analisar o solo do s\u00edtio. Era preciso acabar com o mist\u00e9rio e entender o que tinha de diferente nas terras de seu Maciel.<\/p>\n\n\n\n<p>Feito os testes, segundo a neta, o resultado deu positivo. E melhor, informou que o petr\u00f3leo encontrado era de boa qualidade.<\/p>\n\n\n\n<blockquote class=\"wp-block-quote is-layout-flow wp-block-quote-is-layout-flow\"><p>\u201cN\u00e3o dava para acreditar! Imagina s\u00f3, petr\u00f3leo justo em Itapejara D\u2019Oeste?\u201d, relembrou.<\/p><\/blockquote>\n\n\n\n<figure class=\"wp-block-image\"><img decoding=\"async\" src=\"https:\/\/s2.glbimg.com\/xdZsDz4wtmhKLT-WvkjQ6Gv9e7Y=\/0x0:960x1280\/984x0\/smart\/filters:strip_icc()\/i.s3.glbimg.com\/v1\/AUTH_59edd422c0c84a879bd37670ae4f538a\/internal_photos\/bs\/2020\/5\/z\/6ehwCDQLGMAxNWaBzNTQ\/petroleo-2-.jpeg\" alt=\"Na superf\u00edcie do solo, a fam\u00edlia disse que \u00e9 poss\u00edvel perceber \u00e1gua com \u00f3leo \u2014 Foto: Patr\u00edcia Aparecida Misturini\/Arquivo pessoal\"\/><\/figure>\n\n\n\n<p>Na superf\u00edcie do solo, a fam\u00edlia disse que \u00e9 poss\u00edvel perceber \u00e1gua com \u00f3leo \u2014 Foto: Patr\u00edcia Aparecida Misturini\/Arquivo pessoal<\/p>\n\n\n\n<p>G1PR<br><\/p>\n\n\n\n<p><br><\/p>\n","protected":false},"excerpt":{"rendered":"<p>Fam\u00edlia descobriu petr\u00f3leo em propriedade do interior do Paran\u00e1 em 2012 e desde ent\u00e3o espera resposta da ANP; \u00f3leo inviabilizou produ\u00e7\u00e3o de leite, que era fonte de renda. H\u00e1 oito anos a fam\u00edlia Maciel espera por uma resposta. Ela aguarda o retorno da Ag\u00eancia Nacional de Petr\u00f3leo (ANP) sobre a explora\u00e7\u00e3o das terras do Ervino [&hellip;]<\/p>\n","protected":false},"author":2,"featured_media":25600,"comment_status":"open","ping_status":"open","sticky":false,"template":"","format":"standard","meta":{"advanced_seo_description":"","jetpack_seo_html_title":"","jetpack_seo_noindex":false,"_jetpack_memberships_contains_paid_content":false,"footnotes":""},"categories":[40],"tags":[],"class_list":{"0":"post-25597","1":"post","2":"type-post","3":"status-publish","4":"format-standard","5":"has-post-thumbnail","7":"category-destaques"},"jetpack_featured_media_url":"https:\/\/www.paranapraia.com.br\/wp-content\/uploads\/2020\/01\/petroleo-6-.jpg","jetpack_sharing_enabled":true,"_links":{"self":[{"href":"https:\/\/www.paranapraia.com.br\/index.php\/wp-json\/wp\/v2\/posts\/25597"}],"collection":[{"href":"https:\/\/www.paranapraia.com.br\/index.php\/wp-json\/wp\/v2\/posts"}],"about":[{"href":"https:\/\/www.paranapraia.com.br\/index.php\/wp-json\/wp\/v2\/types\/post"}],"author":[{"embeddable":true,"href":"https:\/\/www.paranapraia.com.br\/index.php\/wp-json\/wp\/v2\/users\/2"}],"replies":[{"embeddable":true,"href":"https:\/\/www.paranapraia.com.br\/index.php\/wp-json\/wp\/v2\/comments?post=25597"}],"version-history":[{"count":1,"href":"https:\/\/www.paranapraia.com.br\/index.php\/wp-json\/wp\/v2\/posts\/25597\/revisions"}],"predecessor-version":[{"id":25601,"href":"https:\/\/www.paranapraia.com.br\/index.php\/wp-json\/wp\/v2\/posts\/25597\/revisions\/25601"}],"wp:featuredmedia":[{"embeddable":true,"href":"https:\/\/www.paranapraia.com.br\/index.php\/wp-json\/wp\/v2\/media\/25600"}],"wp:attachment":[{"href":"https:\/\/www.paranapraia.com.br\/index.php\/wp-json\/wp\/v2\/media?parent=25597"}],"wp:term":[{"taxonomy":"category","embeddable":true,"href":"https:\/\/www.paranapraia.com.br\/index.php\/wp-json\/wp\/v2\/categories?post=25597"},{"taxonomy":"post_tag","embeddable":true,"href":"https:\/\/www.paranapraia.com.br\/index.php\/wp-json\/wp\/v2\/tags?post=25597"}],"curies":[{"name":"wp","href":"https:\/\/api.w.org\/{rel}","templated":true}]}}