{"id":25591,"date":"2020-01-29T17:11:10","date_gmt":"2020-01-29T20:11:10","guid":{"rendered":"https:\/\/www.paranapraia.com.br\/?p=25591"},"modified":"2020-01-29T17:11:12","modified_gmt":"2020-01-29T20:11:12","slug":"segunda-ponte-que-liga-brasil-e-paraguai-tera-transito-liberado-para-todo-tipo-de-veiculo-diz-codefoz","status":"publish","type":"post","link":"https:\/\/www.paranapraia.com.br\/index.php\/2020\/01\/29\/segunda-ponte-que-liga-brasil-e-paraguai-tera-transito-liberado-para-todo-tipo-de-veiculo-diz-codefoz\/","title":{"rendered":"Segunda ponte que liga Brasil e Paraguai ter\u00e1 tr\u00e2nsito liberado para todo tipo de ve\u00edculo, diz Codefoz"},"content":{"rendered":"\n<h4 class=\"wp-block-heading\">Segundo o conselho, o projeto da obra previa apenas o tr\u00e1fego de caminh\u00f5es na nova ponte. Mudan\u00e7a foi divulgada nesta quarta-feira (29).<\/h4>\n\n\n\n<p>A Ponte da Integra\u00e7\u00e3o Brasil-Paraguai, que vai ligar Foz do Igua\u00e7u, no oeste do Paran\u00e1, e Presidente Franco, teve o projeto alterado e, por isso, ter\u00e1 o tr\u00e2nsito liberado para todos os tipos de ve\u00edculos.<\/p>\n\n\n\n<p>A mudan\u00e7a no projeto, que previa a passagem na ponte apenas para caminh\u00f5es, foi divulgada nesta quarta-feira (29), segundo o Conselho de Desenvolvimento Econ\u00f4mico e Social de Foz do Igua\u00e7u (Codefoz).\u00a0A obra come\u00e7ou a ser constru\u00edda em agosto de 2019.<\/p>\n\n\n\n<p>De acordo com o presidente do conselho, M\u00e1rio Camargo, a mudan\u00e7a ocorreu ap\u00f3s a avalia\u00e7\u00e3o de que a circula\u00e7\u00e3o de caminh\u00f5es, entre o Brasil e o Paraguai, era de apenas 6%.<\/p>\n\n\n\n<p>A decis\u00e3o foi tomada em conjunto pela Receita Federal, Pol\u00edcia Federal (PF) e Pol\u00edcia Rodovi\u00e1ria Federal (PRF), conforme o Codefoz.<\/p>\n\n\n\n<h2 class=\"wp-block-heading\">Mudan\u00e7as<\/h2>\n\n\n\n<p>De acordo com o conselho ainda, com a libera\u00e7\u00e3o do acesso para todos os ve\u00edculos, o projeto da nova Aduana tamb\u00e9m ter\u00e1 que ser modificado.<\/p>\n\n\n\n<p>A Aduana precisar\u00e1 contar com controle migrat\u00f3rio e de fiscaliza\u00e7\u00e3o de bagagens, o que n\u00e3o estava previsto anteriormente.<\/p>\n\n\n\n<p>De acordo com o Codefoz, com a Ponte da Integra\u00e7\u00e3o pronta, o tr\u00e1fego de caminh\u00f5es ser\u00e1 proibido na Ponte da Amizade, que ficar\u00e1 exclusiva para ve\u00edculos leves e \u00f4nibus.<\/p>\n\n\n\n<figure class=\"wp-block-image\"><img decoding=\"async\" src=\"https:\/\/s2.glbimg.com\/4ne9wwpnv79zQveSmo8ZRD63jEY=\/0x0:1280x853\/984x0\/smart\/filters:strip_icc()\/i.s3.glbimg.com\/v1\/AUTH_59edd422c0c84a879bd37670ae4f538a\/internal_photos\/bs\/2018\/J\/q\/CAHsHERgKbkbYBlklkOA\/whatsapp-image-2018-03-23-at-20.31.45.jpeg\" alt=\"Ap\u00f3s a libera\u00e7\u00e3o da nova ponte, a Ponte Internacional da Amizade receber\u00e1 apenas o tr\u00e1fego de ve\u00edculos leves e \u00f4nibus \u2014 Foto: Alexandre Marchetti\/Itaipu Binacional\"\/><\/figure>\n\n\n\n<p>Ap\u00f3s a libera\u00e7\u00e3o da nova ponte, a Ponte Internacional da Amizade receber\u00e1 apenas o tr\u00e1fego de ve\u00edculos leves e \u00f4nibus \u2014 Foto: Alexandre Marchetti\/Itaipu Binacional<\/p>\n\n\n\n<h2 class=\"wp-block-heading\">Nova ponte<\/h2>\n\n\n\n<p>A Ponte Internacional da Integra\u00e7\u00e3o, como foi batizada, ser\u00e1 paga com recursos da Itaipu Binacional e gerenciada pelo Governo do Paran\u00e1.<\/p>\n\n\n\n<p>Segundo o projeto da obra,\u00a0o investimento para a constru\u00e7\u00e3o da nova ponte ser\u00e1 R$ 323 milh\u00f5es e a previs\u00e3o \u00e9 de ela fique pronta at\u00e9 agosto de 2022.<\/p>\n\n\n\n<p>A ponte de acesso entre os dois pa\u00edses ser\u00e1 do tipo estaiada e ter\u00e1 760 metros de comprimento, de acordo com a Itaipu.<\/p>\n\n\n\n<h2 class=\"wp-block-heading\">Perimetral Leste<\/h2>\n\n\n\n<p>Com a altera\u00e7\u00e3o no projeto divulgada nesta quarta-feira, o tr\u00e2nsito da Perimetral Leste, que ser\u00e1 constru\u00edda para conectar a Ponte da Integra\u00e7\u00e3o \u00e0 BR-277, tamb\u00e9m ser\u00e1 para todos os ve\u00edculos.<\/p>\n\n\n\n<p>Segundo a Itaipu Binacional, que pagar\u00e1 pelas obra, a perimetral tamb\u00e9m seria apenas para caminh\u00f5es.<\/p>\n\n\n\n<p>Conforme a Itaipu Binacional, o valor investido na Perimetral Leste ser\u00e1 de R$ 140 milh\u00f5es.<\/p>\n\n\n\n<figure class=\"wp-block-image\"><img decoding=\"async\" src=\"https:\/\/s2.glbimg.com\/NY4YPrBHRyqk83Bgv0iRJ_8XotA=\/0x0:1280x853\/984x0\/smart\/filters:strip_icc()\/i.s3.glbimg.com\/v1\/AUTH_59edd422c0c84a879bd37670ae4f538a\/internal_photos\/bs\/2020\/W\/T\/LQ4U2gRsWnjnxAsANkTA\/obras.jpeg\" alt=\"Segundo o Codefoz, a obra deve ficar pronta em 2022 \u2014 Foto: Diretoria de Coordena\u00e7\u00e3o da Itaipu Binacional\/Divulga\u00e7\u00e3o\"\/><\/figure>\n\n\n\n<p>Segundo o Codefoz, a obra deve ficar pronta em 2022 \u2014 Foto: Diretoria de Coordena\u00e7\u00e3o da Itaipu Binacional\/Divulga\u00e7\u00e3o<\/p>\n\n\n\n<p>G1PR<br><\/p>\n\n\n\n<p><br><\/p>\n","protected":false},"excerpt":{"rendered":"<p>Segundo o conselho, o projeto da obra previa apenas o tr\u00e1fego de caminh\u00f5es na nova ponte. Mudan\u00e7a foi divulgada nesta quarta-feira (29). A Ponte da Integra\u00e7\u00e3o Brasil-Paraguai, que vai ligar Foz do Igua\u00e7u, no oeste do Paran\u00e1, e Presidente Franco, teve o projeto alterado e, por isso, ter\u00e1 o tr\u00e2nsito liberado para todos os tipos [&hellip;]<\/p>\n","protected":false},"author":2,"featured_media":25594,"comment_status":"open","ping_status":"open","sticky":false,"template":"","format":"standard","meta":{"advanced_seo_description":"","jetpack_seo_html_title":"","jetpack_seo_noindex":false,"_jetpack_memberships_contains_paid_content":false,"footnotes":""},"categories":[40],"tags":[],"class_list":{"0":"post-25591","1":"post","2":"type-post","3":"status-publish","4":"format-standard","5":"has-post-thumbnail","7":"category-destaques"},"jetpack_featured_media_url":"https:\/\/www.paranapraia.com.br\/wp-content\/uploads\/2020\/01\/ponte-integracao.jpeg","jetpack_sharing_enabled":true,"_links":{"self":[{"href":"https:\/\/www.paranapraia.com.br\/index.php\/wp-json\/wp\/v2\/posts\/25591"}],"collection":[{"href":"https:\/\/www.paranapraia.com.br\/index.php\/wp-json\/wp\/v2\/posts"}],"about":[{"href":"https:\/\/www.paranapraia.com.br\/index.php\/wp-json\/wp\/v2\/types\/post"}],"author":[{"embeddable":true,"href":"https:\/\/www.paranapraia.com.br\/index.php\/wp-json\/wp\/v2\/users\/2"}],"replies":[{"embeddable":true,"href":"https:\/\/www.paranapraia.com.br\/index.php\/wp-json\/wp\/v2\/comments?post=25591"}],"version-history":[{"count":1,"href":"https:\/\/www.paranapraia.com.br\/index.php\/wp-json\/wp\/v2\/posts\/25591\/revisions"}],"predecessor-version":[{"id":25595,"href":"https:\/\/www.paranapraia.com.br\/index.php\/wp-json\/wp\/v2\/posts\/25591\/revisions\/25595"}],"wp:featuredmedia":[{"embeddable":true,"href":"https:\/\/www.paranapraia.com.br\/index.php\/wp-json\/wp\/v2\/media\/25594"}],"wp:attachment":[{"href":"https:\/\/www.paranapraia.com.br\/index.php\/wp-json\/wp\/v2\/media?parent=25591"}],"wp:term":[{"taxonomy":"category","embeddable":true,"href":"https:\/\/www.paranapraia.com.br\/index.php\/wp-json\/wp\/v2\/categories?post=25591"},{"taxonomy":"post_tag","embeddable":true,"href":"https:\/\/www.paranapraia.com.br\/index.php\/wp-json\/wp\/v2\/tags?post=25591"}],"curies":[{"name":"wp","href":"https:\/\/api.w.org\/{rel}","templated":true}]}}