{"id":25588,"date":"2020-01-29T16:55:45","date_gmt":"2020-01-29T19:55:45","guid":{"rendered":"https:\/\/www.paranapraia.com.br\/?p=25588"},"modified":"2020-01-29T16:55:47","modified_gmt":"2020-01-29T19:55:47","slug":"emocional-responde-por-mais-da-metade-das-doencas-do-corpo","status":"publish","type":"post","link":"https:\/\/www.paranapraia.com.br\/index.php\/2020\/01\/29\/emocional-responde-por-mais-da-metade-das-doencas-do-corpo\/","title":{"rendered":"Emocional responde por mais da metade das doen\u00e7as do corpo"},"content":{"rendered":"\n<p><em>A afirma\u00e7\u00e3o \u00e9 do m\u00e9dico, escritor, congressista e membro da Associa\u00e7\u00e3o M\u00e9dica Esp\u00edrita Brasileira (AME-Brasil), Carlos Durgante, que fala sobre a influ\u00eancia da espiritualidade na condi\u00e7\u00e3o f\u00edsica das pessoas. Autor de sete livros sobre espiritualidade, ci\u00eancia e sa\u00fade, ele afirma que nossas c\u00e9lulas assumem as emo\u00e7\u00f5es que transmitimos a elas, condicionando o estado de sa\u00fade ou de doen\u00e7a aos \u00f3rg\u00e3o a que est\u00e3o vinculadas.<\/em><\/p>\n\n\n\n<p><strong>Revista Servioeste:&nbsp;<\/strong><em>A ci\u00eancia j\u00e1 consegue explicar que o desequil\u00edbrio dos nossos padr\u00f5es emocionais \u00e9 o principal causador das doen\u00e7as que conhecemos?<\/em><\/p>\n\n\n\n<p><strong>Dr. Carlos Durgante:&nbsp;<\/strong>Sim e h\u00e1 muito tempo. Em 1939, a American Psychosomatic Society inaugurou a era da Medicina Psicossom\u00e1tica que \u00e9 uma ci\u00eancia que integra diversas especialidades da medicina e psicologia para estudar os efeitos de fatores sociais e psicol\u00f3gicos sobre o corpo. Aos poucos, a psique humana (a contraparte da dimens\u00e3o f\u00edsica) come\u00e7ou a ocupar um espa\u00e7o decisivo no entendimento do bin\u00f4mio sa\u00fade-doen\u00e7a, passando a ver o ser humano de uma forma mais integral. Pesquisas da psicofarmacologista norte-americana, Candace Pert, no final da d\u00e9cada de 1990 e do m\u00e9dico norte-americano, Bruce Lipton, refor\u00e7am a tese de que os pensamentos gerados pelos sentimentos s\u00e3o for\u00e7as que podem adoecer o corpo e agravar doen\u00e7as, e que existe uma biologia dos sentimentos que se processa pela a\u00e7\u00e3o de mol\u00e9culas que circulam pelo corpo humano, as chamadas mol\u00e9culas da emo\u00e7\u00e3o.<\/p>\n\n\n\n<p>Podemos afirmar que a doen\u00e7a \u00e9 causada n\u00e3o apenas por germes, subst\u00e2ncias qu\u00edmicas e traumas f\u00edsicos, mas tamb\u00e9m por disfun\u00e7\u00f5es cr\u00f4nicas dos padr\u00f5es de energia emocional e pelos maus h\u00e1bitos de relacionamento da pessoa consigo mesma e com os outros. Sabemos que as nossas c\u00e9lulas est\u00e3o constantemente sendo bombardeadas por sentimentos e emo\u00e7\u00f5es que nutrimos, assim, conforme a suscetibilidade de cada pessoa, elas geram os estados de sa\u00fade ou de doen\u00e7a. Os estados emocionais felizes ou infelizes da nossa alma s\u00e3o transferidos \u00e0 estrutura mental das c\u00e9lulas no interior dos \u00f3rg\u00e3os vinculados.<\/p>\n\n\n\n<p><em><strong>RS:&nbsp;<\/strong>Como acontece biologicamente a transmiss\u00e3o das informa\u00e7\u00f5es da mente para o nosso corpo?&nbsp;<\/em><\/p>\n\n\n\n<p><strong>CD:&nbsp;<\/strong>No entendimento da medicina vibracional, a mente e o corpo est\u00e3o interconectados por um eixo chamado de HHA (Hipot\u00e1lamo-Hip\u00f3fise-Adrenal). Em 1981, o cientista norte-americano, Robert Ader, criou o termo Psiconeuroimunologia para definir a \u00e1rea da ci\u00eancia que estuda as associa\u00e7\u00f5es entre os processos comportamental neural, end\u00f3crino e o sistema imune. O eixo destes processos exerce a\u00e7\u00f5es diversas sobre as c\u00e9lulas e os sistemas do corpo humano por comando mental. Essa intera\u00e7\u00e3o desempenha um papel em muitas doen\u00e7as como as infec\u00e7\u00f5es, doen\u00e7as neurol\u00f3gicas, reumatol\u00f3gicas, autoimunes, card\u00edacas e desordens psiqui\u00e1tricas, al\u00e9m de v\u00e1rios tipos de c\u00e2ncer.<\/p>\n\n\n\n<p><em><strong>RS:<\/strong>&nbsp;Essa transmiss\u00e3o de informa\u00e7\u00f5es entre a mente e as nossas c\u00e9lulas possibilita modificar as pr\u00e9-disposi\u00e7\u00f5es do DNA que herdamos?<br><\/em><\/p>\n\n\n\n<p><strong>CD:&nbsp;<\/strong>Sim. Em 1990 foi dado in\u00edcio a um dos maiores projetos de pesquisa da hist\u00f3ria, denominado de Projeto Genoma Humano, que tinha por objetivo desvendar o c\u00f3digo gen\u00e9tico humano. Pelo menos em tese, os cientistas acreditavam que definiriam e teriam em m\u00e3os todo o conhecimento das doen\u00e7as contidas nesse c\u00f3digo. Ledo engano, pois os resultados evidenciaram que o ser humano det\u00e9m aproximadamente 24 mil genes. Al\u00e9m do mais, somente 2% decodificam prote\u00ednas e 5 a 10 % s\u00e3o ativos. A frustra\u00e7\u00e3o no meio acad\u00eamico foi muito grande, pois os genes por si s\u00f3 n\u00e3o influenciam tanto assim a g\u00eanese das enfermidades humanas.<br>Novas pesquisas seguiram um outro rumo e chegou-se ao estudo da Epigen\u00e9tica que significa que h\u00e1 uma din\u00e2mica que determina a express\u00e3o dos genes, ou seja, os fatores envolvidos na ativa\u00e7\u00e3o dos genes, v\u00e3o al\u00e9m deles pr\u00f3prios, incluindo o poder da mente (sentimentos e emo\u00e7\u00f5es).<\/p>\n\n\n\n<p>Os estados mentais dos indiv\u00edduos, al\u00e9m do clima, da cultura, da alimenta\u00e7\u00e3o, dos costumes, da espiritualidade, influenciam enormemente a express\u00e3o dos genes de nosso DNA, ativando ou desativando suas fun\u00e7\u00f5es, em um mecanismo de liga-desliga. Indiscutivelmente, trazemos predisposi\u00e7\u00f5es em nosso c\u00f3digo gen\u00e9tico para essa ou aquela doen\u00e7a. Elas se manifestar\u00e3o, ou n\u00e3o, no corpo f\u00edsico muito mais devido ao padr\u00e3o dos sentimentos e emo\u00e7\u00f5es que qualquer outro fator.<\/p>\n\n\n\n<p><strong>RS:&nbsp;<\/strong><em>As universidades t\u00eam papel importante na quebra dos tabus sobre as discuss\u00f5es sobre espiritualidade e ci\u00eancia?<\/em><\/p>\n\n\n\n<p><strong>CD:&nbsp;<\/strong>T\u00eam uma imensa responsabilidade. Cada vez mais vemos as universidades incluindo disciplinas que tratam sobre a espiritualidade na sa\u00fade. H\u00e1 um grande n\u00famero de estudos que v\u00eam sendo publicados em revistas m\u00e9dicas ao longo das quatro \u00faltimas d\u00e9cadas, o que s\u00f3 refor\u00e7a essa tend\u00eancia. O cientista que coordenou o Genoma Humano, Francis Collins, muitos anos depois dos resultados do projeto, afirmou que uma das necessidades mais fortes da humanidade \u00e9 encontrar respostas para as quest\u00f5es mais profundas e temos de apanhar todo o poder de ambas as perspectivas, a cient\u00edfica e a religiosa para buscar a compreens\u00e3o tanto do que vemos, como do que n\u00e3o vemos.<\/p>\n\n\n\n<p><strong>RS:&nbsp;<\/strong><em>H\u00e1 outras pr\u00e1ticas al\u00e9m das religiosas que s\u00e3o fundamentais para o equil\u00edbrio humano?<\/em><\/p>\n\n\n\n<p><strong>CD:<\/strong>&nbsp;Sim! As rela\u00e7\u00f5es positivas com os outros, em uma escala de bem-estar psicol\u00f3gico, que significa manter relacionamentos acolhedores, seguros, \u00edntimos e satisfat\u00f3rios. O mais robusto estudo j\u00e1 realizado sobre a sa\u00fade do adulto, o Harvard Study of Adult Development, revelou em 2017, que o fator que mais influencia no n\u00edvel de sa\u00fade das pessoas n\u00e3o \u00e9 a riqueza, gen\u00e9tica, rotina, nem a alimenta\u00e7\u00e3o, e sim os amigos. Al\u00e9m da socializa\u00e7\u00e3o, outras pr\u00e1ticas integrativas como homeopatia, fitoterapia, reiki, terapia floral, acupuntura e yoga, contribuem fundamentalmente para a equil\u00edbrio humano.<\/p>\n\n\n\n<p><strong>RS:<\/strong>&nbsp;<em>Quais as doen\u00e7as mais comuns da alma?<\/em><\/p>\n\n\n\n<p><strong>CD:&nbsp;<\/strong>S\u00e3o muitas as enfermidades da alma, tanto f\u00edsicas quanto mentais, pois elas se originam dos sentimentos negativos que nutrimos como o ego\u00edsmo, o orgulho, o materialismo, a intoler\u00e2ncia, o t\u00e9dio, a falta de perd\u00e3o e de empatia, o negativismo, o pessimismo, a hostilidade, o rancor, entre outros. Esses sentimentos frequentemente d\u00e3o origem aos transtornos de ansiedade, ao transtorno depressivo maior, \u00e0s psicopatias, bem como \u00e0s depend\u00eancias qu\u00edmicas e, mais recentemente, \u00e0s digitais.<\/p>\n\n\n\n<p>Apesar dos extraordin\u00e1rios avan\u00e7os m\u00e9dico-cient\u00edficos, a medicina contempor\u00e2nea vem se deparando cada vez mais com situa\u00e7\u00f5es em que os pacientes tratados com os mais diversos medicamentos permanecem refrat\u00e1rios a eles, continuando assim sem aliviar os sintomas. Frequentemente, a causa primordial da enfermidade corporal, que \u00e9 o sofrimento ps\u00edquico, que \u00e9 o reflexo da alma doente, segue sendo relegada a uma import\u00e2ncia secund\u00e1ria.<\/p>\n\n\n\n<p><em><strong>RS:<\/strong>&nbsp;\u00c9 poss\u00edvel recuperar os danos causados pelas doen\u00e7as da alma? Por exemplo, a depress\u00e3o?<br><\/em><\/p>\n\n\n\n<p><strong>CD:&nbsp;<\/strong>Sem d\u00favida. Devemos buscar em nosso mundo \u00edntimo onde se encontram esses mananciais de auto-cura, de al\u00edvio e de conforto espiritual. Precisamos melhorar nossos padr\u00f5es vibrat\u00f3rios emocionais atrav\u00e9s de pr\u00e1ticas integrativas e complementares. Essas pr\u00e1ticas ativam regi\u00f5es ou \u00e1reas no c\u00e9rebro que est\u00e3o relacionadas ao prazer e \u00e0 satisfa\u00e7\u00e3o, liberando cargas maiores de dopamina, inicialmente no pr\u00f3prio c\u00e9rebro e, na sequ\u00eancia, no corpo todo, resultando em uma contagiante sensa\u00e7\u00e3o de bem-estar, de paz e de serenidade. Estudos t\u00eam evidenciado que pessoas mais altru\u00edstas e volunt\u00e1rias t\u00eam mais satisfa\u00e7\u00e3o na vida, menos dist\u00farbios mentais e menor mortalidade em geral.<\/p>\n\n\n\n<p>O m\u00e9dico e pesquisador norte-americano, Harold Koenig, evidenciou que emo\u00e7\u00f5es positivas podem reduzir o estresse psicol\u00f3gico, servirem como um tamp\u00e3o para a depress\u00e3o e acelerarem a recupera\u00e7\u00e3o de dist\u00farbios emocionais.<\/p>\n\n\n\n<p>Servioeste<br><\/p>\n\n\n\n<p><br><\/p>\n","protected":false},"excerpt":{"rendered":"<p>A afirma\u00e7\u00e3o \u00e9 do m\u00e9dico, escritor, congressista e membro da Associa\u00e7\u00e3o M\u00e9dica Esp\u00edrita Brasileira (AME-Brasil), Carlos Durgante, que fala sobre a influ\u00eancia da espiritualidade na condi\u00e7\u00e3o f\u00edsica das pessoas. Autor de sete livros sobre espiritualidade, ci\u00eancia e sa\u00fade, ele afirma que nossas c\u00e9lulas assumem as emo\u00e7\u00f5es que transmitimos a elas, condicionando o estado de sa\u00fade [&hellip;]<\/p>\n","protected":false},"author":2,"featured_media":25589,"comment_status":"open","ping_status":"open","sticky":false,"template":"","format":"standard","meta":{"advanced_seo_description":"","jetpack_seo_html_title":"","jetpack_seo_noindex":false,"_jetpack_memberships_contains_paid_content":false,"footnotes":""},"categories":[50],"tags":[],"class_list":{"0":"post-25588","1":"post","2":"type-post","3":"status-publish","4":"format-standard","5":"has-post-thumbnail","7":"category-saude"},"jetpack_featured_media_url":"https:\/\/www.paranapraia.com.br\/wp-content\/uploads\/2020\/01\/2652702.jpg","jetpack_sharing_enabled":true,"_links":{"self":[{"href":"https:\/\/www.paranapraia.com.br\/index.php\/wp-json\/wp\/v2\/posts\/25588"}],"collection":[{"href":"https:\/\/www.paranapraia.com.br\/index.php\/wp-json\/wp\/v2\/posts"}],"about":[{"href":"https:\/\/www.paranapraia.com.br\/index.php\/wp-json\/wp\/v2\/types\/post"}],"author":[{"embeddable":true,"href":"https:\/\/www.paranapraia.com.br\/index.php\/wp-json\/wp\/v2\/users\/2"}],"replies":[{"embeddable":true,"href":"https:\/\/www.paranapraia.com.br\/index.php\/wp-json\/wp\/v2\/comments?post=25588"}],"version-history":[{"count":1,"href":"https:\/\/www.paranapraia.com.br\/index.php\/wp-json\/wp\/v2\/posts\/25588\/revisions"}],"predecessor-version":[{"id":25590,"href":"https:\/\/www.paranapraia.com.br\/index.php\/wp-json\/wp\/v2\/posts\/25588\/revisions\/25590"}],"wp:featuredmedia":[{"embeddable":true,"href":"https:\/\/www.paranapraia.com.br\/index.php\/wp-json\/wp\/v2\/media\/25589"}],"wp:attachment":[{"href":"https:\/\/www.paranapraia.com.br\/index.php\/wp-json\/wp\/v2\/media?parent=25588"}],"wp:term":[{"taxonomy":"category","embeddable":true,"href":"https:\/\/www.paranapraia.com.br\/index.php\/wp-json\/wp\/v2\/categories?post=25588"},{"taxonomy":"post_tag","embeddable":true,"href":"https:\/\/www.paranapraia.com.br\/index.php\/wp-json\/wp\/v2\/tags?post=25588"}],"curies":[{"name":"wp","href":"https:\/\/api.w.org\/{rel}","templated":true}]}}